{"id":117830,"date":"2015-09-07T00:00:00","date_gmt":"2015-09-07T00:00:00","guid":{"rendered":"https:\/\/www.deberes.net\/tesis\/sin-categoria\/actitudes-ante-la-muerte-en-estudiantes-de-grado-de-enfermeria\/"},"modified":"2015-09-07T00:00:00","modified_gmt":"2015-09-07T00:00:00","slug":"actitudes-ante-la-muerte-en-estudiantes-de-grado-de-enfermeria","status":"publish","type":"post","link":"https:\/\/www.deberes.net\/tesis\/complutense-de-madrid\/actitudes-ante-la-muerte-en-estudiantes-de-grado-de-enfermeria\/","title":{"rendered":"Actitudes ante la muerte en estudiantes de grado de enfermeria"},"content":{"rendered":"<h2>Tesis doctoral de <strong> Sergio Gonz\u00e1lez Cervantes <\/strong><\/h2>\n<p>T\u00edtulo: actitudes ante la muerte en estudiantes de grado de enfermer\u00eda autor: sergio gonz\u00e1lez cervantes director: dr. Enrique pacheco del cerro resumen por todos es conocida la importancia y necesidad del soporte emocional al enfermo moribundo, si bien, es tanto o m\u00e1s importante la preparaci\u00f3n emocional del personal sanitario que est\u00e1 d\u00eda a d\u00eda trabajando al lado de la muerte. En este sentido, es sabido que la vivencia del proceso de morir genera un amplio abanico de actitudes y respuestas emocionales que se han de tener en cuenta en el momento de preparar al personal sanitario, siendo las m\u00e1s frecuentes la ansiedad y el miedo. teniendo presentes los argumentos anteriores, es evidente que para prestar la mejor atenci\u00f3n posible al enfermo en situaci\u00f3n de enfermedad avanzada y terminal, y a sus familiares, es necesaria una formaci\u00f3n espec\u00edfica en enfermer\u00eda, en los aspectos vinculados con la muerte, la enfermedad terminal, el duelo y los cuidados paliativos as\u00ed pues, el objetivo de la presente investigaci\u00f3n es aportar nuevos datos que ayuden a mejorar notablemente la formaci\u00f3n referente a la preparaci\u00f3n emocional en los profesionales de enfermer\u00eda. Para ello, nuestro objetivo consistir\u00e1 en analizar actitudes y aspectos socioculturales hacia la muerte, que pueden traducirse en una atenci\u00f3n inadecuada. metodol\u00f3gicamente, el estudio se ajusta a un dise\u00f1o descriptivo, transversal y multic\u00e9ntrico, cuya poblaci\u00f3n diana est\u00e1 formada por estudiantes de los cuatro cursos de grado de enfermer\u00eda de la escuela universitaria de enfermer\u00eda de cruz roja espa\u00f1ola. Comunidad de Madrid, universidad aut\u00f3noma de Madrid (euecrem) y estudiantes de enfermer\u00eda de la facultad de enfermer\u00eda, fisioterapia y podolog\u00eda de la universidad complutense de Madrid (fefp). abstract the importance and need of emotional support to the dying patient is known by all. However, the emotional readiness of health workers who are working alongside death on a daily basis is just as important or more so. In this sense, it is known that the process of dying generates a wide range of attitudes and emotional responses that should be taken into account when preparing health personnel; anxiety, fear and depression being those that are most frequent. with the above arguments, it is clear that in nursing, specific training in aspects related to death, terminal illnesses, and grieving is necessary, in order to provide the best possible care to patients in a situation of advanced and terminal illness as well as their families. therefore, the objective of this research is to provide new data to significantly help improve nurse training relative to emotional preparation. To do this, our goal is to analyze attitudes and socio-cultural aspects towards death, which may result in inadequate care. the study follows a descriptive, cross-sectional multicenter design. the target population consists of students from the nursing school of escuela universitaria de enfermeria de la cruz roja espa\u00f1ola, in Madrid, universidad aut\u00f3noma de Madrid (euecrem) and nursing students from the facultad de enfermer\u00eda, fisioterapia y podolog\u00eda, universidad complutense de Madrid (fefp).<\/p>\n<p>&nbsp;<\/p>\n<h3>Datos acad\u00e9micos de la tesis doctoral \u00ab<strong>Actitudes ante la muerte en estudiantes de grado de enfermeria<\/strong>\u00ab<\/h3>\n<ul>\n<li><strong>T\u00edtulo de la tesis:<\/strong>\u00a0 Actitudes ante la muerte en estudiantes de grado de enfermeria <\/li>\n<li><strong>Autor:<\/strong>\u00a0 Sergio Gonz\u00e1lez Cervantes <\/li>\n<li><strong>Universidad:<\/strong>\u00a0 Complutense de Madrid<\/li>\n<li><strong>Fecha de lectura de la tesis:<\/strong>\u00a0 09\/07\/2015<\/li>\n<\/ul>\n<p>&nbsp;<\/p>\n<h3>Direcci\u00f3n y tribunal<\/h3>\n<ul>\n<li><strong>Director de la tesis<\/strong>\n<ul>\n<li>Enrique Pacheco Del Cerro<\/li>\n<\/ul>\n<\/li>\n<li><strong>Tribunal<\/strong>\n<ul>\n<li>Presidente del tribunal: ana Vos arenillas <\/li>\n<li>Mar\u00eda  de los angeles Matesanz Santiago (vocal)<\/li>\n<li>Fernando Gomez mu\u00f1iz (vocal)<\/li>\n<li>alfonso Meneses monroy (vocal)<\/li>\n<\/ul>\n<\/li>\n<\/ul>\n<p>&nbsp;<\/p>\n","protected":false},"excerpt":{"rendered":"<p>Tesis doctoral de Sergio Gonz\u00e1lez Cervantes T\u00edtulo: actitudes ante la muerte en estudiantes de grado de enfermer\u00eda autor: sergio gonz\u00e1lez [&hellip;]<\/p>\n","protected":false},"author":1,"featured_media":0,"comment_status":"open","ping_status":"open","sticky":false,"template":"","format":"standard","meta":{"site-sidebar-layout":"default","site-content-layout":"","ast-site-content-layout":"","site-content-style":"default","site-sidebar-style":"default","ast-global-header-display":"","ast-banner-title-visibility":"","ast-main-header-display":"","ast-hfb-above-header-display":"","ast-hfb-below-header-display":"","ast-hfb-mobile-header-display":"","site-post-title":"","ast-breadcrumbs-content":"","ast-featured-img":"","footer-sml-layout":"","theme-transparent-header-meta":"","adv-header-id-meta":"","stick-header-meta":"","header-above-stick-meta":"","header-main-stick-meta":"","header-below-stick-meta":"","astra-migrate-meta-layouts":"default","ast-page-background-enabled":"default","ast-page-background-meta":{"desktop":{"background-color":"var(--ast-global-color-4)","background-image":"","background-repeat":"repeat","background-position":"center center","background-size":"auto","background-attachment":"scroll","background-type":"","background-media":"","overlay-type":"","overlay-color":"","overlay-gradient":""},"tablet":{"background-color":"","background-image":"","background-repeat":"repeat","background-position":"center center","background-size":"auto","background-attachment":"scroll","background-type":"","background-media":"","overlay-type":"","overlay-color":"","overlay-gradient":""},"mobile":{"background-color":"","background-image":"","background-repeat":"repeat","background-position":"center center","background-size":"auto","background-attachment":"scroll","background-type":"","background-media":"","overlay-type":"","overlay-color":"","overlay-gradient":""}},"ast-content-background-meta":{"desktop":{"background-color":"var(--ast-global-color-5)","background-image":"","background-repeat":"repeat","background-position":"center center","background-size":"auto","background-attachment":"scroll","background-type":"","background-media":"","overlay-type":"","overlay-color":"","overlay-gradient":""},"tablet":{"background-color":"var(--ast-global-color-5)","background-image":"","background-repeat":"repeat","background-position":"center center","background-size":"auto","background-attachment":"scroll","background-type":"","background-media":"","overlay-type":"","overlay-color":"","overlay-gradient":""},"mobile":{"background-color":"var(--ast-global-color-5)","background-image":"","background-repeat":"repeat","background-position":"center center","background-size":"auto","background-attachment":"scroll","background-type":"","background-media":"","overlay-type":"","overlay-color":"","overlay-gradient":""}},"footnotes":""},"categories":[986,19156],"tags":[217662,4648,188159,154847,225495,231973],"class_list":["post-117830","post","type-post","status-publish","format-standard","hentry","category-complutense-de-madrid","category-metodologia","tag-alfonso-meneses-monroy","tag-ana-vos-arenillas","tag-enrique-pacheco-del-cerro","tag-fernando-gomez-muniz","tag-maria-de-los-angeles-matesanz-santiago","tag-sergio-gonzalez-cervantes"],"_links":{"self":[{"href":"https:\/\/www.deberes.net\/tesis\/wp-json\/wp\/v2\/posts\/117830","targetHints":{"allow":["GET"]}}],"collection":[{"href":"https:\/\/www.deberes.net\/tesis\/wp-json\/wp\/v2\/posts"}],"about":[{"href":"https:\/\/www.deberes.net\/tesis\/wp-json\/wp\/v2\/types\/post"}],"author":[{"embeddable":true,"href":"https:\/\/www.deberes.net\/tesis\/wp-json\/wp\/v2\/users\/1"}],"replies":[{"embeddable":true,"href":"https:\/\/www.deberes.net\/tesis\/wp-json\/wp\/v2\/comments?post=117830"}],"version-history":[{"count":0,"href":"https:\/\/www.deberes.net\/tesis\/wp-json\/wp\/v2\/posts\/117830\/revisions"}],"wp:attachment":[{"href":"https:\/\/www.deberes.net\/tesis\/wp-json\/wp\/v2\/media?parent=117830"}],"wp:term":[{"taxonomy":"category","embeddable":true,"href":"https:\/\/www.deberes.net\/tesis\/wp-json\/wp\/v2\/categories?post=117830"},{"taxonomy":"post_tag","embeddable":true,"href":"https:\/\/www.deberes.net\/tesis\/wp-json\/wp\/v2\/tags?post=117830"}],"curies":[{"name":"wp","href":"https:\/\/api.w.org\/{rel}","templated":true}]}}