{"id":11797,"date":"2018-03-09T08:57:19","date_gmt":"2018-03-09T08:57:19","guid":{"rendered":"https:\/\/www.deberes.net\/tesis\/sin-categoria\/javier-de-winthuysen-pintor-jardinero-1874-1956\/"},"modified":"2018-03-09T08:57:19","modified_gmt":"2018-03-09T08:57:19","slug":"javier-de-winthuysen-pintor-jardinero-1874-1956","status":"publish","type":"post","link":"https:\/\/www.deberes.net\/tesis\/historia\/javier-de-winthuysen-pintor-jardinero-1874-1956\/","title":{"rendered":"\u00abjavier de winthuysen, pintor-jardinero (1874-1956)\u00bb"},"content":{"rendered":"<h2>Tesis doctoral de <strong> Cristina Aymerich Ojea <\/strong><\/h2>\n<p>El objetivo de la tesis es dar a conocer una figura del pensamiento y del arte espa\u00f1oles. Javier de winthuysen.  su aportaci\u00f3n a la cultura lo es en el ambito de la naturaleza y de percepci\u00f3n por parte del hombre enlos ambitos de la pintura y las ideas esteticas. Aportaci\u00f3n de especial interes en lo relativo al concepto del jardin y sus implicaciones pictoricas, filos\u00f3ficas, poeticas y sociales. en estrecha relaci\u00f3n con el espiritu de la llamada generacion del 98, y de manera especial con juan ramon jimenez y antonio machado.  su vida transcurre del a\u00f1o 1874 al 1956. Nace en sevilla, vive sus primeros a\u00f1os en esta ciudad, y mas tarde en paris, a donde viaja en sucesivas ocasiones en busca de la vanguardia pictorica; en Valencia, en Madrid y barcelona y algunas temporadas en la isla de ibiza.  pintor esencialmente paisajista, al hilo de sus vivencias fue desentra\u00f1ando y transmitiendonos con su pintura el paisaje de andalucia (sevilla, cordoba y granada), castilla, catalu\u00f1a y levante. Obra de sentida sensibilidad lirica, con notas de suavidad poetica y autentica sinceridad estetica. sus paisajes y jardines son fruto del intimo dialogo del pintor con la naturaleza, de su contemplacion grata y melancolica con la mirada pristina, libre de filias y fobias.  obra pictorica que es inseparable de su labor como arquitecto de jardines (jardinero mayor del reino se le ha llamado, trabajo en pro de los jardines clasicos espa\u00f1oles), y de sus escritos e ideas.<\/p>\n<p>&nbsp;<\/p>\n<h3>Datos acad\u00e9micos de la tesis doctoral \u00ab<strong>\u00abjavier de winthuysen, pintor-jardinero (1874-1956)\u00bb<\/strong>\u00ab<\/h3>\n<ul>\n<li><strong>T\u00edtulo de la tesis:<\/strong>\u00a0 \u00abjavier de winthuysen, pintor-jardinero (1874-1956)\u00bb <\/li>\n<li><strong>Autor:<\/strong>\u00a0 Cristina Aymerich Ojea <\/li>\n<li><strong>Universidad:<\/strong>\u00a0 Sevilla<\/li>\n<li><strong>Fecha de lectura de la tesis:<\/strong>\u00a0 29\/06\/2001<\/li>\n<\/ul>\n<p>&nbsp;<\/p>\n<h3>Direcci\u00f3n y tribunal<\/h3>\n<ul>\n<li><strong>Director de la tesis<\/strong>\n<ul>\n<li>Gerardo Perez Calero<\/li>\n<\/ul>\n<\/li>\n<li><strong>Tribunal<\/strong>\n<ul>\n<li>Presidente del tribunal:  Banda vargas Antonio  de la <\/li>\n<li>Mar\u00eda  del mar Lozano bartolozzi (vocal)<\/li>\n<li>Manuel Nu\u00f1ez  rodriguez (vocal)<\/li>\n<li>pilar Garcia fernandez (vocal)<\/li>\n<\/ul>\n<\/li>\n<\/ul>\n<p>&nbsp;<\/p>\n","protected":false},"excerpt":{"rendered":"<p>Tesis doctoral de Cristina Aymerich Ojea El objetivo de la tesis es dar a conocer una figura del pensamiento y [&hellip;]<\/p>\n","protected":false},"author":1,"featured_media":0,"comment_status":"open","ping_status":"open","sticky":false,"template":"","format":"standard","meta":{"site-sidebar-layout":"default","site-content-layout":"","ast-site-content-layout":"","site-content-style":"default","site-sidebar-style":"default","ast-global-header-display":"","ast-banner-title-visibility":"","ast-main-header-display":"","ast-hfb-above-header-display":"","ast-hfb-below-header-display":"","ast-hfb-mobile-header-display":"","site-post-title":"","ast-breadcrumbs-content":"","ast-featured-img":"","footer-sml-layout":"","theme-transparent-header-meta":"","adv-header-id-meta":"","stick-header-meta":"","header-above-stick-meta":"","header-main-stick-meta":"","header-below-stick-meta":"","astra-migrate-meta-layouts":"default","ast-page-background-enabled":"default","ast-page-background-meta":{"desktop":{"background-color":"var(--ast-global-color-4)","background-image":"","background-repeat":"repeat","background-position":"center center","background-size":"auto","background-attachment":"scroll","background-type":"","background-media":"","overlay-type":"","overlay-color":"","overlay-gradient":""},"tablet":{"background-color":"","background-image":"","background-repeat":"repeat","background-position":"center center","background-size":"auto","background-attachment":"scroll","background-type":"","background-media":"","overlay-type":"","overlay-color":"","overlay-gradient":""},"mobile":{"background-color":"","background-image":"","background-repeat":"repeat","background-position":"center center","background-size":"auto","background-attachment":"scroll","background-type":"","background-media":"","overlay-type":"","overlay-color":"","overlay-gradient":""}},"ast-content-background-meta":{"desktop":{"background-color":"var(--ast-global-color-5)","background-image":"","background-repeat":"repeat","background-position":"center center","background-size":"auto","background-attachment":"scroll","background-type":"","background-media":"","overlay-type":"","overlay-color":"","overlay-gradient":""},"tablet":{"background-color":"var(--ast-global-color-5)","background-image":"","background-repeat":"repeat","background-position":"center center","background-size":"auto","background-attachment":"scroll","background-type":"","background-media":"","overlay-type":"","overlay-color":"","overlay-gradient":""},"mobile":{"background-color":"var(--ast-global-color-5)","background-image":"","background-repeat":"repeat","background-position":"center center","background-size":"auto","background-attachment":"scroll","background-type":"","background-media":"","overlay-type":"","overlay-color":"","overlay-gradient":""}},"footnotes":""},"categories":[147,104,1014,222,3806,10715,1111],"tags":[5376,38689,22983,2661,19490,11319],"class_list":["post-11797","post","type-post","status-publish","format-standard","hentry","category-ciencias-de-las-artes-y-las-letras","category-historia","category-historia-del-arte","category-historias-especializadas","category-pintura","category-sevilla","category-teoria-analisis-y-critica-de-las-bellas-artes","tag-banda-vargas-antonio-de-la","tag-cristina-aymerich-ojea","tag-gerardo-perez-calero","tag-manuel-nunez-rodriguez","tag-maria-del-mar-lozano-bartolozzi","tag-pilar-garcia-fernandez"],"_links":{"self":[{"href":"https:\/\/www.deberes.net\/tesis\/wp-json\/wp\/v2\/posts\/11797","targetHints":{"allow":["GET"]}}],"collection":[{"href":"https:\/\/www.deberes.net\/tesis\/wp-json\/wp\/v2\/posts"}],"about":[{"href":"https:\/\/www.deberes.net\/tesis\/wp-json\/wp\/v2\/types\/post"}],"author":[{"embeddable":true,"href":"https:\/\/www.deberes.net\/tesis\/wp-json\/wp\/v2\/users\/1"}],"replies":[{"embeddable":true,"href":"https:\/\/www.deberes.net\/tesis\/wp-json\/wp\/v2\/comments?post=11797"}],"version-history":[{"count":0,"href":"https:\/\/www.deberes.net\/tesis\/wp-json\/wp\/v2\/posts\/11797\/revisions"}],"wp:attachment":[{"href":"https:\/\/www.deberes.net\/tesis\/wp-json\/wp\/v2\/media?parent=11797"}],"wp:term":[{"taxonomy":"category","embeddable":true,"href":"https:\/\/www.deberes.net\/tesis\/wp-json\/wp\/v2\/categories?post=11797"},{"taxonomy":"post_tag","embeddable":true,"href":"https:\/\/www.deberes.net\/tesis\/wp-json\/wp\/v2\/tags?post=11797"}],"curies":[{"name":"wp","href":"https:\/\/api.w.org\/{rel}","templated":true}]}}