{"id":117996,"date":"2015-04-09T00:00:00","date_gmt":"2015-04-09T00:00:00","guid":{"rendered":""},"modified":"2015-04-09T00:00:00","modified_gmt":"2015-04-09T00:00:00","slug":"la-formacion-inicial-y-permanente-de-los-docentes-de-ensenanza-no-universitaria-del-distrito-metropolitano-de-quito-y-su-influencia-en-los-procesos-de-ensenanza-y-aprendizaje-la-evaluacion-institucio","status":"publish","type":"post","link":"https:\/\/www.deberes.net\/tesis\/organizacion-y-direccion-de-las-instituciones-educativas\/la-formacion-inicial-y-permanente-de-los-docentes-de-ensenanza-no-universitaria-del-distrito-metropolitano-de-quito-y-su-influencia-en-los-procesos-de-ensenanza-y-aprendizaje-la-evaluacion-institucio\/","title":{"rendered":"La formaci\u00f3n inicial y permanente de los docentes de ense\u00f1anza no universitaria del distrito metropolitano de quito y su influencia en los procesos de ense\u00f1anza y aprendizaje, la evaluaci\u00f3n institucio"},"content":{"rendered":"<h2>Tesis doctoral de <strong> Angel Freddy Rodriguez Torres <\/strong><\/h2>\n<p>La educaci\u00c2\u00bfn no puede transformarse si no mejora el proceso de capacitaci\u00c2\u00bfn de los educadores. La formaci\u00c2\u00bfn inicial y permanente del profesorado es un factor fundamental para mejorar su desempe\u00c2\u00bfo profesional y garantizar, de esa manera, el aprendizaje significativo de sus estudiantes.La tesis se centra en la formaci\u00c2\u00bfn inicial y permanente del profesorado, sus modelos y estrategias m\u00c2\u00bfs adecuadas y su implicaci\u00c2\u00bfn en su desempe\u00c2\u00bfo profesional. Tambi\u00c2\u00bfn se realiza un an\u00c2\u00bflisis de la formaci\u00c2\u00bfn inicial y permanente de los profesores del distrito metropolitano de quito-ecuador, considerando la normativa legal y los programas de desarrollo profesional ogranizados por el ministerio de educaci\u00c2\u00bfn.Para ello, se ha administrado un cuestionario en 10 centros escolares seleccionados de este distrito. En la fase descriptiva y extensiva han participado 231 docentes y 754 estudiantes. Seguidamente, en la fase intensiva, se ha entrevistado a 14 docentes y autoridades y se han realizado 5 grupos de discusi\u00c2\u00bfn donde han participado 32 profesionales. Los resultados indican que la organizaci\u00c2\u00bfn y gesti\u00c2\u00bfn de la formaci\u00c2\u00bfn de los docentes de las ense\u00c2\u00bfanzas no universitarias ha mejorado de forma sensible en los \u00c2\u00bfltimos a\u00c2\u00bfos. Sin embargo, los recursos invertidos son todav\u00c2\u00bfa insuficientes y la planificaci\u00c2\u00bfn de la capacitaci\u00c2\u00bfn por parte del ministerio de educaci\u00c2\u00bfn no garantiza la igualdad de oportunidades entre los docentes para formarse en sus \u00c2\u00bfreas de trabajo. Finalmente, la tesis realiza aportaciones para mejorar la gesti\u00c2\u00bfn de la formaci\u00c2\u00bfn a nivel local y nacional.<\/p>\n<p>&nbsp;<\/p>\n<h3>Datos acad\u00e9micos de la tesis doctoral \u00ab<strong>La formaci\u00f3n inicial y permanente de los docentes de ense\u00f1anza no universitaria del distrito metropolitano de quito y su influencia en los procesos de ense\u00f1anza y aprendizaje, la evaluaci\u00f3n institucio<\/strong>\u00ab<\/h3>\n<ul>\n<li><strong>T\u00edtulo de la tesis:<\/strong>\u00a0 La formaci\u00f3n inicial y permanente de los docentes de ense\u00f1anza no universitaria del distrito metropolitano de quito y su influencia en los procesos de ense\u00f1anza y aprendizaje, la evaluaci\u00f3n institucio <\/li>\n<li><strong>Autor:<\/strong>\u00a0 Angel Freddy Rodriguez Torres <\/li>\n<li><strong>Universidad:<\/strong>\u00a0 Pa\u00eds vasco\/euskal herriko unibertsitatea<\/li>\n<li><strong>Fecha de lectura de la tesis:<\/strong>\u00a0 04\/09\/2015<\/li>\n<\/ul>\n<p>&nbsp;<\/p>\n<h3>Direcci\u00f3n y tribunal<\/h3>\n<ul>\n<li><strong>Director de la tesis<\/strong>\n<ul>\n<li>Pedro Moises Aramendi Jauregui<\/li>\n<\/ul>\n<\/li>\n<li><strong>Tribunal<\/strong>\n<ul>\n<li>Presidente del tribunal: felix Etxeberria balerdi <\/li>\n<li>miquel f. Oliver trobat (vocal)<\/li>\n<li>paulino Murillo estepa (vocal)<\/li>\n<li>Mar\u00eda na Altopiedi (vocal)<\/li>\n<\/ul>\n<\/li>\n<\/ul>\n<p>&nbsp;<\/p>\n","protected":false},"excerpt":{"rendered":"<p>Tesis doctoral de Angel Freddy Rodriguez Torres La educaci\u00c2\u00bfn no puede transformarse si no mejora el proceso de capacitaci\u00c2\u00bfn de [&hellip;]<\/p>\n","protected":false},"author":1,"featured_media":0,"comment_status":"open","ping_status":"open","sticky":false,"template":"","format":"standard","meta":{"site-sidebar-layout":"default","site-content-layout":"","ast-site-content-layout":"","site-content-style":"default","site-sidebar-style":"default","ast-global-header-display":"","ast-banner-title-visibility":"","ast-main-header-display":"","ast-hfb-above-header-display":"","ast-hfb-below-header-display":"","ast-hfb-mobile-header-display":"","site-post-title":"","ast-breadcrumbs-content":"","ast-featured-img":"","footer-sml-layout":"","theme-transparent-header-meta":"","adv-header-id-meta":"","stick-header-meta":"","header-above-stick-meta":"","header-main-stick-meta":"","header-below-stick-meta":"","astra-migrate-meta-layouts":"default","ast-page-background-enabled":"default","ast-page-background-meta":{"desktop":{"background-color":"var(--ast-global-color-4)","background-image":"","background-repeat":"repeat","background-position":"center center","background-size":"auto","background-attachment":"scroll","background-type":"","background-media":"","overlay-type":"","overlay-color":"","overlay-gradient":""},"tablet":{"background-color":"","background-image":"","background-repeat":"repeat","background-position":"center center","background-size":"auto","background-attachment":"scroll","background-type":"","background-media":"","overlay-type":"","overlay-color":"","overlay-gradient":""},"mobile":{"background-color":"","background-image":"","background-repeat":"repeat","background-position":"center center","background-size":"auto","background-attachment":"scroll","background-type":"","background-media":"","overlay-type":"","overlay-color":"","overlay-gradient":""}},"ast-content-background-meta":{"desktop":{"background-color":"var(--ast-global-color-5)","background-image":"","background-repeat":"repeat","background-position":"center center","background-size":"auto","background-attachment":"scroll","background-type":"","background-media":"","overlay-type":"","overlay-color":"","overlay-gradient":""},"tablet":{"background-color":"var(--ast-global-color-5)","background-image":"","background-repeat":"repeat","background-position":"center center","background-size":"auto","background-attachment":"scroll","background-type":"","background-media":"","overlay-type":"","overlay-color":"","overlay-gradient":""},"mobile":{"background-color":"var(--ast-global-color-5)","background-image":"","background-repeat":"repeat","background-position":"center center","background-size":"auto","background-attachment":"scroll","background-type":"","background-media":"","overlay-type":"","overlay-color":"","overlay-gradient":""}},"footnotes":""},"categories":[7611,12909],"tags":[232202,12961,169433,140987,103774,95571],"class_list":["post-117996","post","type-post","status-publish","format-standard","hentry","category-organizacion-y-direccion-de-las-instituciones-educativas","category-pais-vasco-euskal-herriko-unibertsitatea","tag-angel-freddy-rodriguez-torres","tag-felix-etxeberria-balerdi","tag-maria-na-altopiedi","tag-miquel-f-oliver-trobat","tag-paulino-murillo-estepa","tag-pedro-moises-aramendi-jauregui"],"_links":{"self":[{"href":"https:\/\/www.deberes.net\/tesis\/wp-json\/wp\/v2\/posts\/117996","targetHints":{"allow":["GET"]}}],"collection":[{"href":"https:\/\/www.deberes.net\/tesis\/wp-json\/wp\/v2\/posts"}],"about":[{"href":"https:\/\/www.deberes.net\/tesis\/wp-json\/wp\/v2\/types\/post"}],"author":[{"embeddable":true,"href":"https:\/\/www.deberes.net\/tesis\/wp-json\/wp\/v2\/users\/1"}],"replies":[{"embeddable":true,"href":"https:\/\/www.deberes.net\/tesis\/wp-json\/wp\/v2\/comments?post=117996"}],"version-history":[{"count":0,"href":"https:\/\/www.deberes.net\/tesis\/wp-json\/wp\/v2\/posts\/117996\/revisions"}],"wp:attachment":[{"href":"https:\/\/www.deberes.net\/tesis\/wp-json\/wp\/v2\/media?parent=117996"}],"wp:term":[{"taxonomy":"category","embeddable":true,"href":"https:\/\/www.deberes.net\/tesis\/wp-json\/wp\/v2\/categories?post=117996"},{"taxonomy":"post_tag","embeddable":true,"href":"https:\/\/www.deberes.net\/tesis\/wp-json\/wp\/v2\/tags?post=117996"}],"curies":[{"name":"wp","href":"https:\/\/api.w.org\/{rel}","templated":true}]}}