{"id":118007,"date":"2015-08-09T00:00:00","date_gmt":"2015-08-09T00:00:00","guid":{"rendered":"https:\/\/www.deberes.net\/tesis\/sin-categoria\/detencion-policial-y-uso-de-la-fuerza-implicaciones-juridico-criminologicas\/"},"modified":"2015-08-09T00:00:00","modified_gmt":"2015-08-09T00:00:00","slug":"detencion-policial-y-uso-de-la-fuerza-implicaciones-juridico-criminologicas","status":"publish","type":"post","link":"https:\/\/www.deberes.net\/tesis\/derecho-penal\/detencion-policial-y-uso-de-la-fuerza-implicaciones-juridico-criminologicas\/","title":{"rendered":"Detencion policial y uso de la fuerza: implicaciones juridico-criminologicas"},"content":{"rendered":"<h2>Tesis doctoral de <strong> Salvador Ruiz Ortiz <\/strong><\/h2>\n<p>En esta tesis doctoral se analizan los supuestos en los que procede la detenci\u00f3n en el ordenamiento jur\u00eddico espa\u00f1ol, as\u00ed como la pr\u00e1ctica de la misma y las figuras jur\u00eddicas con mayor incidencia en la interpretaci\u00f3n del uso de la fuerza, desde un prisma multidisciplinar, siguiendo el modelo criminol\u00f3gico. Tambi\u00e9n se recopilan los modelos te\u00f3ricos m\u00e1s relevantes, incluyendo la propuesta de un arquetipo ecl\u00e9ctico y cotej\u00e1ndolos con distintas normativas internacionales. la metodolog\u00eda utilizada posee un triple enfoque, consecuente con cada una de sus subdivisiones. En el primer cap\u00edtulo se realiza una revisi\u00f3n normativa prospectiva, desde una perspectiva cr\u00edtico-jur\u00eddica; en el segundo se atiende a criterios de naturaleza criminol\u00f3gica, dirigidos a destacar el car\u00e1cter multidisciplinar de la justificaci\u00f3n del uso de la fuerza. Por \u00faltimo, el tercer cap\u00edtulo contiene un estudio emp\u00edrico de car\u00e1cter prospectivo, mediante una encuesta dirigida a las unidades de estudio. Con todo ello se pretende ofrecer una visi\u00f3n multidisciplinar del fen\u00f3meno objeto de estudio.      la discusi\u00f3n est\u00e1 enfocada a la justificaci\u00f3n leg\u00edtima del uso de la fuerza policial, desde una perspectiva legal, \u00e9tica, moral y respetuosa con los derechos humanos, destacando el car\u00e1cter ambiental como verdadero elemento decisorio.   los resultados indican que existe un d\u00e9ficit formativo, tanto inicial como continuado. Esto repercute directamente en el desarrollo de la funci\u00f3n policial, tanto en su dimensi\u00f3n interna como en la interpretaci\u00f3n ciudadana, por lo que resulta necesaria una reestructuraci\u00f3n formativa enfocada a la excelencia t\u00e9cnica.  in this doctoral thesis the police detention is analyzed in the spanish legislation, as well as the practice of the same one and the juridical figures with major incident in the use of the force, from a multidisciplinary prism, being still the model criminological. Also there are compiled the most relevant theoretical models, including the offer of an eclectic archetype and arranging them with different international regulations. the used methodology possesses a triple approach, consistent with each of his subdivisions. In the first chapter there is realized a normative market review, from a critical-juridical perspective; in the second one attends to criteria of nature criminological, directed to emphasizing the multidisciplinary character of the justification of the use of the force. Finally, the third chapter contains an empirical study of market character, by means of a survey directed the units of study. With all this a multidisciplinary vision of the phenomenon tries to offer him object of study. the discussion is focused on the legitimate justification for the use of police force, from a legal, ethical, moral and respectful perspective with the human rights, emphasizing the environmental character as real decision-making element.  the results of analysis indicate that there exist a formative both initial and continued deficit. This reverberates directly in the development of the police function, for what there is necessary a formative restructuring focused in the technical excellence.<\/p>\n<p>&nbsp;<\/p>\n<h3>Datos acad\u00e9micos de la tesis doctoral \u00ab<strong>Detencion policial y uso de la fuerza: implicaciones juridico-criminologicas<\/strong>\u00ab<\/h3>\n<ul>\n<li><strong>T\u00edtulo de la tesis:<\/strong>\u00a0 Detencion policial y uso de la fuerza: implicaciones juridico-criminologicas <\/li>\n<li><strong>Autor:<\/strong>\u00a0 Salvador Ruiz Ortiz <\/li>\n<li><strong>Universidad:<\/strong>\u00a0 Murcia<\/li>\n<li><strong>Fecha de lectura de la tesis:<\/strong>\u00a0 08\/09\/2015<\/li>\n<\/ul>\n<p>&nbsp;<\/p>\n<h3>Direcci\u00f3n y tribunal<\/h3>\n<ul>\n<li><strong>Director de la tesis<\/strong>\n<ul>\n<li>David Morillas Fern\u00e1ndez<\/li>\n<\/ul>\n<\/li>\n<li><strong>Tribunal<\/strong>\n<ul>\n<li>Presidente del tribunal: fatima Perez ferrer <\/li>\n<li>Mar\u00eda  Jos\u00e9 Jim\u00e9nez d\u00edaz (vocal)<\/li>\n<li>  (vocal)<\/li>\n<li>  (vocal)<\/li>\n<\/ul>\n<\/li>\n<\/ul>\n<p>&nbsp;<\/p>\n","protected":false},"excerpt":{"rendered":"<p>Tesis doctoral de Salvador Ruiz Ortiz En esta tesis doctoral se analizan los supuestos en los que procede la detenci\u00f3n [&hellip;]<\/p>\n","protected":false},"author":1,"featured_media":0,"comment_status":"open","ping_status":"open","sticky":false,"template":"","format":"standard","meta":{"site-sidebar-layout":"default","site-content-layout":"","ast-site-content-layout":"","site-content-style":"default","site-sidebar-style":"default","ast-global-header-display":"","ast-banner-title-visibility":"","ast-main-header-display":"","ast-hfb-above-header-display":"","ast-hfb-below-header-display":"","ast-hfb-mobile-header-display":"","site-post-title":"","ast-breadcrumbs-content":"","ast-featured-img":"","footer-sml-layout":"","theme-transparent-header-meta":"","adv-header-id-meta":"","stick-header-meta":"","header-above-stick-meta":"","header-main-stick-meta":"","header-below-stick-meta":"","astra-migrate-meta-layouts":"default","ast-page-background-enabled":"default","ast-page-background-meta":{"desktop":{"background-color":"var(--ast-global-color-4)","background-image":"","background-repeat":"repeat","background-position":"center center","background-size":"auto","background-attachment":"scroll","background-type":"","background-media":"","overlay-type":"","overlay-color":"","overlay-gradient":""},"tablet":{"background-color":"","background-image":"","background-repeat":"repeat","background-position":"center center","background-size":"auto","background-attachment":"scroll","background-type":"","background-media":"","overlay-type":"","overlay-color":"","overlay-gradient":""},"mobile":{"background-color":"","background-image":"","background-repeat":"repeat","background-position":"center center","background-size":"auto","background-attachment":"scroll","background-type":"","background-media":"","overlay-type":"","overlay-color":"","overlay-gradient":""}},"ast-content-background-meta":{"desktop":{"background-color":"var(--ast-global-color-5)","background-image":"","background-repeat":"repeat","background-position":"center center","background-size":"auto","background-attachment":"scroll","background-type":"","background-media":"","overlay-type":"","overlay-color":"","overlay-gradient":""},"tablet":{"background-color":"var(--ast-global-color-5)","background-image":"","background-repeat":"repeat","background-position":"center center","background-size":"auto","background-attachment":"scroll","background-type":"","background-media":"","overlay-type":"","overlay-color":"","overlay-gradient":""},"mobile":{"background-color":"var(--ast-global-color-5)","background-image":"","background-repeat":"repeat","background-position":"center center","background-size":"auto","background-attachment":"scroll","background-type":"","background-media":"","overlay-type":"","overlay-color":"","overlay-gradient":""}},"footnotes":""},"categories":[30223,613,8235],"tags":[225286,156598,53152,232217],"class_list":["post-118007","post","type-post","status-publish","format-standard","hentry","category-criminalidad","category-derecho-penal","category-murcia","tag-david-morillas-fernandez","tag-fatima-perez-ferrer","tag-maria-jose-jimenez-diaz","tag-salvador-ruiz-ortiz"],"_links":{"self":[{"href":"https:\/\/www.deberes.net\/tesis\/wp-json\/wp\/v2\/posts\/118007","targetHints":{"allow":["GET"]}}],"collection":[{"href":"https:\/\/www.deberes.net\/tesis\/wp-json\/wp\/v2\/posts"}],"about":[{"href":"https:\/\/www.deberes.net\/tesis\/wp-json\/wp\/v2\/types\/post"}],"author":[{"embeddable":true,"href":"https:\/\/www.deberes.net\/tesis\/wp-json\/wp\/v2\/users\/1"}],"replies":[{"embeddable":true,"href":"https:\/\/www.deberes.net\/tesis\/wp-json\/wp\/v2\/comments?post=118007"}],"version-history":[{"count":0,"href":"https:\/\/www.deberes.net\/tesis\/wp-json\/wp\/v2\/posts\/118007\/revisions"}],"wp:attachment":[{"href":"https:\/\/www.deberes.net\/tesis\/wp-json\/wp\/v2\/media?parent=118007"}],"wp:term":[{"taxonomy":"category","embeddable":true,"href":"https:\/\/www.deberes.net\/tesis\/wp-json\/wp\/v2\/categories?post=118007"},{"taxonomy":"post_tag","embeddable":true,"href":"https:\/\/www.deberes.net\/tesis\/wp-json\/wp\/v2\/tags?post=118007"}],"curies":[{"name":"wp","href":"https:\/\/api.w.org\/{rel}","templated":true}]}}