{"id":118084,"date":"2018-03-11T10:47:55","date_gmt":"2018-03-11T10:47:55","guid":{"rendered":"https:\/\/www.deberes.net\/tesis\/sin-categoria\/espana-en-la-opera-de-roma-la-vision-estetica-de-un-paa%c2%ads-a-traves-de-la-puesta-en-escena\/"},"modified":"2018-03-11T10:47:55","modified_gmt":"2018-03-11T10:47:55","slug":"espana-en-la-opera-de-roma-la-vision-estetica-de-un-paa%c2%ads-a-traves-de-la-puesta-en-escena","status":"publish","type":"post","link":"https:\/\/www.deberes.net\/tesis\/complutense-de-madrid\/espana-en-la-opera-de-roma-la-vision-estetica-de-un-paa%c2%ads-a-traves-de-la-puesta-en-escena\/","title":{"rendered":"Espa\u00f1a en la \u00f3pera de roma, la visi\u00f3n est\u00e9tica de un pa\u00eds a trav\u00e9s de la puesta en escena."},"content":{"rendered":"<h2>Tesis doctoral de <strong> Mar\u00eda Del Carmen Casta\u00f1\u00f3n Mu\u00f1iz <\/strong><\/h2>\n<p>En el a\u00f1o 2013 consegu\u00ed una beca anual en la real academia de espa\u00f1a en roma. El teatro de la \u00f3pera de la ciudad me permiti\u00f3 realizar mi investigaci\u00f3n en su archivo y me dio la oportunidad de participar en los montajes de las producciones de la temporada en la que estaban programados cuatro t\u00edtulos que formar\u00edan parte de esta tesis. decid\u00ed centrarme en estudiar las diferentes maneras en que los escen\u00f3grafos que trabajaron para la \u00f3pera de roma describieron los ambientes espa\u00f1oles de las producciones desde su apertura en 1928, era una buena opci\u00f3n de estudio por la cantidad de t\u00edtulos representados y el \u00e9xito que tienen muchos de ellos encontr\u00e1ndose entre los m\u00e1s escenificados mundialmente. este proyecto de investigaci\u00f3n tiene como finalidad catalogar y analizar las producciones de t\u00edtulos vinculados a espa\u00f1a que se han programado en el teatro de la \u00f3pera romano entre 1928 y 2014 para encontrar respuestas relacionadas con la intenci\u00f3n de los escen\u00f3grafos de mostrarnos claramente nuestro pa\u00eds en sus proyectos, de respetar las acotaciones del libreto, o del modo en que han plasmado dichas acotaciones. este trabajo sirve tambi\u00e9n para mostrar un m\u00e9todo de an\u00e1lisis visual de los bocetos y las fotograf\u00edas ilustrando la evoluci\u00f3n del espacio esc\u00e9nico l\u00edrico romano para concretar si existen claves visuales para ambientar una \u00f3pera determinada, si hay constantes est\u00e9ticas relacionada con los estilos musicales, o si encontramos relaci\u00f3n de los escen\u00f3grafos con el momento hist\u00f3rico en el que trabajan. consideramos que esta es una tesis hist\u00f3rica y a la vez descriptiva. Se utiliza para ello un m\u00e9todo de an\u00e1lisis inductivo que parte del estudio detallado de cada una de las producciones individualizadas para conseguir unas respuestas que puedan englobar al grupo completo e incluso sirvan para responder a cuestiones mas amplias. la catalogaci\u00f3n pormenorizada de las obras aport\u00f3 al archivo del teatro nuevos datos, al mismo tiempo se fue desarrollando un sistema de an\u00e1lisis que se ha ido perfeccionando durante el ejercicio del mismo hasta conseguir utilizar un modelo estable con partes bien definidas, ameno y de f\u00e1cil comprensi\u00f3n. observando las obras en conjunto, concluimos estas apreciaciones evidenciando una tendencia paritaria en cuanto al inter\u00e9s por las acotaciones espaciales que vinculan a las obras con espa\u00f1a. los t\u00edtulos veristas son los m\u00e1s fieles al esp\u00edritu espa\u00f1ol de las obras. El t\u00edtulo que m\u00e1s claramente da la espalda a las acotaciones es el fidelio de beethoven. podemos considerar que hay algunos t\u00edtulos que presentan caracter\u00edsticas, digamos, previsibles. Es el caso del lenguaje barroco vien\u00e9s que encontramos en las producciones de mozart, de las prisiones en colores apagados y distribuci\u00f3n similar de los fidelios, o de las \u00f3peras veristas en las que siempre resulta m\u00e1s f\u00e1cil representar las escenas de modo pict\u00f3rico. los escen\u00f3grafos que mas a menudo prescinden de las acotaciones son los artistas pl\u00e1sticos a los que se les encarga puntualmente realizar un decorado. Estos creadores son fieles a su manera de trabajar y a su estilo propio. desde que existe la figura del director de escena es \u00e9ste, generalmente, el que propone al escen\u00f3grafo las acotaciones, tal vez esta sea la raz\u00f3n por la que la mayor\u00eda de producciones que se desvinculan est\u00e9ticamente del libreto original corresponden a los \u00faltimos a\u00f1os. en general hemos analizado escenograf\u00edas bastante cl\u00e1sicas. Es verdad que cont\u00e1bamos con pocos t\u00edtulos en los que la visi\u00f3n est\u00e9tica se corresponda con el pulso creativo que se desarrolla en otros \u00e1mbitos art\u00edsticos, como la danza o en el teatro, solamente podemos excluir las escenograf\u00edas de artistas pl\u00e1sticos ajenos al teatro. Una de las razones puede ser el p\u00fablico, conservador, tambi\u00e9n influye la relaci\u00f3n en el tiempo del p\u00fablico con la obra, no es lo mismo escenificar una \u00f3pera conocida, de repertorio que una desconocida o contempor\u00e1nea.<\/p>\n<p>&nbsp;<\/p>\n<h3>Datos acad\u00e9micos de la tesis doctoral \u00ab<strong>Espa\u00f1a en la \u00f3pera de roma, la visi\u00f3n est\u00e9tica de un pa\u00eds a trav\u00e9s de la puesta en escena.<\/strong>\u00ab<\/h3>\n<ul>\n<li><strong>T\u00edtulo de la tesis:<\/strong>\u00a0 Espa\u00f1a en la \u00f3pera de roma, la visi\u00f3n est\u00e9tica de un pa\u00eds a trav\u00e9s de la puesta en escena. <\/li>\n<li><strong>Autor:<\/strong>\u00a0 Mar\u00eda Del Carmen Casta\u00f1\u00f3n Mu\u00f1iz <\/li>\n<li><strong>Universidad:<\/strong>\u00a0 Complutense de Madrid<\/li>\n<li><strong>Fecha de lectura de la tesis:<\/strong>\u00a0 23\/09\/2015<\/li>\n<\/ul>\n<p>&nbsp;<\/p>\n<h3>Direcci\u00f3n y tribunal<\/h3>\n<ul>\n<li><strong>Director de la tesis<\/strong>\n<ul>\n<li>Miguel Ruiz Massip<\/li>\n<\/ul>\n<\/li>\n<li><strong>Tribunal<\/strong>\n<ul>\n<li>Presidente del tribunal: agust\u00edn Mart\u00edn franc\u00e9s <\/li>\n<li>tom\u00e1s Mu\u00f1oz asensio (vocal)<\/li>\n<li>sara Blancas alvarez (vocal)<\/li>\n<li>Mar\u00eda Jos\u00e9 Garc\u00eda del moral (vocal)<\/li>\n<\/ul>\n<\/li>\n<\/ul>\n<p>&nbsp;<\/p>\n","protected":false},"excerpt":{"rendered":"<p>Tesis doctoral de Mar\u00eda Del Carmen Casta\u00f1\u00f3n Mu\u00f1iz En el a\u00f1o 2013 consegu\u00ed una beca anual en la real academia [&hellip;]<\/p>\n","protected":false},"author":1,"featured_media":0,"comment_status":"open","ping_status":"open","sticky":false,"template":"","format":"standard","meta":{"site-sidebar-layout":"default","site-content-layout":"","ast-site-content-layout":"","site-content-style":"default","site-sidebar-style":"default","ast-global-header-display":"","ast-banner-title-visibility":"","ast-main-header-display":"","ast-hfb-above-header-display":"","ast-hfb-below-header-display":"","ast-hfb-mobile-header-display":"","site-post-title":"","ast-breadcrumbs-content":"","ast-featured-img":"","footer-sml-layout":"","theme-transparent-header-meta":"","adv-header-id-meta":"","stick-header-meta":"","header-above-stick-meta":"","header-main-stick-meta":"","header-below-stick-meta":"","astra-migrate-meta-layouts":"default","ast-page-background-enabled":"default","ast-page-background-meta":{"desktop":{"background-color":"var(--ast-global-color-4)","background-image":"","background-repeat":"repeat","background-position":"center center","background-size":"auto","background-attachment":"scroll","background-type":"","background-media":"","overlay-type":"","overlay-color":"","overlay-gradient":""},"tablet":{"background-color":"","background-image":"","background-repeat":"repeat","background-position":"center center","background-size":"auto","background-attachment":"scroll","background-type":"","background-media":"","overlay-type":"","overlay-color":"","overlay-gradient":""},"mobile":{"background-color":"","background-image":"","background-repeat":"repeat","background-position":"center center","background-size":"auto","background-attachment":"scroll","background-type":"","background-media":"","overlay-type":"","overlay-color":"","overlay-gradient":""}},"ast-content-background-meta":{"desktop":{"background-color":"var(--ast-global-color-5)","background-image":"","background-repeat":"repeat","background-position":"center center","background-size":"auto","background-attachment":"scroll","background-type":"","background-media":"","overlay-type":"","overlay-color":"","overlay-gradient":""},"tablet":{"background-color":"var(--ast-global-color-5)","background-image":"","background-repeat":"repeat","background-position":"center center","background-size":"auto","background-attachment":"scroll","background-type":"","background-media":"","overlay-type":"","overlay-color":"","overlay-gradient":""},"mobile":{"background-color":"var(--ast-global-color-5)","background-image":"","background-repeat":"repeat","background-position":"center center","background-size":"auto","background-attachment":"scroll","background-type":"","background-media":"","overlay-type":"","overlay-color":"","overlay-gradient":""}},"footnotes":""},"categories":[986,1110],"tags":[79396,232322,191814,6696,48809,229769],"class_list":["post-118084","post","type-post","status-publish","format-standard","hentry","category-complutense-de-madrid","category-teatro","tag-agustin-martin-frances","tag-maria-del-carmen-castanon-muniz","tag-maria-jose-garcia-del-moral","tag-miguel-ruiz-massip","tag-sara-blancas-alvarez","tag-tomas-munoz-asensio"],"_links":{"self":[{"href":"https:\/\/www.deberes.net\/tesis\/wp-json\/wp\/v2\/posts\/118084","targetHints":{"allow":["GET"]}}],"collection":[{"href":"https:\/\/www.deberes.net\/tesis\/wp-json\/wp\/v2\/posts"}],"about":[{"href":"https:\/\/www.deberes.net\/tesis\/wp-json\/wp\/v2\/types\/post"}],"author":[{"embeddable":true,"href":"https:\/\/www.deberes.net\/tesis\/wp-json\/wp\/v2\/users\/1"}],"replies":[{"embeddable":true,"href":"https:\/\/www.deberes.net\/tesis\/wp-json\/wp\/v2\/comments?post=118084"}],"version-history":[{"count":0,"href":"https:\/\/www.deberes.net\/tesis\/wp-json\/wp\/v2\/posts\/118084\/revisions"}],"wp:attachment":[{"href":"https:\/\/www.deberes.net\/tesis\/wp-json\/wp\/v2\/media?parent=118084"}],"wp:term":[{"taxonomy":"category","embeddable":true,"href":"https:\/\/www.deberes.net\/tesis\/wp-json\/wp\/v2\/categories?post=118084"},{"taxonomy":"post_tag","embeddable":true,"href":"https:\/\/www.deberes.net\/tesis\/wp-json\/wp\/v2\/tags?post=118084"}],"curies":[{"name":"wp","href":"https:\/\/api.w.org\/{rel}","templated":true}]}}