{"id":118140,"date":"2015-02-10T00:00:00","date_gmt":"2015-02-10T00:00:00","guid":{"rendered":"https:\/\/www.deberes.net\/tesis\/sin-categoria\/imagen-fotografica-y-representacion\/"},"modified":"2015-02-10T00:00:00","modified_gmt":"2015-02-10T00:00:00","slug":"imagen-fotografica-y-representacion","status":"publish","type":"post","link":"https:\/\/www.deberes.net\/tesis\/complutense-de-madrid\/imagen-fotografica-y-representacion\/","title":{"rendered":"Imagen fotogr\u00e1fica y representaci\u00f3n"},"content":{"rendered":"<h2>Tesis doctoral de <strong> Armando Lopez Mu\u00f1oz <\/strong><\/h2>\n<p>La intenci\u00f3n con la que me he acercado al tema de la fotograf\u00eda es reflexionar sobre la irrupci\u00f3n y proliferaci\u00f3n de la invenci\u00f3n fotogr\u00e1fica, y las nuevas formas de representar, concebir, conceptualizar e identificarse, que conlleva; as\u00ed como la alteraci\u00f3n de algunos discursos y su repercusi\u00f3n en nuestras estrategias cognitivas, comunicativas, pol\u00edticas y sociales. para el desarrollo del presente trabajo utilic\u00e9 principalmente obras escritas por fi\u00f3sofos, sociologos, historiadores y fot\u00f3grafos, como por ejemplo los trabajos de batchen, dubois, fontcuberta tagg, belting, sontag, benjamin, bourdieu, freund, krauss o soulages, sin dejar de lado los textos de barthes y flusser que tiene un evidente car\u00e1cter seminal. a lo largo de la tesis se hablar\u00e1 de c\u00f3mo la fotograf\u00eda ha transformado la manera en la que el hombre se relaciona, define al mundo y a \u00e9l mismo, como individuo y grupo, constituyendo una identidad y un modelo que pretende ser correlato emanado del mundo que describe y comenta la imagen fotogr\u00e1fica misma. aunque en durante el siglo xix se entend\u00eda la imagen fotogr\u00e1fica como una imagen veraz por sus propias caracer\u00edsticas formales y su obligado realismo tecnol\u00f3gico, la necesidad de estabilizar los criterios de la fotograf\u00eda cient\u00edfica -dictando normas que produjeran un estilo adecuado para las im\u00e1genes y los contenidos que ser\u00edan objeto de an\u00e1lisis- deja claro que el realismo racional, o tecnol\u00f3gico, de la fotograf\u00eda es una estrategia ret\u00f3rica al igual que el pictorialismo, la fotograf\u00eda moderna, o cualquier otro estilo art\u00edstico de la fotograf\u00eda. a pesar de que el realismo fotogr\u00e1fico se fundamente en una conveci\u00f3n social, no hemos dejado de considerar la imagen fotogr\u00e1fica como fiel, objetiva o neutral; pero el verdadero problema, no es considerar la fotograf\u00eda como una representaci\u00f3n real del mundo, sino convertirla en el par\u00e1metro de realidad, consider\u00e1ndola m\u00e1s real que la experiencia directa y d\u00e1ndole la autoridad para aniquilar el valor de la experiencia subjetiva si en alg\u00fan momento la contradice: ya sea que se est\u00e9 hablando de mi propia experiencia emocional o de una revoluci\u00f3n civil. desde la segunda mitad del siglo xix, la fotograf\u00eda se dej\u00f3 de entender como un m\u00e9todo de representaci\u00f3n y se pens\u00f3 como un m\u00e9todo de percepci\u00f3n, pero el uso que se le dio a la fotograf\u00eda no se qued\u00f3 en ser un bast\u00f3n visual; eso tan solo ha posibilitado que en la cotidianidad contempor\u00e1nea el acto de fotografiar sea un acto de memorizar. En el \u00e1mbito de la \u00f3ptica no tenemos probleas con el uso de gafas, lentes, microscopios o telescopios; la dificultad parece presentarse en cuanto la imagen que resulta de un dispositivo \u00f3ptico queda fijada. Las caracter\u00edsticas fotogr\u00e1ficas entran en crisis a partir de que generan una imagen visual que podr\u00eda ser de una forma o de otra. Estas caracter\u00edsticas se derivan del tipo de gestaci\u00f3n de la imagen fotogr\u00e1fica, y en menos grado del aparato que otorga lo registable: \u00f3ptica, obturaci\u00f3n, diafragma, iluminaci\u00f3n, etc. No dudamos de la fotograf\u00eda como pr\u00f3tesis visual, dudamos de la foto como pr\u00f3tesis de la memoria; qu\u00e9 esto es lo que incomoda queda demostrado con que la fotograf\u00eda trabaja a gran velocidad por desarrollar mayor sensibilidad, mejor contraste, gama, nitidez, color m\u00e1s real, o inclusive haciendo un soporte capaz de simular la 3d; y a un ritmo muchos mas lento, trabaja por conseguir una mejor \u00f3ptica. el aparato fotogr\u00e1fico funciona como una m\u00e1quina de percibir memorias, de representar memorias, y sobre todo, de seleccionar memorias. Una m\u00e1quina que construye nuestra identidad, y en \u00fatimo t\u00e9rmino una m\u00e1uina que la destruye. Parecer\u00eda que utilizando nuestra memoria como referente tratamos de organizar las fotos, como si trat\u00e1ramos de reconstruir un rompecabezas en el tiempo y en el espacio; pero simult\u00e1neamente, las fotografias tambi\u00e9n van haciendo que nuestras impresiones vayan cambiando -entonces reorganizamos nuestra memoria a partir de las im\u00e1genes fotogr\u00e1ficas. El mundo que v<\/p>\n<p>&nbsp;<\/p>\n<h3>Datos acad\u00e9micos de la tesis doctoral \u00ab<strong>Imagen fotogr\u00e1fica y representaci\u00f3n<\/strong>\u00ab<\/h3>\n<ul>\n<li><strong>T\u00edtulo de la tesis:<\/strong>\u00a0 Imagen fotogr\u00e1fica y representaci\u00f3n <\/li>\n<li><strong>Autor:<\/strong>\u00a0 Armando Lopez Mu\u00f1oz <\/li>\n<li><strong>Universidad:<\/strong>\u00a0 Complutense de Madrid<\/li>\n<li><strong>Fecha de lectura de la tesis:<\/strong>\u00a0 02\/10\/2015<\/li>\n<\/ul>\n<p>&nbsp;<\/p>\n<h3>Direcci\u00f3n y tribunal<\/h3>\n<ul>\n<li><strong>Director de la tesis<\/strong>\n<ul>\n<li>Ana Mar\u00eda Leyra Soriano<\/li>\n<\/ul>\n<\/li>\n<li><strong>Tribunal<\/strong>\n<ul>\n<li>Presidente del tribunal: gemma Mu\u00f1oz-alonso lopez <\/li>\n<li>constanza Nieto yusta (vocal)<\/li>\n<li>Mar\u00eda fernanda Santiago bola\u00f1os (vocal)<\/li>\n<li>joan Manuel Mar\u00edn torres (vocal)<\/li>\n<\/ul>\n<\/li>\n<\/ul>\n<p>&nbsp;<\/p>\n","protected":false},"excerpt":{"rendered":"<p>Tesis doctoral de Armando Lopez Mu\u00f1oz La intenci\u00f3n con la que me he acercado al tema de la fotograf\u00eda es [&hellip;]<\/p>\n","protected":false},"author":1,"featured_media":0,"comment_status":"open","ping_status":"open","sticky":false,"template":"","format":"standard","meta":{"site-sidebar-layout":"default","site-content-layout":"","ast-site-content-layout":"","site-content-style":"default","site-sidebar-style":"default","ast-global-header-display":"","ast-banner-title-visibility":"","ast-main-header-display":"","ast-hfb-above-header-display":"","ast-hfb-below-header-display":"","ast-hfb-mobile-header-display":"","site-post-title":"","ast-breadcrumbs-content":"","ast-featured-img":"","footer-sml-layout":"","theme-transparent-header-meta":"","adv-header-id-meta":"","stick-header-meta":"","header-above-stick-meta":"","header-main-stick-meta":"","header-below-stick-meta":"","astra-migrate-meta-layouts":"default","ast-page-background-enabled":"default","ast-page-background-meta":{"desktop":{"background-color":"var(--ast-global-color-4)","background-image":"","background-repeat":"repeat","background-position":"center center","background-size":"auto","background-attachment":"scroll","background-type":"","background-media":"","overlay-type":"","overlay-color":"","overlay-gradient":""},"tablet":{"background-color":"","background-image":"","background-repeat":"repeat","background-position":"center center","background-size":"auto","background-attachment":"scroll","background-type":"","background-media":"","overlay-type":"","overlay-color":"","overlay-gradient":""},"mobile":{"background-color":"","background-image":"","background-repeat":"repeat","background-position":"center center","background-size":"auto","background-attachment":"scroll","background-type":"","background-media":"","overlay-type":"","overlay-color":"","overlay-gradient":""}},"ast-content-background-meta":{"desktop":{"background-color":"var(--ast-global-color-5)","background-image":"","background-repeat":"repeat","background-position":"center center","background-size":"auto","background-attachment":"scroll","background-type":"","background-media":"","overlay-type":"","overlay-color":"","overlay-gradient":""},"tablet":{"background-color":"var(--ast-global-color-5)","background-image":"","background-repeat":"repeat","background-position":"center center","background-size":"auto","background-attachment":"scroll","background-type":"","background-media":"","overlay-type":"","overlay-color":"","overlay-gradient":""},"mobile":{"background-color":"var(--ast-global-color-5)","background-image":"","background-repeat":"repeat","background-position":"center center","background-size":"auto","background-attachment":"scroll","background-type":"","background-media":"","overlay-type":"","overlay-color":"","overlay-gradient":""}},"footnotes":""},"categories":[986,10452,17906],"tags":[23338,232397,227996,232398,227192,232399],"class_list":["post-118140","post","type-post","status-publish","format-standard","hentry","category-complutense-de-madrid","category-estetica","category-hermeneutica","tag-ana-maria-leyra-soriano","tag-armando-lopez-munoz","tag-constanza-nieto-yusta","tag-gemma-munoz-alonso-lopez","tag-joan-manuel-marin-torres","tag-maria-fernanda-santiago-bolanos"],"_links":{"self":[{"href":"https:\/\/www.deberes.net\/tesis\/wp-json\/wp\/v2\/posts\/118140","targetHints":{"allow":["GET"]}}],"collection":[{"href":"https:\/\/www.deberes.net\/tesis\/wp-json\/wp\/v2\/posts"}],"about":[{"href":"https:\/\/www.deberes.net\/tesis\/wp-json\/wp\/v2\/types\/post"}],"author":[{"embeddable":true,"href":"https:\/\/www.deberes.net\/tesis\/wp-json\/wp\/v2\/users\/1"}],"replies":[{"embeddable":true,"href":"https:\/\/www.deberes.net\/tesis\/wp-json\/wp\/v2\/comments?post=118140"}],"version-history":[{"count":0,"href":"https:\/\/www.deberes.net\/tesis\/wp-json\/wp\/v2\/posts\/118140\/revisions"}],"wp:attachment":[{"href":"https:\/\/www.deberes.net\/tesis\/wp-json\/wp\/v2\/media?parent=118140"}],"wp:term":[{"taxonomy":"category","embeddable":true,"href":"https:\/\/www.deberes.net\/tesis\/wp-json\/wp\/v2\/categories?post=118140"},{"taxonomy":"post_tag","embeddable":true,"href":"https:\/\/www.deberes.net\/tesis\/wp-json\/wp\/v2\/tags?post=118140"}],"curies":[{"name":"wp","href":"https:\/\/api.w.org\/{rel}","templated":true}]}}