{"id":118176,"date":"2018-03-11T10:48:01","date_gmt":"2018-03-11T10:48:01","guid":{"rendered":"https:\/\/www.deberes.net\/tesis\/sin-categoria\/las-relaciones-intergubernamentales-en-la-descentralizacion-de-ecuador\/"},"modified":"2018-03-11T10:48:01","modified_gmt":"2018-03-11T10:48:01","slug":"las-relaciones-intergubernamentales-en-la-descentralizacion-de-ecuador","status":"publish","type":"post","link":"https:\/\/www.deberes.net\/tesis\/administracion-publica\/las-relaciones-intergubernamentales-en-la-descentralizacion-de-ecuador\/","title":{"rendered":"Las relaciones intergubernamentales en la descentralizaci\u00f3n de ecuador."},"content":{"rendered":"<h2>Tesis doctoral de <strong> Ana Isabel Molina Morte <\/strong><\/h2>\n<p>La llegada a la presidencia de ecuador de rafael correa en el a\u00f1o 2006 supuso un cambio en la gobernabilidad del pa\u00eds y una modificaci\u00f3n de las fuerzas pol\u00edticas. El presidente correa irrumpe con un discurso anti-neoliberal, con un proyecto pol\u00edtico de \u00c2\u00abrevoluci\u00f3n ciudadana\u00c2\u00bb y de regeneraci\u00f3n de la democracia. El cambio constitucional establece un nuevo papel del estado, con un importante rol en las pol\u00edticas econ\u00f3micas y sociales, y se configura un nuevo modelo de descentralizaci\u00f3n como estrategia para impulsar el desarrollo equitativo en todo el territorio nacional. sin embargo, a pesar del discurso positivo sobre la descentralizaci\u00f3n, el fuerte liderazgo ejercido por el presidente correa se enmarca dentro de los gobiernos populistas latinoamericanos, que se caracterizan por ser democracias menos pluralistas que las democracias liberales representativas. Este modo de ejercer el liderazgo impregna las relaciones institucionales y, por tanto, el modelo de descentralizaci\u00f3n que se est\u00e1 implementando, en el que se observa una tendencia a la re-centralizaci\u00f3n.  el modelo de descentralizaci\u00f3n condiciona la estructura de las relaciones intergubernamentales, dado que la normatividad configura posiciones de los diferentes gobiernos territoriales y diferentes recursos para la gesti\u00f3n de sus competencias. De este modo, la investigaci\u00f3n se propone analizar y establecer el modelo de relaciones intergubernamentales entre el gobierno central y los gobiernos subnacionales, en el ejercicio de la pol\u00edtica de descentralizaci\u00f3n en ecuador desde el a\u00f1o 2008 hasta el 2014. para ello, la forma de distribuir el poder a trav\u00e9s de las competencias asignadas y la distribuci\u00f3n de las transferencias fiscales intergubernamentales son opciones v\u00e1lidas para confirmar la existencia de re-centralizaci\u00f3n y otras caracter\u00edsticas importantes vinculadas al dise\u00f1o del proceso. Las estructuras de interacci\u00f3n que se muestran en las transferencias de competencias administrativas y fiscales, proporcionan informaci\u00f3n suficiente para caracterizar un modelo general de las relaciones intergubernamentales en ecuador. estas relaciones intergubernamentales formales se pueden representar mediante gr\u00e1ficos, lo que brinda una imagen visual que permite observar qui\u00e9nes son los actores estrat\u00e9gicos en cada una de las competencias, la identificaci\u00f3n y reconstrucci\u00f3n de los patrones de interacci\u00f3n entre un conjunto de actores y observar los espacios en los que la cooperaci\u00f3n, colaboraci\u00f3n o articulaci\u00f3n intergubernamental tienen lugar, o deber\u00edan tener lugar. mediante el an\u00e1lisis de esta divisi\u00f3n competencial, se puede observar que existe una estructura similar en el dise\u00f1o, que configura un modelo de relaciones intergubernamentales que privilegia al gobierno nacional y que deja a los gobiernos subnacionales con un escaso margen de autonom\u00eda. Es visible una estructura jer\u00e1rquica, donde el gobierno central, a trav\u00e9s de diferentes entidades, ejerce un significativo peso frente al resto de niveles de gobierno. A pesar del discurso pol\u00edtico a favor de la descentralizaci\u00f3n como estrategia para generar desarrollo y fomentar la igualdad entre los territorios, el gobierno central se ha reservado numerosas facultades que merman la capacidad de decisi\u00f3n en los gobiernos subnacionales. en este sentido, las relaciones de dependencia implican una pauta de poder, donde el gobierno nacional es el m\u00e1ximo tomador de decisiones y los niveles inferiores son los operadores de las pol\u00edticas p\u00fablicas. Los escasos avances en los instrumentos intergubernamentales han estado caracterizados por el establecimiento de mecanismos de coordinaci\u00f3n y control intergubernamental, basados en la jerarqu\u00eda antes que en el consenso y la cooperaci\u00f3n interterritorial.<\/p>\n<p>&nbsp;<\/p>\n<h3>Datos acad\u00e9micos de la tesis doctoral \u00ab<strong>Las relaciones intergubernamentales en la descentralizaci\u00f3n de ecuador.<\/strong>\u00ab<\/h3>\n<ul>\n<li><strong>T\u00edtulo de la tesis:<\/strong>\u00a0 Las relaciones intergubernamentales en la descentralizaci\u00f3n de ecuador. <\/li>\n<li><strong>Autor:<\/strong>\u00a0 Ana Isabel Molina Morte <\/li>\n<li><strong>Universidad:<\/strong>\u00a0 Complutense de Madrid<\/li>\n<li><strong>Fecha de lectura de la tesis:<\/strong>\u00a0 16\/10\/2015<\/li>\n<\/ul>\n<p>&nbsp;<\/p>\n<h3>Direcci\u00f3n y tribunal<\/h3>\n<ul>\n<li><strong>Director de la tesis<\/strong>\n<ul>\n<li>Esther Del Campo Garcia<\/li>\n<\/ul>\n<\/li>\n<li><strong>Tribunal<\/strong>\n<ul>\n<li>Presidente del tribunal: Jos\u00e9 vicente G\u00f3mez rivas <\/li>\n<li>Jos\u00e9 ignacio Cases mendez (vocal)<\/li>\n<li>mercedes Alda fern\u00e1ndez (vocal)<\/li>\n<li>Juan  Antonio Ramos gallar\u00edn (vocal)<\/li>\n<\/ul>\n<\/li>\n<\/ul>\n<p>&nbsp;<\/p>\n","protected":false},"excerpt":{"rendered":"<p>Tesis doctoral de Ana Isabel Molina Morte La llegada a la presidencia de ecuador de rafael correa en el a\u00f1o [&hellip;]<\/p>\n","protected":false},"author":1,"featured_media":0,"comment_status":"open","ping_status":"open","sticky":false,"template":"","format":"standard","meta":{"site-sidebar-layout":"default","site-content-layout":"","ast-site-content-layout":"","site-content-style":"default","site-sidebar-style":"default","ast-global-header-display":"","ast-banner-title-visibility":"","ast-main-header-display":"","ast-hfb-above-header-display":"","ast-hfb-below-header-display":"","ast-hfb-mobile-header-display":"","site-post-title":"","ast-breadcrumbs-content":"","ast-featured-img":"","footer-sml-layout":"","theme-transparent-header-meta":"","adv-header-id-meta":"","stick-header-meta":"","header-above-stick-meta":"","header-main-stick-meta":"","header-below-stick-meta":"","astra-migrate-meta-layouts":"default","ast-page-background-enabled":"default","ast-page-background-meta":{"desktop":{"background-color":"var(--ast-global-color-4)","background-image":"","background-repeat":"repeat","background-position":"center center","background-size":"auto","background-attachment":"scroll","background-type":"","background-media":"","overlay-type":"","overlay-color":"","overlay-gradient":""},"tablet":{"background-color":"","background-image":"","background-repeat":"repeat","background-position":"center center","background-size":"auto","background-attachment":"scroll","background-type":"","background-media":"","overlay-type":"","overlay-color":"","overlay-gradient":""},"mobile":{"background-color":"","background-image":"","background-repeat":"repeat","background-position":"center center","background-size":"auto","background-attachment":"scroll","background-type":"","background-media":"","overlay-type":"","overlay-color":"","overlay-gradient":""}},"ast-content-background-meta":{"desktop":{"background-color":"var(--ast-global-color-5)","background-image":"","background-repeat":"repeat","background-position":"center center","background-size":"auto","background-attachment":"scroll","background-type":"","background-media":"","overlay-type":"","overlay-color":"","overlay-gradient":""},"tablet":{"background-color":"var(--ast-global-color-5)","background-image":"","background-repeat":"repeat","background-position":"center center","background-size":"auto","background-attachment":"scroll","background-type":"","background-media":"","overlay-type":"","overlay-color":"","overlay-gradient":""},"mobile":{"background-color":"var(--ast-global-color-5)","background-image":"","background-repeat":"repeat","background-position":"center center","background-size":"auto","background-attachment":"scroll","background-type":"","background-media":"","overlay-type":"","overlay-color":"","overlay-gradient":""}},"footnotes":""},"categories":[856,986],"tags":[232453,37355,148728,57053,232455,232454],"class_list":["post-118176","post","type-post","status-publish","format-standard","hentry","category-administracion-publica","category-complutense-de-madrid","tag-ana-isabel-molina-morte","tag-esther-del-campo-garcia","tag-jose-ignacio-cases-mendez","tag-jose-vicente-gomez-rivas","tag-juan-antonio-ramos-gallarin","tag-mercedes-alda-fernandez"],"_links":{"self":[{"href":"https:\/\/www.deberes.net\/tesis\/wp-json\/wp\/v2\/posts\/118176","targetHints":{"allow":["GET"]}}],"collection":[{"href":"https:\/\/www.deberes.net\/tesis\/wp-json\/wp\/v2\/posts"}],"about":[{"href":"https:\/\/www.deberes.net\/tesis\/wp-json\/wp\/v2\/types\/post"}],"author":[{"embeddable":true,"href":"https:\/\/www.deberes.net\/tesis\/wp-json\/wp\/v2\/users\/1"}],"replies":[{"embeddable":true,"href":"https:\/\/www.deberes.net\/tesis\/wp-json\/wp\/v2\/comments?post=118176"}],"version-history":[{"count":0,"href":"https:\/\/www.deberes.net\/tesis\/wp-json\/wp\/v2\/posts\/118176\/revisions"}],"wp:attachment":[{"href":"https:\/\/www.deberes.net\/tesis\/wp-json\/wp\/v2\/media?parent=118176"}],"wp:term":[{"taxonomy":"category","embeddable":true,"href":"https:\/\/www.deberes.net\/tesis\/wp-json\/wp\/v2\/categories?post=118176"},{"taxonomy":"post_tag","embeddable":true,"href":"https:\/\/www.deberes.net\/tesis\/wp-json\/wp\/v2\/tags?post=118176"}],"curies":[{"name":"wp","href":"https:\/\/api.w.org\/{rel}","templated":true}]}}