{"id":118195,"date":"2018-03-11T10:48:07","date_gmt":"2018-03-11T10:48:07","guid":{"rendered":"https:\/\/www.deberes.net\/tesis\/sin-categoria\/el-uso-de-la-documentacion-audiovisual-en-programas-informativos-no-diarios-de-tve-informe-semanal-en-portada-y-cronicas\/"},"modified":"2018-03-11T10:48:07","modified_gmt":"2018-03-11T10:48:07","slug":"el-uso-de-la-documentacion-audiovisual-en-programas-informativos-no-diarios-de-tve-informe-semanal-en-portada-y-cronicas","status":"publish","type":"post","link":"https:\/\/www.deberes.net\/tesis\/complutense-de-madrid\/el-uso-de-la-documentacion-audiovisual-en-programas-informativos-no-diarios-de-tve-informe-semanal-en-portada-y-cronicas\/","title":{"rendered":"El uso de la documentaci\u00f3n audiovisual en programas informativos no diarios de tve: informe semanal, en portada y cr\u00f3nicas."},"content":{"rendered":"<h2>Tesis doctoral de <strong> Iris Lopez De Solis <\/strong><\/h2>\n<p>La presente tesis realiza el an\u00e1lisis y evaluaci\u00f3n del uso de la documentaci\u00f3n audiovisual en los programas informativos no diarios, en concreto en los reportajes de los programas de tve informe semanal, en portada y cr\u00f3nicas, con unas caracter\u00edsticas y narrativas propias que los diferencia de los programas informativos diarios. Para llevar a cabo esta investigaci\u00f3n, se han estudiado las caracter\u00edsticas de la documentaci\u00f3n period\u00edstica y de los documentos audiovisuales  y  se ha profundizado en el uso de la documentaci\u00f3n audiovisual en programas informativos diarios y documentales, as\u00ed como en la definici\u00f3n, caracter\u00edsticas y tipolog\u00eda del reportaje televisivo. Tambi\u00e9n se ha  reconstruido la historia de los tres programas estudiados y se ha procedido a estudiar el proceso informativo y documental de cada uno de los tres programas objeto de estudio. Para evaluar y valorar el uso de la documentaci\u00f3n en estos tres programas, se ha seleccionado una muestra de los reportajes emitidos en 2009  y se ha realizado un estudio cuantitativo y cualitativo de la im\u00e1genes de archivos.Posteriormente, se ha establecido una tipolog\u00eda de im\u00e1genes de archivo a partir de su uso en los reportajes de la muestra estudiada, as\u00ed como por su fecha de grabaci\u00f3n diferenciando entre: im\u00e1genes noticia recientes (im\u00e1genes de acontecimientos a los cuales se hace referencia ocurridos hace menos de diez a\u00f1os), im\u00e1genes noticia lejanas (se hace referencia a ciertos acontecimientos pasados de hace diez o m\u00e1s a\u00f1os de los que se ofrecen las im\u00e1genes) im\u00e1genes meton\u00edmicas recientes ( aquellas im\u00e1genes de hace menos de diez a\u00f1os en las que se presenta a los actantes fuera del contexto de la informaci\u00f3n referida, de la situaci\u00f3n o momento que se menciona o bien para presentar un argumento, asunto u ofrecer una explicaci\u00f3n referida a dichos actantes), im\u00e1genes meton\u00edmicas lejanas (im\u00e1genes de hace diez o m\u00e1s a\u00f1os en las que se muestra a los actantes fuera del contexto de la informaci\u00f3n referida, de la situaci\u00f3n o momento que se menciona o que sirven para presentar un argumento sobre dichos actantes), im\u00e1genes ambientales recientes (grabadas hace menos de diez a\u00f1os que son utilizadas en un contexto m\u00e1s amplio para ilustrar un argumento, asunto u ofrecer una explicaci\u00f3n) e im\u00e1genes ambientales lejanas: (im\u00e1genes de hace diez o m\u00e1s a\u00f1os que son utilizadas en un contexto m\u00e1s amplio para el que fueron grabadas, empleadas en algunos casos para ilustrar un argumento o sustentar una explicaci\u00f3n)la presencia de im\u00e1genes de archivo es mayor en el programa informe semanal, de periodicidad semanal, que en los programas de grandes reportajes de cr\u00f3nicas y en portada debido a las caracter\u00edsticas propias de estos dos programas y a su proceso de producci\u00f3n. El uso adecuado y motivado de la documentaci\u00f3n enriquece e incrementa la calidad del reportaje, cumpliendo distintas funciones: contextualizadora, ilustrativa, argumentativa (sustentando una proposici\u00f3n, sin necesidad de apoyar una opini\u00f3n) y es creadora de la memoria colectiva audiovisual.<\/p>\n<p>&nbsp;<\/p>\n<h3>Datos acad\u00e9micos de la tesis doctoral \u00ab<strong>El uso de la documentaci\u00f3n audiovisual en programas informativos no diarios de tve: informe semanal, en portada y cr\u00f3nicas.<\/strong>\u00ab<\/h3>\n<ul>\n<li><strong>T\u00edtulo de la tesis:<\/strong>\u00a0 El uso de la documentaci\u00f3n audiovisual en programas informativos no diarios de tve: informe semanal, en portada y cr\u00f3nicas. <\/li>\n<li><strong>Autor:<\/strong>\u00a0 Iris Lopez De Solis <\/li>\n<li><strong>Universidad:<\/strong>\u00a0 Complutense de Madrid<\/li>\n<li><strong>Fecha de lectura de la tesis:<\/strong>\u00a0 17\/12\/2015<\/li>\n<\/ul>\n<p>&nbsp;<\/p>\n<h3>Direcci\u00f3n y tribunal<\/h3>\n<ul>\n<li><strong>Director de la tesis<\/strong>\n<ul>\n<li>Elena De La Cuadra Colmenares<\/li>\n<\/ul>\n<\/li>\n<li><strong>Tribunal<\/strong>\n<ul>\n<li>Presidente del tribunal: f\u00e9lix Del valle gastaminza <\/li>\n<li>Jes\u00fas Robledano arillo (vocal)<\/li>\n<li>david Rodriguez mateos (vocal)<\/li>\n<li>mercedes Caridad sebastian (vocal)<\/li>\n<\/ul>\n<\/li>\n<\/ul>\n<p>&nbsp;<\/p>\n","protected":false},"excerpt":{"rendered":"<p>Tesis doctoral de Iris Lopez De Solis La presente tesis realiza el an\u00e1lisis y evaluaci\u00f3n del uso de la documentaci\u00f3n [&hellip;]<\/p>\n","protected":false},"author":1,"featured_media":0,"comment_status":"open","ping_status":"open","sticky":false,"template":"","format":"standard","meta":{"site-sidebar-layout":"default","site-content-layout":"","ast-site-content-layout":"","site-content-style":"default","site-sidebar-style":"default","ast-global-header-display":"","ast-banner-title-visibility":"","ast-main-header-display":"","ast-hfb-above-header-display":"","ast-hfb-below-header-display":"","ast-hfb-mobile-header-display":"","site-post-title":"","ast-breadcrumbs-content":"","ast-featured-img":"","footer-sml-layout":"","theme-transparent-header-meta":"","adv-header-id-meta":"","stick-header-meta":"","header-above-stick-meta":"","header-main-stick-meta":"","header-below-stick-meta":"","astra-migrate-meta-layouts":"default","ast-page-background-enabled":"default","ast-page-background-meta":{"desktop":{"background-color":"var(--ast-global-color-4)","background-image":"","background-repeat":"repeat","background-position":"center center","background-size":"auto","background-attachment":"scroll","background-type":"","background-media":"","overlay-type":"","overlay-color":"","overlay-gradient":""},"tablet":{"background-color":"","background-image":"","background-repeat":"repeat","background-position":"center center","background-size":"auto","background-attachment":"scroll","background-type":"","background-media":"","overlay-type":"","overlay-color":"","overlay-gradient":""},"mobile":{"background-color":"","background-image":"","background-repeat":"repeat","background-position":"center center","background-size":"auto","background-attachment":"scroll","background-type":"","background-media":"","overlay-type":"","overlay-color":"","overlay-gradient":""}},"ast-content-background-meta":{"desktop":{"background-color":"var(--ast-global-color-5)","background-image":"","background-repeat":"repeat","background-position":"center center","background-size":"auto","background-attachment":"scroll","background-type":"","background-media":"","overlay-type":"","overlay-color":"","overlay-gradient":""},"tablet":{"background-color":"var(--ast-global-color-5)","background-image":"","background-repeat":"repeat","background-position":"center center","background-size":"auto","background-attachment":"scroll","background-type":"","background-media":"","overlay-type":"","overlay-color":"","overlay-gradient":""},"mobile":{"background-color":"var(--ast-global-color-5)","background-image":"","background-repeat":"repeat","background-position":"center center","background-size":"auto","background-attachment":"scroll","background-type":"","background-media":"","overlay-type":"","overlay-color":"","overlay-gradient":""}},"footnotes":""},"categories":[986,5526],"tags":[83890,161198,43948,232480,177297,6939],"class_list":["post-118195","post","type-post","status-publish","format-standard","hentry","category-complutense-de-madrid","category-documentacion","tag-david-rodriguez-mateos","tag-elena-de-la-cuadra-colmenares","tag-felix-del-valle-gastaminza","tag-iris-lopez-de-solis","tag-jesus-robledano-arillo","tag-mercedes-caridad-sebastian"],"_links":{"self":[{"href":"https:\/\/www.deberes.net\/tesis\/wp-json\/wp\/v2\/posts\/118195","targetHints":{"allow":["GET"]}}],"collection":[{"href":"https:\/\/www.deberes.net\/tesis\/wp-json\/wp\/v2\/posts"}],"about":[{"href":"https:\/\/www.deberes.net\/tesis\/wp-json\/wp\/v2\/types\/post"}],"author":[{"embeddable":true,"href":"https:\/\/www.deberes.net\/tesis\/wp-json\/wp\/v2\/users\/1"}],"replies":[{"embeddable":true,"href":"https:\/\/www.deberes.net\/tesis\/wp-json\/wp\/v2\/comments?post=118195"}],"version-history":[{"count":0,"href":"https:\/\/www.deberes.net\/tesis\/wp-json\/wp\/v2\/posts\/118195\/revisions"}],"wp:attachment":[{"href":"https:\/\/www.deberes.net\/tesis\/wp-json\/wp\/v2\/media?parent=118195"}],"wp:term":[{"taxonomy":"category","embeddable":true,"href":"https:\/\/www.deberes.net\/tesis\/wp-json\/wp\/v2\/categories?post=118195"},{"taxonomy":"post_tag","embeddable":true,"href":"https:\/\/www.deberes.net\/tesis\/wp-json\/wp\/v2\/tags?post=118195"}],"curies":[{"name":"wp","href":"https:\/\/api.w.org\/{rel}","templated":true}]}}