{"id":11825,"date":"2018-03-09T08:57:24","date_gmt":"2018-03-09T08:57:24","guid":{"rendered":"https:\/\/www.deberes.net\/tesis\/sin-categoria\/la-extension-de-los-efectos-de-la-sentencia-a-terceros-en-especial-el-art-110-ljca-1998\/"},"modified":"2018-03-09T08:57:24","modified_gmt":"2018-03-09T08:57:24","slug":"la-extension-de-los-efectos-de-la-sentencia-a-terceros-en-especial-el-art-110-ljca-1998","status":"publish","type":"post","link":"https:\/\/www.deberes.net\/tesis\/ciencias-juridicas-y-derecho\/la-extension-de-los-efectos-de-la-sentencia-a-terceros-en-especial-el-art-110-ljca-1998\/","title":{"rendered":"La extensi\u00f3n de los efectos de la sentencia a terceros. (en especial, el art. 110 ljca\/1998)"},"content":{"rendered":"<h2>Tesis doctoral de <strong> Cecilia Rosende Villar <\/strong><\/h2>\n<p>La tesis doctoral tiene por objeto el estudio de una novedad surgida en nuestro ordenamiento y recogida en el art. 110 ljca\/1998. Consiste en la extensi\u00f3n a terceros de los efectos de una sentencia que ha reconocido una situaci\u00f3n jur\u00eddica individualizada a favor de otra u otras personas, que se encuentran en una id\u00e9ntica situaci\u00f3n con respecto a aqu\u00e9llos.  la posibilidad de extensi\u00f3n de los efectos de la sentencia del art. 100 ljca\/1998 est\u00e1 prevista para dos supuestos; materia tributaria y de personal al servicio de la administraci\u00f3n. Se fundamenta jur\u00eddicamente en los efectos reflejos que se derivan de la sentencia. Esta, en su dimensi\u00f3n de hecho jur\u00eddico, se integra en el supuesto de hecho del art. 110 del que se derivan efectos reflejos: la posibilidad de extensi\u00f3n de los decidido en un caso id\u00e9ntico. El procedimiento previsto es un incidente declarativo en fase de jecuci\u00f3n de sentencia. Cuando se sigue con\u00e9xito, se extienden tanto los efectos condenatorios de la misma como el efecto de cosa juzgada.<\/p>\n<p>&nbsp;<\/p>\n<h3>Datos acad\u00e9micos de la tesis doctoral \u00ab<strong>La extensi\u00f3n de los efectos de la sentencia a terceros. (en especial, el art. 110 ljca\/1998)<\/strong>\u00ab<\/h3>\n<ul>\n<li><strong>T\u00edtulo de la tesis:<\/strong>\u00a0 La extensi\u00f3n de los efectos de la sentencia a terceros. (en especial, el art. 110 ljca\/1998) <\/li>\n<li><strong>Autor:<\/strong>\u00a0 Cecilia Rosende Villar <\/li>\n<li><strong>Universidad:<\/strong>\u00a0 Navarra<\/li>\n<li><strong>Fecha de lectura de la tesis:<\/strong>\u00a0 29\/06\/2001<\/li>\n<\/ul>\n<p>&nbsp;<\/p>\n<h3>Direcci\u00f3n y tribunal<\/h3>\n<ul>\n<li><strong>Director de la tesis<\/strong>\n<ul>\n<li>Faustino Cord\u00f3n Moreno<\/li>\n<\/ul>\n<\/li>\n<li><strong>Tribunal<\/strong>\n<ul>\n<li>Presidente del tribunal: Andr\u00e9s de la Oliva santos <\/li>\n<li>julio Muerza esparza (vocal)<\/li>\n<li>Manuel Ortells ramos (vocal)<\/li>\n<li>Jaime Vegas torres (vocal)<\/li>\n<\/ul>\n<\/li>\n<\/ul>\n<p>&nbsp;<\/p>\n","protected":false},"excerpt":{"rendered":"<p>Tesis doctoral de Cecilia Rosende Villar La tesis doctoral tiene por objeto el estudio de una novedad surgida en nuestro [&hellip;]<\/p>\n","protected":false},"author":1,"featured_media":0,"comment_status":"open","ping_status":"open","sticky":false,"template":"","format":"standard","meta":{"site-sidebar-layout":"default","site-content-layout":"","ast-site-content-layout":"","site-content-style":"default","site-sidebar-style":"default","ast-global-header-display":"","ast-banner-title-visibility":"","ast-main-header-display":"","ast-hfb-above-header-display":"","ast-hfb-below-header-display":"","ast-hfb-mobile-header-display":"","site-post-title":"","ast-breadcrumbs-content":"","ast-featured-img":"","footer-sml-layout":"","theme-transparent-header-meta":"","adv-header-id-meta":"","stick-header-meta":"","header-above-stick-meta":"","header-main-stick-meta":"","header-below-stick-meta":"","astra-migrate-meta-layouts":"default","ast-page-background-enabled":"default","ast-page-background-meta":{"desktop":{"background-color":"var(--ast-global-color-4)","background-image":"","background-repeat":"repeat","background-position":"center center","background-size":"auto","background-attachment":"scroll","background-type":"","background-media":"","overlay-type":"","overlay-color":"","overlay-gradient":""},"tablet":{"background-color":"","background-image":"","background-repeat":"repeat","background-position":"center center","background-size":"auto","background-attachment":"scroll","background-type":"","background-media":"","overlay-type":"","overlay-color":"","overlay-gradient":""},"mobile":{"background-color":"","background-image":"","background-repeat":"repeat","background-position":"center center","background-size":"auto","background-attachment":"scroll","background-type":"","background-media":"","overlay-type":"","overlay-color":"","overlay-gradient":""}},"ast-content-background-meta":{"desktop":{"background-color":"var(--ast-global-color-5)","background-image":"","background-repeat":"repeat","background-position":"center center","background-size":"auto","background-attachment":"scroll","background-type":"","background-media":"","overlay-type":"","overlay-color":"","overlay-gradient":""},"tablet":{"background-color":"var(--ast-global-color-5)","background-image":"","background-repeat":"repeat","background-position":"center center","background-size":"auto","background-attachment":"scroll","background-type":"","background-media":"","overlay-type":"","overlay-color":"","overlay-gradient":""},"mobile":{"background-color":"var(--ast-global-color-5)","background-image":"","background-repeat":"repeat","background-position":"center center","background-size":"auto","background-attachment":"scroll","background-type":"","background-media":"","overlay-type":"","overlay-color":"","overlay-gradient":""}},"footnotes":""},"categories":[612,3620,17749,3621],"tags":[3626,38790,17754,38791,17755,3625],"class_list":["post-11825","post","type-post","status-publish","format-standard","hentry","category-ciencias-juridicas-y-derecho","category-derecho-procesal","category-navarra","category-organizacion-juridica","tag-andres-de-la-oliva-santos","tag-cecilia-rosende-villar","tag-faustino-cordon-moreno","tag-jaime-vegas-torres","tag-julio-muerza-esparza","tag-manuel-ortells-ramos"],"_links":{"self":[{"href":"https:\/\/www.deberes.net\/tesis\/wp-json\/wp\/v2\/posts\/11825","targetHints":{"allow":["GET"]}}],"collection":[{"href":"https:\/\/www.deberes.net\/tesis\/wp-json\/wp\/v2\/posts"}],"about":[{"href":"https:\/\/www.deberes.net\/tesis\/wp-json\/wp\/v2\/types\/post"}],"author":[{"embeddable":true,"href":"https:\/\/www.deberes.net\/tesis\/wp-json\/wp\/v2\/users\/1"}],"replies":[{"embeddable":true,"href":"https:\/\/www.deberes.net\/tesis\/wp-json\/wp\/v2\/comments?post=11825"}],"version-history":[{"count":0,"href":"https:\/\/www.deberes.net\/tesis\/wp-json\/wp\/v2\/posts\/11825\/revisions"}],"wp:attachment":[{"href":"https:\/\/www.deberes.net\/tesis\/wp-json\/wp\/v2\/media?parent=11825"}],"wp:term":[{"taxonomy":"category","embeddable":true,"href":"https:\/\/www.deberes.net\/tesis\/wp-json\/wp\/v2\/categories?post=11825"},{"taxonomy":"post_tag","embeddable":true,"href":"https:\/\/www.deberes.net\/tesis\/wp-json\/wp\/v2\/tags?post=11825"}],"curies":[{"name":"wp","href":"https:\/\/api.w.org\/{rel}","templated":true}]}}