{"id":118588,"date":"2022-06-25T21:23:09","date_gmt":"2022-06-25T21:23:09","guid":{"rendered":"https:\/\/www.deberes.net\/tesis\/sin-categoria\/contribucion-al-estudio-de-las-concentraciones-de-nucleos-de-hielo-en-medio-urbano-y-medio-rural\/"},"modified":"2022-06-25T21:23:09","modified_gmt":"2022-06-25T21:23:09","slug":"contribucion-al-estudio-de-las-concentraciones-de-nucleos-de-hielo-en-medio-urbano-y-medio-rural","status":"publish","type":"post","link":"https:\/\/www.deberes.net\/tesis\/ciencias-de-la-tierra-y-del-espacio\/contribucion-al-estudio-de-las-concentraciones-de-nucleos-de-hielo-en-medio-urbano-y-medio-rural\/","title":{"rendered":"Contribucion al estudio de las concentraciones de nucleos de hielo en medio urbano y medio rural."},"content":{"rendered":"<h2>Tesis doctoral de <strong>  P\u00e9rez Garc\u00eda Pedro Jes\u00fas <\/strong><\/h2>\n<p>En este trabajo se analizan los resultados de las medidas de concentraciones de nucleos de hielo  obtenidas tras una campa\u00f1a realizada de enero a octubre de 1982 en valladolid  medio urbano  y en el ciba  medio rural  y llevadas a cabo con dos camaras de mezcla. Tras un breve analisis de los nucleos de hielo  se describe el metodo experimental de medida y las modificaciones introducidas.  el analisis de los datos comienza con una descripcion estadistica global. El siguiente paso es un estudio respecto de las condiciones sinopticas  analizandose la relacion de las concentraciones con el origen y procedencia de las masas de aire. Por ultimo se realiza un estudio con las variables meteorologicas locales en orden a verificar los factores influyentes  y el efecto conjunto de todas ellas sobre la concentracion quda expresado en el analisis estadistico multivariable.<\/p>\n<p>&nbsp;<\/p>\n<h3>Datos acad\u00e9micos de la tesis doctoral \u00ab<strong>Contribucion al estudio de las concentraciones de nucleos de hielo en medio urbano y medio rural.<\/strong>\u00ab<\/h3>\n<ul>\n<li><strong>T\u00edtulo de la tesis:<\/strong>\u00a0 Contribucion al estudio de las concentraciones de nucleos de hielo en medio urbano y medio rural. <\/li>\n<li><strong>Autor:<\/strong>\u00a0  P\u00e9rez Garc\u00eda Pedro Jes\u00fas <\/li>\n<li><strong>Universidad:<\/strong>\u00a0 Valladolid<\/li>\n<li><strong>Fecha de lectura de la tesis:<\/strong>\u00a0 01\/01\/1984<\/li>\n<\/ul>\n<p>&nbsp;<\/p>\n<h3>Direcci\u00f3n y tribunal<\/h3>\n<ul>\n<li><strong>Director de la tesis<\/strong>\n<ul>\n<li>Jos\u00e9 Agust\u00edn Garc\u00eda Garc\u00eda<\/li>\n<\/ul>\n<\/li>\n<li><strong>Tribunal<\/strong>\n<ul>\n<li>Presidente del tribunal: Jose Casanova Colas <\/li>\n<li>Jos\u00e9 Agust\u00edn Garc\u00eda Garc\u00eda (vocal)<\/li>\n<li>R.g. Soulage (vocal)<\/li>\n<li>Jos\u00e9 Antonio De Saja S\u00e1ez (vocal)<\/li>\n<\/ul>\n<\/li>\n<\/ul>\n<p>&nbsp;<\/p>\n","protected":false},"excerpt":{"rendered":"<p>Tesis doctoral de P\u00e9rez Garc\u00eda Pedro Jes\u00fas En este trabajo se analizan los resultados de las medidas de concentraciones de [&hellip;]<\/p>\n","protected":false},"author":1,"featured_media":0,"comment_status":"open","ping_status":"open","sticky":false,"template":"","format":"standard","meta":{"site-sidebar-layout":"default","site-content-layout":"","ast-site-content-layout":"","site-content-style":"default","site-sidebar-style":"default","ast-global-header-display":"","ast-banner-title-visibility":"","ast-main-header-display":"","ast-hfb-above-header-display":"","ast-hfb-below-header-display":"","ast-hfb-mobile-header-display":"","site-post-title":"","ast-breadcrumbs-content":"","ast-featured-img":"","footer-sml-layout":"","theme-transparent-header-meta":"","adv-header-id-meta":"","stick-header-meta":"","header-above-stick-meta":"","header-main-stick-meta":"","header-below-stick-meta":"","astra-migrate-meta-layouts":"default","ast-page-background-enabled":"default","ast-page-background-meta":{"desktop":{"background-color":"var(--ast-global-color-4)","background-image":"","background-repeat":"repeat","background-position":"center center","background-size":"auto","background-attachment":"scroll","background-type":"","background-media":"","overlay-type":"","overlay-color":"","overlay-gradient":""},"tablet":{"background-color":"","background-image":"","background-repeat":"repeat","background-position":"center center","background-size":"auto","background-attachment":"scroll","background-type":"","background-media":"","overlay-type":"","overlay-color":"","overlay-gradient":""},"mobile":{"background-color":"","background-image":"","background-repeat":"repeat","background-position":"center center","background-size":"auto","background-attachment":"scroll","background-type":"","background-media":"","overlay-type":"","overlay-color":"","overlay-gradient":""}},"ast-content-background-meta":{"desktop":{"background-color":"var(--ast-global-color-5)","background-image":"","background-repeat":"repeat","background-position":"center center","background-size":"auto","background-attachment":"scroll","background-type":"","background-media":"","overlay-type":"","overlay-color":"","overlay-gradient":""},"tablet":{"background-color":"var(--ast-global-color-5)","background-image":"","background-repeat":"repeat","background-position":"center center","background-size":"auto","background-attachment":"scroll","background-type":"","background-media":"","overlay-type":"","overlay-color":"","overlay-gradient":""},"mobile":{"background-color":"var(--ast-global-color-5)","background-image":"","background-repeat":"repeat","background-position":"center center","background-size":"auto","background-attachment":"scroll","background-type":"","background-media":"","overlay-type":"","overlay-color":"","overlay-gradient":""}},"footnotes":""},"categories":[950,27,43394,12451],"tags":[19589,12480,98789,43396,232775],"class_list":["post-118588","post","type-post","status-publish","format-standard","hentry","category-ciencias-de-la-atmosfera","category-ciencias-de-la-tierra-y-del-espacio","category-fisica-de-las-nubes","category-valladolid","tag-jose-agustin-garcia-garcia","tag-jose-antonio-de-saja-saez","tag-jose-casanova-colas","tag-perez-garcia-pedro-jesus","tag-r-g-soulage"],"_links":{"self":[{"href":"https:\/\/www.deberes.net\/tesis\/wp-json\/wp\/v2\/posts\/118588","targetHints":{"allow":["GET"]}}],"collection":[{"href":"https:\/\/www.deberes.net\/tesis\/wp-json\/wp\/v2\/posts"}],"about":[{"href":"https:\/\/www.deberes.net\/tesis\/wp-json\/wp\/v2\/types\/post"}],"author":[{"embeddable":true,"href":"https:\/\/www.deberes.net\/tesis\/wp-json\/wp\/v2\/users\/1"}],"replies":[{"embeddable":true,"href":"https:\/\/www.deberes.net\/tesis\/wp-json\/wp\/v2\/comments?post=118588"}],"version-history":[{"count":0,"href":"https:\/\/www.deberes.net\/tesis\/wp-json\/wp\/v2\/posts\/118588\/revisions"}],"wp:attachment":[{"href":"https:\/\/www.deberes.net\/tesis\/wp-json\/wp\/v2\/media?parent=118588"}],"wp:term":[{"taxonomy":"category","embeddable":true,"href":"https:\/\/www.deberes.net\/tesis\/wp-json\/wp\/v2\/categories?post=118588"},{"taxonomy":"post_tag","embeddable":true,"href":"https:\/\/www.deberes.net\/tesis\/wp-json\/wp\/v2\/tags?post=118588"}],"curies":[{"name":"wp","href":"https:\/\/api.w.org\/{rel}","templated":true}]}}