{"id":118592,"date":"2022-06-26T13:51:14","date_gmt":"2022-06-26T13:51:14","guid":{"rendered":"https:\/\/www.deberes.net\/tesis\/sin-categoria\/amiloidosis-maculosas-en-una-policlinica-general-dermatologica\/"},"modified":"2022-06-26T13:51:14","modified_gmt":"2022-06-26T13:51:14","slug":"amiloidosis-maculosas-en-una-policlinica-general-dermatologica","status":"publish","type":"post","link":"https:\/\/www.deberes.net\/tesis\/ciencias-medicas\/amiloidosis-maculosas-en-una-policlinica-general-dermatologica\/","title":{"rendered":"Amiloidosis maculosas en una policlinica general dermatologica."},"content":{"rendered":"<h2>Tesis doctoral de <strong> Juan Redondo Mateo <\/strong><\/h2>\n<p>Se estudia la frecuencia de  amiloidosis maculosas  en una policlinica general de dermatolog\u00eda  a traves de una prospeccion realizada en mil enfermos correlativos que acudieron  por primera vez y por motivos diversos  a la consulta de dermatolog\u00eda del ambulatorio de la seguridad social en segovia. Se detectaron 32 casos  de los que 22 pudieron ser confirmados por microscopia optica y\/o electronica. Siete de ellos correspondian a la forma conocida como  amiloidosis maculosa minor   descrita por qui\u00f1ones y colaboradores. Se estudian los aspectos clinicos histopatologicos y ultraestructurales de los casos encontrados.<\/p>\n<p>&nbsp;<\/p>\n<h3>Datos acad\u00e9micos de la tesis doctoral \u00ab<strong>Amiloidosis maculosas en una policlinica general dermatologica.<\/strong>\u00ab<\/h3>\n<ul>\n<li><strong>T\u00edtulo de la tesis:<\/strong>\u00a0 Amiloidosis maculosas en una policlinica general dermatologica. <\/li>\n<li><strong>Autor:<\/strong>\u00a0 Juan Redondo Mateo <\/li>\n<li><strong>Universidad:<\/strong>\u00a0 Valladolid<\/li>\n<li><strong>Fecha de lectura de la tesis:<\/strong>\u00a0 01\/01\/1984<\/li>\n<\/ul>\n<p>&nbsp;<\/p>\n<h3>Direcci\u00f3n y tribunal<\/h3>\n<ul>\n<li><strong>Director de la tesis<\/strong>\n<ul>\n<li> Alvarez Qui\u00f1ones Caravia Pedro<\/li>\n<\/ul>\n<\/li>\n<li><strong>Tribunal<\/strong>\n<ul>\n<li>Presidente del tribunal: Pedro Alvarez-qui\u00f1ones Caravia <\/li>\n<li>Cesar Aguirre Viani (vocal)<\/li>\n<li>Jos\u00e9 Gomez Orbaneja (vocal)<\/li>\n<li>\u00e1ngel Mara\u00f1\u00f3n Cabello (vocal)<\/li>\n<\/ul>\n<\/li>\n<\/ul>\n<p>&nbsp;<\/p>\n","protected":false},"excerpt":{"rendered":"<p>Tesis doctoral de Juan Redondo Mateo Se estudia la frecuencia de amiloidosis maculosas en una policlinica general de dermatolog\u00eda a [&hellip;]<\/p>\n","protected":false},"author":1,"featured_media":0,"comment_status":"open","ping_status":"open","sticky":false,"template":"","format":"standard","meta":{"site-sidebar-layout":"default","site-content-layout":"","ast-site-content-layout":"","site-content-style":"default","site-sidebar-style":"default","ast-global-header-display":"","ast-banner-title-visibility":"","ast-main-header-display":"","ast-hfb-above-header-display":"","ast-hfb-below-header-display":"","ast-hfb-mobile-header-display":"","site-post-title":"","ast-breadcrumbs-content":"","ast-featured-img":"","footer-sml-layout":"","theme-transparent-header-meta":"","adv-header-id-meta":"","stick-header-meta":"","header-above-stick-meta":"","header-main-stick-meta":"","header-below-stick-meta":"","astra-migrate-meta-layouts":"default","ast-page-background-enabled":"default","ast-page-background-meta":{"desktop":{"background-color":"var(--ast-global-color-4)","background-image":"","background-repeat":"repeat","background-position":"center center","background-size":"auto","background-attachment":"scroll","background-type":"","background-media":"","overlay-type":"","overlay-color":"","overlay-gradient":""},"tablet":{"background-color":"","background-image":"","background-repeat":"repeat","background-position":"center center","background-size":"auto","background-attachment":"scroll","background-type":"","background-media":"","overlay-type":"","overlay-color":"","overlay-gradient":""},"mobile":{"background-color":"","background-image":"","background-repeat":"repeat","background-position":"center center","background-size":"auto","background-attachment":"scroll","background-type":"","background-media":"","overlay-type":"","overlay-color":"","overlay-gradient":""}},"ast-content-background-meta":{"desktop":{"background-color":"var(--ast-global-color-5)","background-image":"","background-repeat":"repeat","background-position":"center center","background-size":"auto","background-attachment":"scroll","background-type":"","background-media":"","overlay-type":"","overlay-color":"","overlay-gradient":""},"tablet":{"background-color":"var(--ast-global-color-5)","background-image":"","background-repeat":"repeat","background-position":"center center","background-size":"auto","background-attachment":"scroll","background-type":"","background-media":"","overlay-type":"","overlay-color":"","overlay-gradient":""},"mobile":{"background-color":"var(--ast-global-color-5)","background-image":"","background-repeat":"repeat","background-position":"center center","background-size":"auto","background-attachment":"scroll","background-type":"","background-media":"","overlay-type":"","overlay-color":"","overlay-gradient":""}},"footnotes":""},"categories":[155,9,97,12451],"tags":[27687,27683,22191,107734,50637,112859],"class_list":["post-118592","post","type-post","status-publish","format-standard","hentry","category-ciencias-clinicas","category-ciencias-medicas","category-dermatologia","category-valladolid","tag-alvarez-quinones-caravia-pedro","tag-angel-maranon-cabello","tag-cesar-aguirre-viani","tag-jose-gomez-orbaneja","tag-juan-redondo-mateo","tag-pedro-alvarez-quinones-caravia"],"_links":{"self":[{"href":"https:\/\/www.deberes.net\/tesis\/wp-json\/wp\/v2\/posts\/118592","targetHints":{"allow":["GET"]}}],"collection":[{"href":"https:\/\/www.deberes.net\/tesis\/wp-json\/wp\/v2\/posts"}],"about":[{"href":"https:\/\/www.deberes.net\/tesis\/wp-json\/wp\/v2\/types\/post"}],"author":[{"embeddable":true,"href":"https:\/\/www.deberes.net\/tesis\/wp-json\/wp\/v2\/users\/1"}],"replies":[{"embeddable":true,"href":"https:\/\/www.deberes.net\/tesis\/wp-json\/wp\/v2\/comments?post=118592"}],"version-history":[{"count":0,"href":"https:\/\/www.deberes.net\/tesis\/wp-json\/wp\/v2\/posts\/118592\/revisions"}],"wp:attachment":[{"href":"https:\/\/www.deberes.net\/tesis\/wp-json\/wp\/v2\/media?parent=118592"}],"wp:term":[{"taxonomy":"category","embeddable":true,"href":"https:\/\/www.deberes.net\/tesis\/wp-json\/wp\/v2\/categories?post=118592"},{"taxonomy":"post_tag","embeddable":true,"href":"https:\/\/www.deberes.net\/tesis\/wp-json\/wp\/v2\/tags?post=118592"}],"curies":[{"name":"wp","href":"https:\/\/api.w.org\/{rel}","templated":true}]}}