{"id":118846,"date":"2022-08-06T16:15:24","date_gmt":"2022-08-06T16:15:24","guid":{"rendered":"https:\/\/www.deberes.net\/tesis\/sin-categoria\/influencia-de-ciertos-factores-ambientales-sobre-la-productividad-del-ganado-vacuno-retinto-en-la-dehesa\/"},"modified":"2022-08-06T16:15:24","modified_gmt":"2022-08-06T16:15:24","slug":"influencia-de-ciertos-factores-ambientales-sobre-la-productividad-del-ganado-vacuno-retinto-en-la-dehesa","status":"publish","type":"post","link":"https:\/\/www.deberes.net\/tesis\/ciencias-agrarias\/influencia-de-ciertos-factores-ambientales-sobre-la-productividad-del-ganado-vacuno-retinto-en-la-dehesa\/","title":{"rendered":"Influencia de ciertos factores ambientales sobre la productividad del ganado vacuno retinto en la dehesa."},"content":{"rendered":"<h2>Tesis doctoral de <strong> Manuel Martin Bellido <\/strong><\/h2>\n<p>Se han analizado por la tecnica de lo minimos cuadrados datos de reproduccion productividad y produccion lechera de un reba\u00f1o de vacas retinto en pastores de la dehesa extreme\u00f1a. Los factores analizado fueron epoca de paridera (temprana vs tardia) sexo del ternero  a\u00f1o e interacciones dobles entre esos factores se consideraron las covaniables numero de gestacion  edad al destete delos terneros peso al nacimiento y produccion lechera dependiendo estas de los analisis. De los resultados obtenidos se concluye que respecto a la paridera tardia en la paridera temprana se produce unas carnes (33 4 kg); la gmd de los terneros fue superior y las vacas fueron unas eficientes tanto el sexo como el a\u00f1o influyeron en todas las respuestas estudiadas. Se obtiene un maximo peso al nacimiento con vacas de 5 a\u00f1os  siendo la eficiencia de las vacas maxima a los 7 a\u00f1os de edad. La produccion lechera durante la lactacion fue de 5 5kg\/dia explicando esta el 77 6% de la variabilidad sobre el crecimiento de los terneros.<\/p>\n<p>&nbsp;<\/p>\n<h3>Datos acad\u00e9micos de la tesis doctoral \u00ab<strong>Influencia de ciertos factores ambientales sobre la productividad del ganado vacuno retinto en la dehesa.<\/strong>\u00ab<\/h3>\n<ul>\n<li><strong>T\u00edtulo de la tesis:<\/strong>\u00a0 Influencia de ciertos factores ambientales sobre la productividad del ganado vacuno retinto en la dehesa. <\/li>\n<li><strong>Autor:<\/strong>\u00a0 Manuel Martin Bellido <\/li>\n<li><strong>Universidad:<\/strong>\u00a0 Polit\u00e9cnica de Madrid<\/li>\n<li><strong>Fecha de lectura de la tesis:<\/strong>\u00a0 01\/01\/1984<\/li>\n<\/ul>\n<p>&nbsp;<\/p>\n<h3>Direcci\u00f3n y tribunal<\/h3>\n<ul>\n<li><strong>Director de la tesis<\/strong>\n<ul>\n<li> Mora Seco De Herrera Mar\u00eda no<\/li>\n<\/ul>\n<\/li>\n<li><strong>Tribunal<\/strong>\n<ul>\n<li>Presidente del tribunal: Juan  Francisco Galvez Morros <\/li>\n<li> Mora De Seco  Mar\u00eda no (vocal)<\/li>\n<li>Rafael Sanz Arias (vocal)<\/li>\n<li>Carlos Buxade Carbo (vocal)<\/li>\n<\/ul>\n<\/li>\n<\/ul>\n<p>&nbsp;<\/p>\n","protected":false},"excerpt":{"rendered":"<p>Tesis doctoral de Manuel Martin Bellido Se han analizado por la tecnica de lo minimos cuadrados datos de reproduccion productividad [&hellip;]<\/p>\n","protected":false},"author":1,"featured_media":0,"comment_status":"open","ping_status":"open","sticky":false,"template":"","format":"standard","meta":{"site-sidebar-layout":"default","site-content-layout":"","ast-site-content-layout":"","site-content-style":"default","site-sidebar-style":"default","ast-global-header-display":"","ast-banner-title-visibility":"","ast-main-header-display":"","ast-hfb-above-header-display":"","ast-hfb-below-header-display":"","ast-hfb-mobile-header-display":"","site-post-title":"","ast-breadcrumbs-content":"","ast-featured-img":"","footer-sml-layout":"","theme-transparent-header-meta":"","adv-header-id-meta":"","stick-header-meta":"","header-above-stick-meta":"","header-main-stick-meta":"","header-below-stick-meta":"","astra-migrate-meta-layouts":"default","ast-page-background-enabled":"default","ast-page-background-meta":{"desktop":{"background-color":"var(--ast-global-color-4)","background-image":"","background-repeat":"repeat","background-position":"center center","background-size":"auto","background-attachment":"scroll","background-type":"","background-media":"","overlay-type":"","overlay-color":"","overlay-gradient":""},"tablet":{"background-color":"","background-image":"","background-repeat":"repeat","background-position":"center center","background-size":"auto","background-attachment":"scroll","background-type":"","background-media":"","overlay-type":"","overlay-color":"","overlay-gradient":""},"mobile":{"background-color":"","background-image":"","background-repeat":"repeat","background-position":"center center","background-size":"auto","background-attachment":"scroll","background-type":"","background-media":"","overlay-type":"","overlay-color":"","overlay-gradient":""}},"ast-content-background-meta":{"desktop":{"background-color":"var(--ast-global-color-5)","background-image":"","background-repeat":"repeat","background-position":"center center","background-size":"auto","background-attachment":"scroll","background-type":"","background-media":"","overlay-type":"","overlay-color":"","overlay-gradient":""},"tablet":{"background-color":"var(--ast-global-color-5)","background-image":"","background-repeat":"repeat","background-position":"center center","background-size":"auto","background-attachment":"scroll","background-type":"","background-media":"","overlay-type":"","overlay-color":"","overlay-gradient":""},"mobile":{"background-color":"var(--ast-global-color-5)","background-image":"","background-repeat":"repeat","background-position":"center center","background-size":"auto","background-attachment":"scroll","background-type":"","background-media":"","overlay-type":"","overlay-color":"","overlay-gradient":""}},"footnotes":""},"categories":[2155,494,16008,1946],"tags":[8718,30939,33377,233020,113128,5666],"class_list":["post-118846","post","type-post","status-publish","format-standard","hentry","category-bovinos","category-ciencias-agrarias","category-politecnica-de-madrid","category-produccion-animal","tag-carlos-buxade-carbo","tag-juan-francisco-galvez-morros","tag-manuel-martin-bellido","tag-mora-de-seco-maria-no","tag-mora-seco-de-herrera-maria-no","tag-rafael-sanz-arias"],"_links":{"self":[{"href":"https:\/\/www.deberes.net\/tesis\/wp-json\/wp\/v2\/posts\/118846","targetHints":{"allow":["GET"]}}],"collection":[{"href":"https:\/\/www.deberes.net\/tesis\/wp-json\/wp\/v2\/posts"}],"about":[{"href":"https:\/\/www.deberes.net\/tesis\/wp-json\/wp\/v2\/types\/post"}],"author":[{"embeddable":true,"href":"https:\/\/www.deberes.net\/tesis\/wp-json\/wp\/v2\/users\/1"}],"replies":[{"embeddable":true,"href":"https:\/\/www.deberes.net\/tesis\/wp-json\/wp\/v2\/comments?post=118846"}],"version-history":[{"count":0,"href":"https:\/\/www.deberes.net\/tesis\/wp-json\/wp\/v2\/posts\/118846\/revisions"}],"wp:attachment":[{"href":"https:\/\/www.deberes.net\/tesis\/wp-json\/wp\/v2\/media?parent=118846"}],"wp:term":[{"taxonomy":"category","embeddable":true,"href":"https:\/\/www.deberes.net\/tesis\/wp-json\/wp\/v2\/categories?post=118846"},{"taxonomy":"post_tag","embeddable":true,"href":"https:\/\/www.deberes.net\/tesis\/wp-json\/wp\/v2\/tags?post=118846"}],"curies":[{"name":"wp","href":"https:\/\/api.w.org\/{rel}","templated":true}]}}