{"id":118925,"date":"2018-03-11T12:02:46","date_gmt":"2018-03-11T12:02:46","guid":{"rendered":"https:\/\/www.deberes.net\/tesis\/sin-categoria\/activacion-linfocitaria-t-en-la-enfermedad-de-hodgking-en-remision-estudio-fenota%c2%adpico-funcional\/"},"modified":"2018-03-11T12:02:46","modified_gmt":"2018-03-11T12:02:46","slug":"activacion-linfocitaria-t-en-la-enfermedad-de-hodgking-en-remision-estudio-fenota%c2%adpico-funcional","status":"publish","type":"post","link":"https:\/\/www.deberes.net\/tesis\/ciencias-medicas\/activacion-linfocitaria-t-en-la-enfermedad-de-hodgking-en-remision-estudio-fenota%c2%adpico-funcional\/","title":{"rendered":"Activaci\u00f3n linfocitaria t en la enfermedad de hodgking en remisi\u00f3n. estudio fenot\u00edpico funcional"},"content":{"rendered":"<h2>Tesis doctoral de <strong> Juan  Manuel Casas Fernandez De Tejerina <\/strong><\/h2>\n<p>Hemos estudiado en 28 supervivientes a largo plazo de la enfermedad de hodking, la fisiopatolog\u00eda del defecto inmune persistente tras la curaci\u00f3n del linfoma. Caracterizamos fenot\u00edpicamente las subpoblaciones celulares de sangre perif\u00e9rica objetivando uan significativa depresi\u00f3n de la poblaci\u00f3n linfoide t y de la subpoblaci\u00f3n t-4, comportando la alteraci\u00f3n de esta \u00faltima la inversi\u00f3n del cociente t-4\/t-8 en el 85% de los pacientes. Estudiamos la funcionalidad de la poblaci\u00f3n linfoide t, centrando nuestra atenci\u00f3n en los procesos modularoes de la activaci\u00f3n linfocitria, apreciando un d\u00e9ficit blastog\u00e9nico que era motivado por una alteraci\u00f3n linfocitria intr\u00ednseca en su capacidad de respuesta a la interleukina-2. Se apreciaron unos niveles normales de activaci\u00f3n de los sistemas celulares cooperadores y de defensa natural.<\/p>\n<p>&nbsp;<\/p>\n<h3>Datos acad\u00e9micos de la tesis doctoral \u00ab<strong>Activaci\u00f3n linfocitaria t en la enfermedad de hodgking en remisi\u00f3n. estudio fenot\u00edpico funcional<\/strong>\u00ab<\/h3>\n<ul>\n<li><strong>T\u00edtulo de la tesis:<\/strong>\u00a0 Activaci\u00f3n linfocitaria t en la enfermedad de hodgking en remisi\u00f3n. estudio fenot\u00edpico funcional <\/li>\n<li><strong>Autor:<\/strong>\u00a0 Juan  Manuel Casas Fernandez De Tejerina <\/li>\n<li><strong>Universidad:<\/strong>\u00a0 Navarra<\/li>\n<li><strong>Fecha de lectura de la tesis:<\/strong>\u00a0 20\/06\/1984<\/li>\n<\/ul>\n<p>&nbsp;<\/p>\n<h3>Direcci\u00f3n y tribunal<\/h3>\n<ul>\n<li><strong>Director de la tesis<\/strong>\n<ul>\n<li>Alberto Durante Martinez<\/li>\n<\/ul>\n<\/li>\n<li><strong>Tribunal<\/strong>\n<ul>\n<li>Presidente del tribunal: Gonzalo Herranz Rodriguez <\/li>\n<li>Jes\u00fas M. Prieto Valtue\u00f1a (vocal)<\/li>\n<li>Francisco Javier Pardo Mind\u00e1n (vocal)<\/li>\n<li>Alberto Durante Martinez (vocal)<\/li>\n<\/ul>\n<\/li>\n<\/ul>\n<p>&nbsp;<\/p>\n","protected":false},"excerpt":{"rendered":"<p>Tesis doctoral de Juan Manuel Casas Fernandez De Tejerina Hemos estudiado en 28 supervivientes a largo plazo de la enfermedad [&hellip;]<\/p>\n","protected":false},"author":1,"featured_media":0,"comment_status":"open","ping_status":"open","sticky":false,"template":"","format":"standard","meta":{"site-sidebar-layout":"default","site-content-layout":"","ast-site-content-layout":"","site-content-style":"default","site-sidebar-style":"default","ast-global-header-display":"","ast-banner-title-visibility":"","ast-main-header-display":"","ast-hfb-above-header-display":"","ast-hfb-below-header-display":"","ast-hfb-mobile-header-display":"","site-post-title":"","ast-breadcrumbs-content":"","ast-featured-img":"","footer-sml-layout":"","theme-transparent-header-meta":"","adv-header-id-meta":"","stick-header-meta":"","header-above-stick-meta":"","header-main-stick-meta":"","header-below-stick-meta":"","astra-migrate-meta-layouts":"default","ast-page-background-enabled":"default","ast-page-background-meta":{"desktop":{"background-color":"var(--ast-global-color-4)","background-image":"","background-repeat":"repeat","background-position":"center center","background-size":"auto","background-attachment":"scroll","background-type":"","background-media":"","overlay-type":"","overlay-color":"","overlay-gradient":""},"tablet":{"background-color":"","background-image":"","background-repeat":"repeat","background-position":"center center","background-size":"auto","background-attachment":"scroll","background-type":"","background-media":"","overlay-type":"","overlay-color":"","overlay-gradient":""},"mobile":{"background-color":"","background-image":"","background-repeat":"repeat","background-position":"center center","background-size":"auto","background-attachment":"scroll","background-type":"","background-media":"","overlay-type":"","overlay-color":"","overlay-gradient":""}},"ast-content-background-meta":{"desktop":{"background-color":"var(--ast-global-color-5)","background-image":"","background-repeat":"repeat","background-position":"center center","background-size":"auto","background-attachment":"scroll","background-type":"","background-media":"","overlay-type":"","overlay-color":"","overlay-gradient":""},"tablet":{"background-color":"var(--ast-global-color-5)","background-image":"","background-repeat":"repeat","background-position":"center center","background-size":"auto","background-attachment":"scroll","background-type":"","background-media":"","overlay-type":"","overlay-color":"","overlay-gradient":""},"mobile":{"background-color":"var(--ast-global-color-5)","background-image":"","background-repeat":"repeat","background-position":"center center","background-size":"auto","background-attachment":"scroll","background-type":"","background-media":"","overlay-type":"","overlay-color":"","overlay-gradient":""}},"footnotes":""},"categories":[35,9,1737,17749,347],"tags":[14289,2940,37980,15059,50987],"class_list":["post-118925","post","type-post","status-publish","format-standard","hentry","category-ciencias-de-la-vida","category-ciencias-medicas","category-inmunologia","category-navarra","category-oncologia-clinica","tag-alberto-durante-Martinez","tag-francisco-javier-pardo-mindan","tag-gonzalo-herranz-rodriguez","tag-jesus-m-prieto-valtuena","tag-juan-manuel-casas-fernandez-de-tejerina"],"_links":{"self":[{"href":"https:\/\/www.deberes.net\/tesis\/wp-json\/wp\/v2\/posts\/118925","targetHints":{"allow":["GET"]}}],"collection":[{"href":"https:\/\/www.deberes.net\/tesis\/wp-json\/wp\/v2\/posts"}],"about":[{"href":"https:\/\/www.deberes.net\/tesis\/wp-json\/wp\/v2\/types\/post"}],"author":[{"embeddable":true,"href":"https:\/\/www.deberes.net\/tesis\/wp-json\/wp\/v2\/users\/1"}],"replies":[{"embeddable":true,"href":"https:\/\/www.deberes.net\/tesis\/wp-json\/wp\/v2\/comments?post=118925"}],"version-history":[{"count":0,"href":"https:\/\/www.deberes.net\/tesis\/wp-json\/wp\/v2\/posts\/118925\/revisions"}],"wp:attachment":[{"href":"https:\/\/www.deberes.net\/tesis\/wp-json\/wp\/v2\/media?parent=118925"}],"wp:term":[{"taxonomy":"category","embeddable":true,"href":"https:\/\/www.deberes.net\/tesis\/wp-json\/wp\/v2\/categories?post=118925"},{"taxonomy":"post_tag","embeddable":true,"href":"https:\/\/www.deberes.net\/tesis\/wp-json\/wp\/v2\/tags?post=118925"}],"curies":[{"name":"wp","href":"https:\/\/api.w.org\/{rel}","templated":true}]}}