{"id":11908,"date":"2001-03-07T00:00:00","date_gmt":"2001-03-07T00:00:00","guid":{"rendered":"https:\/\/www.deberes.net\/tesis\/sin-categoria\/la-prefijacion-con-incidencia-argumental-en-espanol-los-prefijos-auto-co-e-inter\/"},"modified":"2001-03-07T00:00:00","modified_gmt":"2001-03-07T00:00:00","slug":"la-prefijacion-con-incidencia-argumental-en-espanol-los-prefijos-auto-co-e-inter","status":"publish","type":"post","link":"https:\/\/www.deberes.net\/tesis\/linguistica\/la-prefijacion-con-incidencia-argumental-en-espanol-los-prefijos-auto-co-e-inter\/","title":{"rendered":"La prefijaci\u00f3n con incidencia argumental en espa\u00f1ol: los prefijos auto-,co-e inter-"},"content":{"rendered":"<h2>Tesis doctoral de <strong> Elena Fel\u00edu Arquiola <\/strong><\/h2>\n<p>Esta tesis doctoral trata de la formaci\u00f3n de palabras mediante los prefijos auto-, co- e inter- desde una perspectiva morfosem\u00e1ntica. La hip\u00f3tesis que constituye el punto de partida de este trabajo es que, frente a otros prefijos l\u00e9xicos, como los aspectuales, que modifican el evento expresado por la base, o los intensivos, que llevan a cabo una modificaci\u00f3n sobre una propiedad o sobre un evento, los prefijos auto-, co- e inter- realizan una modificaci\u00f3n sobre uno o m\u00e1s participantes asociados con la estructura l\u00e9xico-sem\u00e1ntica de la palabra base.  tomando como base emp\u00edrica un corpues de formaciones prefijadas elaborado a partir de fuentes de distinto tipo (diccionarios normativos y de uso de la lengua; publicaciones peri\u00f3dicas; corpus de referencia de la lengua actual de la real academia espa\u00f1ola, etc.), En esta tesis doctoral se realiza en primer lugar una minuciosa descripci\u00f3n de la formaci\u00f3n de palabras mediante los prefijos seleccionados, procesos morfol\u00f3gicos que hasta ahora no hab\u00edan sido analizados de forma detallada en la bibliograf\u00eda especializada.  tras el estudio descriptivo, se propone una posible formalizaci\u00f3n morfosem\u00e1ntica de la prefijaci\u00f3n con incidencia argumental en espa\u00f1ol. Esta formalizaci\u00f3n pretende recoger el hecho de que tales prefijos realizan un mismo tipo de modificaci\u00f3n sem\u00e1ntica sobre la estructura l\u00e9xico-sem\u00e1ntica de sus bases y, por otra parte, persigue reflejar las diferencias que existen entre estos prefijos y otras subclases de prefijos l\u00e9xicos como son los aspectuales y los intensivos.  esta tesis doctoral se sit\u00faa as\u00ed entre las propuestas que aplican las estructuras l\u00e9xico-sem\u00e1nticas al estudio de la morfolog\u00eda derivativa, l\u00ednea de investigaci\u00f3n que se ha desarrollado notablemente a lo largo de los \u00faltimos diez a\u00f1os. Dentro de esta aproximaci\u00f3n a la formaci\u00f3n de palabras, esta tesis  doctoral presenta la novedad de desarrollar el an\u00e1lisis morfosem\u00e1ntico utiliza<\/p>\n<p>&nbsp;<\/p>\n<h3>Datos acad\u00e9micos de la tesis doctoral \u00ab<strong>La prefijaci\u00f3n con incidencia argumental en espa\u00f1ol: los prefijos auto-,co-e inter-<\/strong>\u00ab<\/h3>\n<ul>\n<li><strong>T\u00edtulo de la tesis:<\/strong>\u00a0 La prefijaci\u00f3n con incidencia argumental en espa\u00f1ol: los prefijos auto-,co-e inter- <\/li>\n<li><strong>Autor:<\/strong>\u00a0 Elena Fel\u00edu Arquiola <\/li>\n<li><strong>Universidad:<\/strong>\u00a0 Aut\u00f3noma de Madrid<\/li>\n<li><strong>Fecha de lectura de la tesis:<\/strong>\u00a0 03\/07\/2001<\/li>\n<\/ul>\n<p>&nbsp;<\/p>\n<h3>Direcci\u00f3n y tribunal<\/h3>\n<ul>\n<li><strong>Director de la tesis<\/strong>\n<ul>\n<li>Soledad Varela Ortega<\/li>\n<\/ul>\n<\/li>\n<li><strong>Tribunal<\/strong>\n<ul>\n<li>Presidente del tribunal: ignacio Bosque mu\u00f1oz <\/li>\n<li>bruno Camus bergareche (vocal)<\/li>\n<li>lLuisa Grana sole (vocal)<\/li>\n<li> Val \u00c1lvaro Jos\u00e9 Francisco (vocal)<\/li>\n<\/ul>\n<\/li>\n<\/ul>\n<p>&nbsp;<\/p>\n","protected":false},"excerpt":{"rendered":"<p>Tesis doctoral de Elena Fel\u00edu Arquiola Esta tesis doctoral trata de la formaci\u00f3n de palabras mediante los prefijos auto-, co- [&hellip;]<\/p>\n","protected":false},"author":1,"featured_media":0,"comment_status":"open","ping_status":"open","sticky":false,"template":"","format":"standard","meta":{"site-sidebar-layout":"default","site-content-layout":"","ast-site-content-layout":"","site-content-style":"default","site-sidebar-style":"default","ast-global-header-display":"","ast-banner-title-visibility":"","ast-main-header-display":"","ast-hfb-above-header-display":"","ast-hfb-below-header-display":"","ast-hfb-mobile-header-display":"","site-post-title":"","ast-breadcrumbs-content":"","ast-featured-img":"","footer-sml-layout":"","theme-transparent-header-meta":"","adv-header-id-meta":"","stick-header-meta":"","header-above-stick-meta":"","header-main-stick-meta":"","header-below-stick-meta":"","astra-migrate-meta-layouts":"default","ast-page-background-enabled":"default","ast-page-background-meta":{"desktop":{"background-color":"var(--ast-global-color-4)","background-image":"","background-repeat":"repeat","background-position":"center center","background-size":"auto","background-attachment":"scroll","background-type":"","background-media":"","overlay-type":"","overlay-color":"","overlay-gradient":""},"tablet":{"background-color":"","background-image":"","background-repeat":"repeat","background-position":"center center","background-size":"auto","background-attachment":"scroll","background-type":"","background-media":"","overlay-type":"","overlay-color":"","overlay-gradient":""},"mobile":{"background-color":"","background-image":"","background-repeat":"repeat","background-position":"center center","background-size":"auto","background-attachment":"scroll","background-type":"","background-media":"","overlay-type":"","overlay-color":"","overlay-gradient":""}},"ast-content-background-meta":{"desktop":{"background-color":"var(--ast-global-color-5)","background-image":"","background-repeat":"repeat","background-position":"center center","background-size":"auto","background-attachment":"scroll","background-type":"","background-media":"","overlay-type":"","overlay-color":"","overlay-gradient":""},"tablet":{"background-color":"var(--ast-global-color-5)","background-image":"","background-repeat":"repeat","background-position":"center center","background-size":"auto","background-attachment":"scroll","background-type":"","background-media":"","overlay-type":"","overlay-color":"","overlay-gradient":""},"mobile":{"background-color":"var(--ast-global-color-5)","background-image":"","background-repeat":"repeat","background-position":"center center","background-size":"auto","background-attachment":"scroll","background-type":"","background-media":"","overlay-type":"","overlay-color":"","overlay-gradient":""}},"footnotes":""},"categories":[59,62,12596,3016],"tags":[39031,39030,2543,39032,14411,29002],"class_list":["post-11908","post","type-post","status-publish","format-standard","hentry","category-linguistica","category-linguistica-sincronica","category-ortografia","category-teoria-linguistica","tag-bruno-camus-bergareche","tag-elena-feliu-arquiola","tag-ignacio-bosque-munoz","tag-lluisa-grana-sole","tag-soledad-varela-ortega","tag-val-alvaro-jose-francisco"],"_links":{"self":[{"href":"https:\/\/www.deberes.net\/tesis\/wp-json\/wp\/v2\/posts\/11908","targetHints":{"allow":["GET"]}}],"collection":[{"href":"https:\/\/www.deberes.net\/tesis\/wp-json\/wp\/v2\/posts"}],"about":[{"href":"https:\/\/www.deberes.net\/tesis\/wp-json\/wp\/v2\/types\/post"}],"author":[{"embeddable":true,"href":"https:\/\/www.deberes.net\/tesis\/wp-json\/wp\/v2\/users\/1"}],"replies":[{"embeddable":true,"href":"https:\/\/www.deberes.net\/tesis\/wp-json\/wp\/v2\/comments?post=11908"}],"version-history":[{"count":0,"href":"https:\/\/www.deberes.net\/tesis\/wp-json\/wp\/v2\/posts\/11908\/revisions"}],"wp:attachment":[{"href":"https:\/\/www.deberes.net\/tesis\/wp-json\/wp\/v2\/media?parent=11908"}],"wp:term":[{"taxonomy":"category","embeddable":true,"href":"https:\/\/www.deberes.net\/tesis\/wp-json\/wp\/v2\/categories?post=11908"},{"taxonomy":"post_tag","embeddable":true,"href":"https:\/\/www.deberes.net\/tesis\/wp-json\/wp\/v2\/tags?post=11908"}],"curies":[{"name":"wp","href":"https:\/\/api.w.org\/{rel}","templated":true}]}}