{"id":11915,"date":"2001-03-07T00:00:00","date_gmt":"2001-03-07T00:00:00","guid":{"rendered":"https:\/\/www.deberes.net\/tesis\/sin-categoria\/diputacion-y-monarqua%c2%ada-el-poder-pola%c2%adtico-en-catalula-1563-1599\/"},"modified":"2001-03-07T00:00:00","modified_gmt":"2001-03-07T00:00:00","slug":"diputacion-y-monarqua%c2%ada-el-poder-pola%c2%adtico-en-catalula-1563-1599","status":"publish","type":"post","link":"https:\/\/www.deberes.net\/tesis\/historia-contemporanea\/diputacion-y-monarqua%c2%ada-el-poder-pola%c2%adtico-en-catalula-1563-1599\/","title":{"rendered":"Diputaci\u00f3n y monarqu\u00eda. el poder pol\u00edtico en catalula, 1563-1599"},"content":{"rendered":"<h2>Tesis doctoral de <strong> Miquel P\u00e9rez Latre <\/strong><\/h2>\n<p>La presente tesis doctoral ofrece una aproximaci\u00f3n a uno de los momentos culminantes de la evoluci\u00f3n hist\u00f3rica de la diputaci\u00f3 del general de catalu\u00f1a, organismo clave dentro del sistema institucional catal\u00e1n de la \u00e9poca de los austria, en su doble dimensi\u00f3n de garante del pacto pol\u00edtica entre la terri i la dinast\u00eda, y de primera instituci\u00f3n fiscal del pa\u00eds. Al tratarse de una instituci\u00f3n nacida como delegaci\u00f3n permanente de las cortes, los l\u00edmites cronol\u00f3gicos del presente estudio se sit\u00faan entre las convocatorias de 1563-1564, las primeras de felipe ii como monarca, y las de 1599, celebradas un a\u00f1o despu\u00e9s de su muerte y que recogen buena parte de los problemas suscitados en catalu\u00f1a durante los imprudentes \u00faltimos a\u00f1os del llamado rey prudente. Entre una y otra fecha se observa en la historia de la instituci\u00f3n un proceso de progresivo fortalecimiento en competencia con las tambi\u00e9n reorganizadas fuerzas de la monarqu\u00eda en catalu\u00f1a. Un fortalecimiento, en primer lugar, como administraci\u00f3n fiscal p\u00fablica, gracias a un per\u00edodo de s\u00f3lida expansi\u00f3n econ\u00f3mica que posibilita un notable aumento de los ingresos durante las d\u00e9cadas centrales del quinientos. Esta disponibilidad financiera llev\u00f3 pronto, en una seguda fase, a un crecimiento desde el punto de vista patrimonial, jurisdiccional y simb\u00f3lico, tendente a multiplicar la presencia de la instituci\u00f3n por todo el pa\u00eds, a trav\u00e9s de nuevos edificios permanentes y m\u00e1s funcionarios, muy especialmente a lo largo de las d\u00e9cadas de los a\u00f1os setenta y primeros ochenta del siglo xvi. Cerrando el c\u00edrculo, finalmente, la diputaci\u00f3 del general se convertir\u00e1n, especialmente a partir de las cortes de 1585 en un centro de poder pol\u00edtico y social de primer orden, desde el cual se construir\u00e1n los principales argumentos ideol\u00f3gicos de un partido de la tierra enfrentado al expansionismo jurisdiccional de la administraci\u00f3n judicial real y a la creciente voracidad de la nueva estructura militar real de frontera. Cada uno de los tres vectores cronol\u00f3gicos y tem\u00e1ticos apuntados en la evoluci\u00f3n hist\u00f3rica de la diputaci\u00f3 del general entre 1563 y 1599 dan origen a las diferentes partes del trabajo, completado a trav\u00e9s del an\u00e1lisis de los cambios introducidos de forma paralela a las instituciones del rey en catalu\u00f1a, de un lado y de otro, con el seguimiento de los hechos pol\u00edticos fundamentales del per\u00edodo, todav\u00eda no suficientemente conocidos por la historiograf\u00eda. En conclusi\u00f3n, durante el reinado de felipe ii, la diputaci\u00f3 del general i la real audiencia -a pesar de la existencia de notables contradicciones internas y de la circulaci\u00f3n de personas e ideas entre una y otra instituci\u00f3n, elementos que no conviene olvidar- cristalizan definitivamente como dos polos opuestos en la visi\u00f3n de las relaciones pol\u00edticas entre la tierra y la dinast\u00eda, para convertirse despu\u00e9s durante las primeras d\u00e9cadas del xvii, en los centros a trav\u00e9s de los cuales fueron vehiculadas las controversias pol\u00edticas y las trayectorias personales y ideol\u00f3gicas claves para entender la revoluci\u00f3n catalana de 1640.<\/p>\n<p>&nbsp;<\/p>\n<h3>Datos acad\u00e9micos de la tesis doctoral \u00ab<strong>Diputaci\u00f3n y monarqu\u00eda. el poder pol\u00edtico en catalula, 1563-1599<\/strong>\u00ab<\/h3>\n<ul>\n<li><strong>T\u00edtulo de la tesis:<\/strong>\u00a0 Diputaci\u00f3n y monarqu\u00eda. el poder pol\u00edtico en catalula, 1563-1599 <\/li>\n<li><strong>Autor:<\/strong>\u00a0 Miquel P\u00e9rez Latre <\/li>\n<li><strong>Universidad:<\/strong>\u00a0 Pompeu fabra<\/li>\n<li><strong>Fecha de lectura de la tesis:<\/strong>\u00a0 03\/07\/2001<\/li>\n<\/ul>\n<p>&nbsp;<\/p>\n<h3>Direcci\u00f3n y tribunal<\/h3>\n<ul>\n<li><strong>Director de la tesis<\/strong>\n<ul>\n<li>Eva Serra Puig<\/li>\n<\/ul>\n<\/li>\n<li><strong>Tribunal<\/strong>\n<ul>\n<li>Presidente del tribunal: ernest Belenguer cebria <\/li>\n<li>lLuis julia Guia mar\u00edn (vocal)<\/li>\n<li>gregorio Colas latorre (vocal)<\/li>\n<li>josep Mar\u00eda Sans trave (vocal)<\/li>\n<\/ul>\n<\/li>\n<\/ul>\n<p>&nbsp;<\/p>\n","protected":false},"excerpt":{"rendered":"<p>Tesis doctoral de Miquel P\u00e9rez Latre La presente tesis doctoral ofrece una aproximaci\u00f3n a uno de los momentos culminantes de [&hellip;]<\/p>\n","protected":false},"author":1,"featured_media":0,"comment_status":"open","ping_status":"open","sticky":false,"template":"","format":"standard","meta":{"site-sidebar-layout":"default","site-content-layout":"","ast-site-content-layout":"","site-content-style":"default","site-sidebar-style":"default","ast-global-header-display":"","ast-banner-title-visibility":"","ast-main-header-display":"","ast-hfb-above-header-display":"","ast-hfb-below-header-display":"","ast-hfb-mobile-header-display":"","site-post-title":"","ast-breadcrumbs-content":"","ast-featured-img":"","footer-sml-layout":"","theme-transparent-header-meta":"","adv-header-id-meta":"","stick-header-meta":"","header-above-stick-meta":"","header-main-stick-meta":"","header-below-stick-meta":"","astra-migrate-meta-layouts":"default","ast-page-background-enabled":"default","ast-page-background-meta":{"desktop":{"background-color":"var(--ast-global-color-4)","background-image":"","background-repeat":"repeat","background-position":"center center","background-size":"auto","background-attachment":"scroll","background-type":"","background-media":"","overlay-type":"","overlay-color":"","overlay-gradient":""},"tablet":{"background-color":"","background-image":"","background-repeat":"repeat","background-position":"center center","background-size":"auto","background-attachment":"scroll","background-type":"","background-media":"","overlay-type":"","overlay-color":"","overlay-gradient":""},"mobile":{"background-color":"","background-image":"","background-repeat":"repeat","background-position":"center center","background-size":"auto","background-attachment":"scroll","background-type":"","background-media":"","overlay-type":"","overlay-color":"","overlay-gradient":""}},"ast-content-background-meta":{"desktop":{"background-color":"var(--ast-global-color-5)","background-image":"","background-repeat":"repeat","background-position":"center center","background-size":"auto","background-attachment":"scroll","background-type":"","background-media":"","overlay-type":"","overlay-color":"","overlay-gradient":""},"tablet":{"background-color":"var(--ast-global-color-5)","background-image":"","background-repeat":"repeat","background-position":"center center","background-size":"auto","background-attachment":"scroll","background-type":"","background-media":"","overlay-type":"","overlay-color":"","overlay-gradient":""},"mobile":{"background-color":"var(--ast-global-color-5)","background-image":"","background-repeat":"repeat","background-position":"center center","background-size":"auto","background-attachment":"scroll","background-type":"","background-media":"","overlay-type":"","overlay-color":"","overlay-gradient":""}},"footnotes":""},"categories":[1816,18712],"tags":[27634,32661,39056,39057,39055,39054],"class_list":["post-11915","post","type-post","status-publish","format-standard","hentry","category-historia-contemporanea","category-pompeu-fabra","tag-ernest-belenguer-cebria","tag-eva-serra-puig","tag-gregorio-colas-latorre","tag-josep-maria-sans-trave","tag-lluis-julia-guia-marin","tag-miquel-perez-latre"],"_links":{"self":[{"href":"https:\/\/www.deberes.net\/tesis\/wp-json\/wp\/v2\/posts\/11915","targetHints":{"allow":["GET"]}}],"collection":[{"href":"https:\/\/www.deberes.net\/tesis\/wp-json\/wp\/v2\/posts"}],"about":[{"href":"https:\/\/www.deberes.net\/tesis\/wp-json\/wp\/v2\/types\/post"}],"author":[{"embeddable":true,"href":"https:\/\/www.deberes.net\/tesis\/wp-json\/wp\/v2\/users\/1"}],"replies":[{"embeddable":true,"href":"https:\/\/www.deberes.net\/tesis\/wp-json\/wp\/v2\/comments?post=11915"}],"version-history":[{"count":0,"href":"https:\/\/www.deberes.net\/tesis\/wp-json\/wp\/v2\/posts\/11915\/revisions"}],"wp:attachment":[{"href":"https:\/\/www.deberes.net\/tesis\/wp-json\/wp\/v2\/media?parent=11915"}],"wp:term":[{"taxonomy":"category","embeddable":true,"href":"https:\/\/www.deberes.net\/tesis\/wp-json\/wp\/v2\/categories?post=11915"},{"taxonomy":"post_tag","embeddable":true,"href":"https:\/\/www.deberes.net\/tesis\/wp-json\/wp\/v2\/tags?post=11915"}],"curies":[{"name":"wp","href":"https:\/\/api.w.org\/{rel}","templated":true}]}}