{"id":119910,"date":"2018-03-11T12:04:11","date_gmt":"2018-03-11T12:04:11","guid":{"rendered":"https:\/\/www.deberes.net\/tesis\/sin-categoria\/electrofisiologa%c2%ada-del-procesamiento-de-informacion-humano\/"},"modified":"2018-03-11T12:04:11","modified_gmt":"2018-03-11T12:04:11","slug":"electrofisiologa%c2%ada-del-procesamiento-de-informacion-humano","status":"publish","type":"post","link":"https:\/\/www.deberes.net\/tesis\/psicologia\/electrofisiologa%c2%ada-del-procesamiento-de-informacion-humano\/","title":{"rendered":"Electrofisiolog\u00eda del procesamiento de informaci\u00f3n humano"},"content":{"rendered":"<h2>Tesis doctoral de <strong> Antonio Andres Pueyo <\/strong><\/h2>\n<p>Se realizo un estudio experimental del lenguaje subvocal y sus relaciones con la memoria de trabajo por medio de la electromiografia periferica. Se utiliz\u00f3 un paradigma experimental de recuerdo libre de silabas sin sentido y se confirm\u00f3 la mayor activaci\u00f3n de los m\u00fasculos linguales en la condici\u00f3n de mayor dificultad de memorizaci\u00f3n de los est\u00edmulos verbales. Asimismo se constat\u00f3 la especificidad fonolog\u00edca de la mencionada activaci\u00f3n emg.  estos resultados apoyan el papel facilitador del lenguaje subvocal en el funcionamiento de la memoria verbal.  tambi\u00e9n en la tesis se realiza una extensa revisi\u00f3n de los estudios electrofisiol\u00f3gicos de las actividades cognitivas que son el marco te\u00f3rico de los experimentos analizados en la tesis por \u00faltimo se analiz\u00f3  exhaustivamente los trabajos y teorias del dr. F.J. Mcguigan experto en este tema.<\/p>\n<p>&nbsp;<\/p>\n<h3>Datos acad\u00e9micos de la tesis doctoral \u00ab<strong>Electrofisiolog\u00eda del procesamiento de informaci\u00f3n humano<\/strong>\u00ab<\/h3>\n<ul>\n<li><strong>T\u00edtulo de la tesis:<\/strong>\u00a0 Electrofisiolog\u00eda del procesamiento de informaci\u00f3n humano <\/li>\n<li><strong>Autor:<\/strong>\u00a0 Antonio Andres Pueyo <\/li>\n<li><strong>Universidad:<\/strong>\u00a0 Barcelona<\/li>\n<li><strong>Fecha de lectura de la tesis:<\/strong>\u00a0 17\/12\/1985<\/li>\n<\/ul>\n<p>&nbsp;<\/p>\n<h3>Direcci\u00f3n y tribunal<\/h3>\n<ul>\n<li><strong>Director de la tesis<\/strong>\n<ul>\n<li>Josep Mar\u00eda Tous Ral<\/li>\n<\/ul>\n<\/li>\n<li><strong>Tribunal<\/strong>\n<ul>\n<li>Presidente del tribunal: Jaime Arnau gras <\/li>\n<li>edelmira Domenech llaberia (vocal)<\/li>\n<li>Antonio Guillam\u00f3n fern\u00e1ndez (vocal)<\/li>\n<li>Miguel S\u00e1nchez turet (vocal)<\/li>\n<\/ul>\n<\/li>\n<\/ul>\n<p>&nbsp;<\/p>\n","protected":false},"excerpt":{"rendered":"<p>Tesis doctoral de Antonio Andres Pueyo Se realizo un estudio experimental del lenguaje subvocal y sus relaciones con la memoria [&hellip;]<\/p>\n","protected":false},"author":1,"featured_media":0,"comment_status":"open","ping_status":"open","sticky":false,"template":"","format":"standard","meta":{"site-sidebar-layout":"default","site-content-layout":"","ast-site-content-layout":"","site-content-style":"default","site-sidebar-style":"default","ast-global-header-display":"","ast-banner-title-visibility":"","ast-main-header-display":"","ast-hfb-above-header-display":"","ast-hfb-below-header-display":"","ast-hfb-mobile-header-display":"","site-post-title":"","ast-breadcrumbs-content":"","ast-featured-img":"","footer-sml-layout":"","theme-transparent-header-meta":"","adv-header-id-meta":"","stick-header-meta":"","header-above-stick-meta":"","header-main-stick-meta":"","header-below-stick-meta":"","astra-migrate-meta-layouts":"default","ast-page-background-enabled":"default","ast-page-background-meta":{"desktop":{"background-color":"var(--ast-global-color-4)","background-image":"","background-repeat":"repeat","background-position":"center center","background-size":"auto","background-attachment":"scroll","background-type":"","background-media":"","overlay-type":"","overlay-color":"","overlay-gradient":""},"tablet":{"background-color":"","background-image":"","background-repeat":"repeat","background-position":"center center","background-size":"auto","background-attachment":"scroll","background-type":"","background-media":"","overlay-type":"","overlay-color":"","overlay-gradient":""},"mobile":{"background-color":"","background-image":"","background-repeat":"repeat","background-position":"center center","background-size":"auto","background-attachment":"scroll","background-type":"","background-media":"","overlay-type":"","overlay-color":"","overlay-gradient":""}},"ast-content-background-meta":{"desktop":{"background-color":"var(--ast-global-color-5)","background-image":"","background-repeat":"repeat","background-position":"center center","background-size":"auto","background-attachment":"scroll","background-type":"","background-media":"","overlay-type":"","overlay-color":"","overlay-gradient":""},"tablet":{"background-color":"var(--ast-global-color-5)","background-image":"","background-repeat":"repeat","background-position":"center center","background-size":"auto","background-attachment":"scroll","background-type":"","background-media":"","overlay-type":"","overlay-color":"","overlay-gradient":""},"mobile":{"background-color":"var(--ast-global-color-5)","background-image":"","background-repeat":"repeat","background-position":"center center","background-size":"auto","background-attachment":"scroll","background-type":"","background-media":"","overlay-type":"","overlay-color":"","overlay-gradient":""}},"footnotes":""},"categories":[951,1175,5262,324,5110],"tags":[19861,13635,13749,3118,8883,6691],"class_list":["post-119910","post","type-post","status-publish","format-standard","hentry","category-barcelona","category-evaluacion-y-diagnostico-en-psicologia","category-procesos-mentales","category-psicologia","category-psicologia-fisiologica","tag-antonio-andres-pueyo","tag-antonio-guillamon-fernandez","tag-edelmira-domenech-llaberia","tag-jaime-arnau-gras","tag-josep-maria-tous-ral","tag-miguel-sanchez-turet"],"_links":{"self":[{"href":"https:\/\/www.deberes.net\/tesis\/wp-json\/wp\/v2\/posts\/119910","targetHints":{"allow":["GET"]}}],"collection":[{"href":"https:\/\/www.deberes.net\/tesis\/wp-json\/wp\/v2\/posts"}],"about":[{"href":"https:\/\/www.deberes.net\/tesis\/wp-json\/wp\/v2\/types\/post"}],"author":[{"embeddable":true,"href":"https:\/\/www.deberes.net\/tesis\/wp-json\/wp\/v2\/users\/1"}],"replies":[{"embeddable":true,"href":"https:\/\/www.deberes.net\/tesis\/wp-json\/wp\/v2\/comments?post=119910"}],"version-history":[{"count":0,"href":"https:\/\/www.deberes.net\/tesis\/wp-json\/wp\/v2\/posts\/119910\/revisions"}],"wp:attachment":[{"href":"https:\/\/www.deberes.net\/tesis\/wp-json\/wp\/v2\/media?parent=119910"}],"wp:term":[{"taxonomy":"category","embeddable":true,"href":"https:\/\/www.deberes.net\/tesis\/wp-json\/wp\/v2\/categories?post=119910"},{"taxonomy":"post_tag","embeddable":true,"href":"https:\/\/www.deberes.net\/tesis\/wp-json\/wp\/v2\/tags?post=119910"}],"curies":[{"name":"wp","href":"https:\/\/api.w.org\/{rel}","templated":true}]}}