{"id":12014,"date":"2001-06-07T00:00:00","date_gmt":"2001-06-07T00:00:00","guid":{"rendered":"https:\/\/www.deberes.net\/tesis\/sin-categoria\/variacion-social-y-reticular-de-las-consonantes-obstruyentes-dentales-y-palatal\/"},"modified":"2001-06-07T00:00:00","modified_gmt":"2001-06-07T00:00:00","slug":"variacion-social-y-reticular-de-las-consonantes-obstruyentes-dentales-y-palatal","status":"publish","type":"post","link":"https:\/\/www.deberes.net\/tesis\/linguistica\/variacion-social-y-reticular-de-las-consonantes-obstruyentes-dentales-y-palatal\/","title":{"rendered":"Variaci\u00f3n social y reticular de las consonantes obstruyentes dentales y palatal."},"content":{"rendered":"<h2>Tesis doctoral de <strong> Inmaculada Cuevas Molina <\/strong><\/h2>\n<p>El trabajo que aqu\u00ed se presenta forma parte del m\u00e1s amplio proyecto de investigaci\u00f3n de las variedades vern\u00e1culas malague\u00f1as (v.U.M). Se trata de un trabajo ling\u00ed\u00bc\u00edstico que se lleva a cabo en la ciduad de m\u00e1laga desde principios de los noventa.  una primera fase consiste en la elaboraci\u00f3n de un corpus de lengua hablada en la ciudad. No se trata de una mera colecci\u00f3n de textos sino de unas transliteraciones anotadas (seg\u00fan formato de las normas t.E.I.). Mediante esas anotaciones se hace expl\u00edcita la informaci\u00f3ni mpl\u00edcita en los textos.  hemos contribuido a este corpus general con la elaboraci\u00f3n de la muestra correspondiente a un barrio de la ciudad. Para acceder a los datos hemos utilizado la metodolog\u00eda de red social. Sobre esta muestra hemos estudiado la variaci\u00f3n social (t\u00e9cnicas cuantitativas), reticular (red social) e individual (an\u00e1lisis cualitativo) de la reducci\u00f3n andaluza de las consonantes obstruyentes dentales (\/0\/ y \/s\/) que representamos \/0 5\/ y la lenici\u00f3n de la palatal tensa \/c\/. Con relaci\u00f3n a estos dos fen\u00f3menos fonol\u00f3gicos hemos estudiado las restricciones de cocurrencia que pueden darse entre ellos y c\u00f3mo los hablantes se sit\u00faan en el continuo tridimensional de la variedada andaluza oral.<\/p>\n<p>&nbsp;<\/p>\n<h3>Datos acad\u00e9micos de la tesis doctoral \u00ab<strong>Variaci\u00f3n social y reticular de las consonantes obstruyentes dentales y palatal.<\/strong>\u00ab<\/h3>\n<ul>\n<li><strong>T\u00edtulo de la tesis:<\/strong>\u00a0 Variaci\u00f3n social y reticular de las consonantes obstruyentes dentales y palatal. <\/li>\n<li><strong>Autor:<\/strong>\u00a0 Inmaculada Cuevas Molina <\/li>\n<li><strong>Universidad:<\/strong>\u00a0 M\u00e1laga<\/li>\n<li><strong>Fecha de lectura de la tesis:<\/strong>\u00a0 06\/07\/2001<\/li>\n<\/ul>\n<p>&nbsp;<\/p>\n<h3>Direcci\u00f3n y tribunal<\/h3>\n<ul>\n<li><strong>Director de la tesis<\/strong>\n<ul>\n<li>Juan  Andr\u00e9s Villena Ponsoda<\/li>\n<\/ul>\n<\/li>\n<li><strong>Tribunal<\/strong>\n<ul>\n<li>Presidente del tribunal: Juan  Antonio Moya  corral <\/li>\n<li>gloria Guerrero ramos (vocal)<\/li>\n<li>f\u00e9lix Requena santos (vocal)<\/li>\n<li>Francisco Diaz montesinos (vocal)<\/li>\n<\/ul>\n<\/li>\n<\/ul>\n<p>&nbsp;<\/p>\n","protected":false},"excerpt":{"rendered":"<p>Tesis doctoral de Inmaculada Cuevas Molina El trabajo que aqu\u00ed se presenta forma parte del m\u00e1s amplio proyecto de investigaci\u00f3n [&hellip;]<\/p>\n","protected":false},"author":1,"featured_media":0,"comment_status":"open","ping_status":"open","sticky":false,"template":"","format":"standard","meta":{"site-sidebar-layout":"default","site-content-layout":"","ast-site-content-layout":"","site-content-style":"default","site-sidebar-style":"default","ast-global-header-display":"","ast-banner-title-visibility":"","ast-main-header-display":"","ast-hfb-above-header-display":"","ast-hfb-below-header-display":"","ast-hfb-mobile-header-display":"","site-post-title":"","ast-breadcrumbs-content":"","ast-featured-img":"","footer-sml-layout":"","theme-transparent-header-meta":"","adv-header-id-meta":"","stick-header-meta":"","header-above-stick-meta":"","header-main-stick-meta":"","header-below-stick-meta":"","astra-migrate-meta-layouts":"default","ast-page-background-enabled":"default","ast-page-background-meta":{"desktop":{"background-color":"var(--ast-global-color-4)","background-image":"","background-repeat":"repeat","background-position":"center center","background-size":"auto","background-attachment":"scroll","background-type":"","background-media":"","overlay-type":"","overlay-color":"","overlay-gradient":""},"tablet":{"background-color":"","background-image":"","background-repeat":"repeat","background-position":"center center","background-size":"auto","background-attachment":"scroll","background-type":"","background-media":"","overlay-type":"","overlay-color":"","overlay-gradient":""},"mobile":{"background-color":"","background-image":"","background-repeat":"repeat","background-position":"center center","background-size":"auto","background-attachment":"scroll","background-type":"","background-media":"","overlay-type":"","overlay-color":"","overlay-gradient":""}},"ast-content-background-meta":{"desktop":{"background-color":"var(--ast-global-color-5)","background-image":"","background-repeat":"repeat","background-position":"center center","background-size":"auto","background-attachment":"scroll","background-type":"","background-media":"","overlay-type":"","overlay-color":"","overlay-gradient":""},"tablet":{"background-color":"var(--ast-global-color-5)","background-image":"","background-repeat":"repeat","background-position":"center center","background-size":"auto","background-attachment":"scroll","background-type":"","background-media":"","overlay-type":"","overlay-color":"","overlay-gradient":""},"mobile":{"background-color":"var(--ast-global-color-5)","background-image":"","background-repeat":"repeat","background-position":"center center","background-size":"auto","background-attachment":"scroll","background-type":"","background-media":"","overlay-type":"","overlay-color":"","overlay-gradient":""}},"footnotes":""},"categories":[424,59,62,7834,3676],"tags":[31950,39378,21732,39377,7988,7989],"class_list":["post-12014","post","type-post","status-publish","format-standard","hentry","category-fonologia","category-linguistica","category-linguistica-sincronica","category-malaga","category-sociolinguistica","tag-felix-requena-santos","tag-francisco-diaz-montesinos","tag-gloria-guerrero-ramos","tag-inmaculada-cuevas-molina","tag-juan-andres-villena-ponsoda","tag-juan-antonio-moya-corral"],"_links":{"self":[{"href":"https:\/\/www.deberes.net\/tesis\/wp-json\/wp\/v2\/posts\/12014","targetHints":{"allow":["GET"]}}],"collection":[{"href":"https:\/\/www.deberes.net\/tesis\/wp-json\/wp\/v2\/posts"}],"about":[{"href":"https:\/\/www.deberes.net\/tesis\/wp-json\/wp\/v2\/types\/post"}],"author":[{"embeddable":true,"href":"https:\/\/www.deberes.net\/tesis\/wp-json\/wp\/v2\/users\/1"}],"replies":[{"embeddable":true,"href":"https:\/\/www.deberes.net\/tesis\/wp-json\/wp\/v2\/comments?post=12014"}],"version-history":[{"count":0,"href":"https:\/\/www.deberes.net\/tesis\/wp-json\/wp\/v2\/posts\/12014\/revisions"}],"wp:attachment":[{"href":"https:\/\/www.deberes.net\/tesis\/wp-json\/wp\/v2\/media?parent=12014"}],"wp:term":[{"taxonomy":"category","embeddable":true,"href":"https:\/\/www.deberes.net\/tesis\/wp-json\/wp\/v2\/categories?post=12014"},{"taxonomy":"post_tag","embeddable":true,"href":"https:\/\/www.deberes.net\/tesis\/wp-json\/wp\/v2\/tags?post=12014"}],"curies":[{"name":"wp","href":"https:\/\/api.w.org\/{rel}","templated":true}]}}