{"id":120244,"date":"2023-03-18T07:59:37","date_gmt":"2023-03-18T07:59:37","guid":{"rendered":"https:\/\/www.deberes.net\/tesis\/sin-categoria\/analisis-espectral-por-modelacion-parametrica-de-senales-electromagneticas-dispersadas-por-blancos-de-radar\/"},"modified":"2023-03-18T07:59:37","modified_gmt":"2023-03-18T07:59:37","slug":"analisis-espectral-por-modelacion-parametrica-de-senales-electromagneticas-dispersadas-por-blancos-de-radar","status":"publish","type":"post","link":"https:\/\/www.deberes.net\/tesis\/fisica\/analisis-espectral-por-modelacion-parametrica-de-senales-electromagneticas-dispersadas-por-blancos-de-radar\/","title":{"rendered":"Analisis espectral por modelacion parametrica de se\u00f1ales electromagneticas dispersadas por blancos de radar."},"content":{"rendered":"<h2>Tesis doctoral de <strong> Mar\u00eda Del Carmen Carri\u00f3n P\u00e9rez <\/strong><\/h2>\n<p>Se analizan mediante tecnicas de modelacion parametrica se\u00f1ales electromagneticas dispersadas por blancos de radar  excitados por tres clases diferentes de ondas electromagneticas. En concreto se estudia el problema de la discriminacion aximental de blancos excitados por se\u00f1ales armonicas  en funcion de la relacion se\u00f1al dispersada ruido. Por otro lado se analiza la respuesta de blancos excitados por pulsos electromagneticas gagesianos. Este tipo de pulsos excitan las frecuencias de resonancia complejas caracteristicas del blanco  que por depender exclusivamente de la geometria y caracteristicas electromagneticas del blanco pueden utilizarse para su identificacion en rodanes de alta resolucion. Finalmente se estudia la identificacion de blancos mediante la sintesis de se\u00f1ales especificas que excitan un unico polo o frecuencia de resonancia compleja del blanco.<\/p>\n<p>&nbsp;<\/p>\n<h3>Datos acad\u00e9micos de la tesis doctoral \u00ab<strong>Analisis espectral por modelacion parametrica de se\u00f1ales electromagneticas dispersadas por blancos de radar.<\/strong>\u00ab<\/h3>\n<ul>\n<li><strong>T\u00edtulo de la tesis:<\/strong>\u00a0 Analisis espectral por modelacion parametrica de se\u00f1ales electromagneticas dispersadas por blancos de radar. <\/li>\n<li><strong>Autor:<\/strong>\u00a0 Mar\u00eda Del Carmen Carri\u00f3n P\u00e9rez <\/li>\n<li><strong>Universidad:<\/strong>\u00a0 Granada<\/li>\n<li><strong>Fecha de lectura de la tesis:<\/strong>\u00a0 01\/01\/1986<\/li>\n<\/ul>\n<p>&nbsp;<\/p>\n<h3>Direcci\u00f3n y tribunal<\/h3>\n<ul>\n<li><strong>Director de la tesis<\/strong>\n<ul>\n<li>Rafael Antonio G\u00f3mez Mart\u00edn<\/li>\n<\/ul>\n<\/li>\n<li><strong>Tribunal<\/strong>\n<ul>\n<li>Presidente del tribunal: Gerardo Pardo Sanchez <\/li>\n<li>Vicente Sulc Belenguer (vocal)<\/li>\n<li>Bernardo Garcia Olmedo (vocal)<\/li>\n<li>Jos\u00e9 Margineda Puigpelat (vocal)<\/li>\n<\/ul>\n<\/li>\n<\/ul>\n<p>&nbsp;<\/p>\n","protected":false},"excerpt":{"rendered":"<p>Tesis doctoral de Mar\u00eda Del Carmen Carri\u00f3n P\u00e9rez Se analizan mediante tecnicas de modelacion parametrica se\u00f1ales electromagneticas dispersadas por blancos [&hellip;]<\/p>\n","protected":false},"author":1,"featured_media":0,"comment_status":"open","ping_status":"open","sticky":false,"template":"","format":"standard","meta":{"site-sidebar-layout":"default","site-content-layout":"","ast-site-content-layout":"","site-content-style":"default","site-sidebar-style":"default","ast-global-header-display":"","ast-banner-title-visibility":"","ast-main-header-display":"","ast-hfb-above-header-display":"","ast-hfb-below-header-display":"","ast-hfb-mobile-header-display":"","site-post-title":"","ast-breadcrumbs-content":"","ast-featured-img":"","footer-sml-layout":"","theme-transparent-header-meta":"","adv-header-id-meta":"","stick-header-meta":"","header-above-stick-meta":"","header-main-stick-meta":"","header-below-stick-meta":"","astra-migrate-meta-layouts":"default","ast-page-background-enabled":"default","ast-page-background-meta":{"desktop":{"background-color":"var(--ast-global-color-4)","background-image":"","background-repeat":"repeat","background-position":"center center","background-size":"auto","background-attachment":"scroll","background-type":"","background-media":"","overlay-type":"","overlay-color":"","overlay-gradient":""},"tablet":{"background-color":"","background-image":"","background-repeat":"repeat","background-position":"center center","background-size":"auto","background-attachment":"scroll","background-type":"","background-media":"","overlay-type":"","overlay-color":"","overlay-gradient":""},"mobile":{"background-color":"","background-image":"","background-repeat":"repeat","background-position":"center center","background-size":"auto","background-attachment":"scroll","background-type":"","background-media":"","overlay-type":"","overlay-color":"","overlay-gradient":""}},"ast-content-background-meta":{"desktop":{"background-color":"var(--ast-global-color-5)","background-image":"","background-repeat":"repeat","background-position":"center center","background-size":"auto","background-attachment":"scroll","background-type":"","background-media":"","overlay-type":"","overlay-color":"","overlay-gradient":""},"tablet":{"background-color":"var(--ast-global-color-5)","background-image":"","background-repeat":"repeat","background-position":"center center","background-size":"auto","background-attachment":"scroll","background-type":"","background-media":"","overlay-type":"","overlay-color":"","overlay-gradient":""},"mobile":{"background-color":"var(--ast-global-color-5)","background-image":"","background-repeat":"repeat","background-position":"center center","background-size":"auto","background-attachment":"scroll","background-type":"","background-media":"","overlay-type":"","overlay-color":"","overlay-gradient":""}},"footnotes":""},"categories":[987,199,16845],"tags":[4006,3695,3696,3694,10565,234294],"class_list":["post-120244","post","type-post","status-publish","format-standard","hentry","category-electromagnetismo","category-fisica","category-ondas-electromagneticas","tag-bernardo-garcia-olmedo","tag-gerardo-pardo-sanchez","tag-jose-margineda-puigpelat","tag-maria-del-carmen-carrion-perez","tag-rafael-antonio-gomez-martin","tag-vicente-sulc-belenguer"],"_links":{"self":[{"href":"https:\/\/www.deberes.net\/tesis\/wp-json\/wp\/v2\/posts\/120244","targetHints":{"allow":["GET"]}}],"collection":[{"href":"https:\/\/www.deberes.net\/tesis\/wp-json\/wp\/v2\/posts"}],"about":[{"href":"https:\/\/www.deberes.net\/tesis\/wp-json\/wp\/v2\/types\/post"}],"author":[{"embeddable":true,"href":"https:\/\/www.deberes.net\/tesis\/wp-json\/wp\/v2\/users\/1"}],"replies":[{"embeddable":true,"href":"https:\/\/www.deberes.net\/tesis\/wp-json\/wp\/v2\/comments?post=120244"}],"version-history":[{"count":0,"href":"https:\/\/www.deberes.net\/tesis\/wp-json\/wp\/v2\/posts\/120244\/revisions"}],"wp:attachment":[{"href":"https:\/\/www.deberes.net\/tesis\/wp-json\/wp\/v2\/media?parent=120244"}],"wp:term":[{"taxonomy":"category","embeddable":true,"href":"https:\/\/www.deberes.net\/tesis\/wp-json\/wp\/v2\/categories?post=120244"},{"taxonomy":"post_tag","embeddable":true,"href":"https:\/\/www.deberes.net\/tesis\/wp-json\/wp\/v2\/tags?post=120244"}],"curies":[{"name":"wp","href":"https:\/\/api.w.org\/{rel}","templated":true}]}}