{"id":120362,"date":"2023-04-06T01:14:31","date_gmt":"2023-04-06T01:14:31","guid":{"rendered":"https:\/\/www.deberes.net\/tesis\/sin-categoria\/gradiente-estructural-de-la-vegetacion-macrofita-acuatica-y-riberena-y-valoracion-de-factores-ecologicos-en-el-rio-bernesga-leon\/"},"modified":"2023-04-06T01:14:31","modified_gmt":"2023-04-06T01:14:31","slug":"gradiente-estructural-de-la-vegetacion-macrofita-acuatica-y-riberena-y-valoracion-de-factores-ecologicos-en-el-rio-bernesga-leon","status":"publish","type":"post","link":"https:\/\/www.deberes.net\/tesis\/ciencias-de-la-vida\/gradiente-estructural-de-la-vegetacion-macrofita-acuatica-y-riberena-y-valoracion-de-factores-ecologicos-en-el-rio-bernesga-leon\/","title":{"rendered":"Gradiente estructural de la vegetacion macrofita acuatica y ribere\u00f1a y valoracion de factores ecologicos en el rio bernesga. leon"},"content":{"rendered":"<h2>Tesis doctoral de <strong> Mar\u00eda Del Camino Fern\u00e1ndez Al\u00e1ez <\/strong><\/h2>\n<p>Se ha realizado un estudio ecologico de la vegetacion acuatica y ribere\u00f1a asociada al rio bernesga  enfocandolo desde dos puntos de vista: analizando la sucesion de unidades de vegetacion que se van disponiendo a modo de bandas en las margenes del rio  y asi mismo  considerando la dinamica espacial de la vegetacion a lo largo del cauce  evaluando los cambios que por razones obvias de adaptacion al ambiente se van produciendo. En una gran parte de los transectos realizados se pone de relieve la existencia de una serie de etapas cuyo numero y caracteristicas dependen del habitat  asi como de su situacion en zonas mas o menos favorables para el desarrollo de una etapa final representada por la vegetacion acuatica. A traves del analisis en componentes principales aplicado a los parametros fisico-quimicos medidos en el agua se puede catalogar el tramo inicial como de agua escasamente mineralizada y oligotrofica  en oposicion a la zona final aguas abajo de leon. Las restantes muestras ocupan una posicion intermedia en el gradiente de mineralizacion y su situacion varia en relacion con el proceso de eutrofizacion dependiendo del mes que se considere.<\/p>\n<p>&nbsp;<\/p>\n<h3>Datos acad\u00e9micos de la tesis doctoral \u00ab<strong>Gradiente estructural de la vegetacion macrofita acuatica y ribere\u00f1a y valoracion de factores ecologicos en el rio bernesga. leon<\/strong>\u00ab<\/h3>\n<ul>\n<li><strong>T\u00edtulo de la tesis:<\/strong>\u00a0 Gradiente estructural de la vegetacion macrofita acuatica y ribere\u00f1a y valoracion de factores ecologicos en el rio bernesga. leon <\/li>\n<li><strong>Autor:<\/strong>\u00a0 Mar\u00eda Del Camino Fern\u00e1ndez Al\u00e1ez <\/li>\n<li><strong>Universidad:<\/strong>\u00a0 Le\u00f3n<\/li>\n<li><strong>Fecha de lectura de la tesis:<\/strong>\u00a0 01\/01\/1986<\/li>\n<\/ul>\n<p>&nbsp;<\/p>\n<h3>Direcci\u00f3n y tribunal<\/h3>\n<ul>\n<li><strong>Director de la tesis<\/strong>\n<ul>\n<li>Estanislao De Luis Calabuig<\/li>\n<\/ul>\n<\/li>\n<li><strong>Tribunal<\/strong>\n<ul>\n<li>Presidente del tribunal: Tomas Diaz Gonzalez <\/li>\n<li>Diego Santiago Laguna (vocal)<\/li>\n<li> Gomez Gutierrez Jos\u00e9 Manuel (vocal)<\/li>\n<li>Juan Armengol Bachero (vocal)<\/li>\n<\/ul>\n<\/li>\n<\/ul>\n<p>&nbsp;<\/p>\n","protected":false},"excerpt":{"rendered":"<p>Tesis doctoral de Mar\u00eda Del Camino Fern\u00e1ndez Al\u00e1ez Se ha realizado un estudio ecologico de la vegetacion acuatica y ribere\u00f1a [&hellip;]<\/p>\n","protected":false},"author":1,"featured_media":0,"comment_status":"open","ping_status":"open","sticky":false,"template":"","format":"standard","meta":{"site-sidebar-layout":"default","site-content-layout":"","ast-site-content-layout":"","site-content-style":"default","site-sidebar-style":"default","ast-global-header-display":"","ast-banner-title-visibility":"","ast-main-header-display":"","ast-hfb-above-header-display":"","ast-hfb-below-header-display":"","ast-hfb-mobile-header-display":"","site-post-title":"","ast-breadcrumbs-content":"","ast-featured-img":"","footer-sml-layout":"","theme-transparent-header-meta":"","adv-header-id-meta":"","stick-header-meta":"","header-above-stick-meta":"","header-main-stick-meta":"","header-below-stick-meta":"","astra-migrate-meta-layouts":"default","ast-page-background-enabled":"default","ast-page-background-meta":{"desktop":{"background-color":"var(--ast-global-color-4)","background-image":"","background-repeat":"repeat","background-position":"center center","background-size":"auto","background-attachment":"scroll","background-type":"","background-media":"","overlay-type":"","overlay-color":"","overlay-gradient":""},"tablet":{"background-color":"","background-image":"","background-repeat":"repeat","background-position":"center center","background-size":"auto","background-attachment":"scroll","background-type":"","background-media":"","overlay-type":"","overlay-color":"","overlay-gradient":""},"mobile":{"background-color":"","background-image":"","background-repeat":"repeat","background-position":"center center","background-size":"auto","background-attachment":"scroll","background-type":"","background-media":"","overlay-type":"","overlay-color":"","overlay-gradient":""}},"ast-content-background-meta":{"desktop":{"background-color":"var(--ast-global-color-5)","background-image":"","background-repeat":"repeat","background-position":"center center","background-size":"auto","background-attachment":"scroll","background-type":"","background-media":"","overlay-type":"","overlay-color":"","overlay-gradient":""},"tablet":{"background-color":"var(--ast-global-color-5)","background-image":"","background-repeat":"repeat","background-position":"center center","background-size":"auto","background-attachment":"scroll","background-type":"","background-media":"","overlay-type":"","overlay-color":"","overlay-gradient":""},"mobile":{"background-color":"var(--ast-global-color-5)","background-image":"","background-repeat":"repeat","background-position":"center center","background-size":"auto","background-attachment":"scroll","background-type":"","background-media":"","overlay-type":"","overlay-color":"","overlay-gradient":""}},"footnotes":""},"categories":[972,35,620,14647,4430],"tags":[9411,4440,4484,12172,22576,72893],"class_list":["post-120362","post","type-post","status-publish","format-standard","hentry","category-botanica","category-ciencias-de-la-vida","category-ecologia-vegetal","category-flora-lacustre","category-leon","tag-diego-santiago-laguna","tag-estanislao-de-luis-calabuig","tag-gomez-gutierrez-jose-manuel","tag-juan-armengol-bachero","tag-maria-del-camino-fernandez-alaez","tag-tomas-diaz-gonzalez"],"_links":{"self":[{"href":"https:\/\/www.deberes.net\/tesis\/wp-json\/wp\/v2\/posts\/120362","targetHints":{"allow":["GET"]}}],"collection":[{"href":"https:\/\/www.deberes.net\/tesis\/wp-json\/wp\/v2\/posts"}],"about":[{"href":"https:\/\/www.deberes.net\/tesis\/wp-json\/wp\/v2\/types\/post"}],"author":[{"embeddable":true,"href":"https:\/\/www.deberes.net\/tesis\/wp-json\/wp\/v2\/users\/1"}],"replies":[{"embeddable":true,"href":"https:\/\/www.deberes.net\/tesis\/wp-json\/wp\/v2\/comments?post=120362"}],"version-history":[{"count":0,"href":"https:\/\/www.deberes.net\/tesis\/wp-json\/wp\/v2\/posts\/120362\/revisions"}],"wp:attachment":[{"href":"https:\/\/www.deberes.net\/tesis\/wp-json\/wp\/v2\/media?parent=120362"}],"wp:term":[{"taxonomy":"category","embeddable":true,"href":"https:\/\/www.deberes.net\/tesis\/wp-json\/wp\/v2\/categories?post=120362"},{"taxonomy":"post_tag","embeddable":true,"href":"https:\/\/www.deberes.net\/tesis\/wp-json\/wp\/v2\/tags?post=120362"}],"curies":[{"name":"wp","href":"https:\/\/api.w.org\/{rel}","templated":true}]}}