{"id":120400,"date":"2023-04-12T06:18:05","date_gmt":"2023-04-12T06:18:05","guid":{"rendered":"https:\/\/www.deberes.net\/tesis\/sin-categoria\/la-equidad-como-elemento-catalizador-entre-la-norma-juridica-y-la-justicia\/"},"modified":"2023-04-12T06:18:05","modified_gmt":"2023-04-12T06:18:05","slug":"la-equidad-como-elemento-catalizador-entre-la-norma-juridica-y-la-justicia","status":"publish","type":"post","link":"https:\/\/www.deberes.net\/tesis\/ciencias-juridicas-y-derecho\/la-equidad-como-elemento-catalizador-entre-la-norma-juridica-y-la-justicia\/","title":{"rendered":"La equidad como elemento catalizador entre la norma juridica y la justicia."},"content":{"rendered":"<h2>Tesis doctoral de <strong> Narciso Andrada Herrero <\/strong><\/h2>\n<p>La equidad en el c.C. No es fuente del derecho y si elemento complementario de interpretacion.-Aristoles crea la  epieikeia .-En roma el  ius aequum vence al  ius striptum.-En espa\u00f1a penetra con la  lex provinciae .-Por los glosadores se hace la distincion entre la la aequitas constituta  y  rudis   convirtiendolas en  ius y repudiando la  cerebrina . En catalu\u00f1a la inspira san raimundo de p.-Con la escolastica aparece los tratados:  suma teologica y  de legibus   surgiendo la  aequitas pietas  y la  scripta  y  non scripta .-En el c.C.  aparece la funcion remisoria y la de pura ponderacion o de indeterminacion y al aplicar la equidad surge la formulacion del derecho.-Se contrasta entre el d.  administrativo con influencia nula y en el d. Penal con clara amplitud. Se realiza el estudio de la equidad continental y la anglosajona y sus sistemas del  common law  y de la  equity   recordando su evolucion historica hasta la actualidad  con la pervivencia de las reglas sustantivas y la influencia de las conocidas  doce maximas   cuna y raiz de la  equity . Por ultimo  se recuerda la equidad en el d. Internacional con sus aspectos de la  aequita practi  y la clausula arbitral exgratia .<\/p>\n<p>&nbsp;<\/p>\n<h3>Datos acad\u00e9micos de la tesis doctoral \u00ab<strong>La equidad como elemento catalizador entre la norma juridica y la justicia.<\/strong>\u00ab<\/h3>\n<ul>\n<li><strong>T\u00edtulo de la tesis:<\/strong>\u00a0 La equidad como elemento catalizador entre la norma juridica y la justicia. <\/li>\n<li><strong>Autor:<\/strong>\u00a0 Narciso Andrada Herrero <\/li>\n<li><strong>Universidad:<\/strong>\u00a0 Complutense de Madrid<\/li>\n<li><strong>Fecha de lectura de la tesis:<\/strong>\u00a0 01\/01\/1986<\/li>\n<\/ul>\n<p>&nbsp;<\/p>\n<h3>Direcci\u00f3n y tribunal<\/h3>\n<ul>\n<li><strong>Director de la tesis<\/strong>\n<ul>\n<li>Jose Iturmendi Morales<\/li>\n<\/ul>\n<\/li>\n<li><strong>Tribunal<\/strong>\n<ul>\n<li>Presidente del tribunal: Jos\u00e9 Luis P\u00e9rez De Ayala L\u00f3pez De Ayala <\/li>\n<li>Teodoro Garcia Ballesteros (vocal)<\/li>\n<li>Manuel Garcia Amigo (vocal)<\/li>\n<li>Carlos De Villamor Maquieira (vocal)<\/li>\n<\/ul>\n<\/li>\n<\/ul>\n<p>&nbsp;<\/p>\n","protected":false},"excerpt":{"rendered":"<p>Tesis doctoral de Narciso Andrada Herrero La equidad en el c.C. No es fuente del derecho y si elemento complementario [&hellip;]<\/p>\n","protected":false},"author":1,"featured_media":0,"comment_status":"open","ping_status":"open","sticky":false,"template":"","format":"standard","meta":{"site-sidebar-layout":"default","site-content-layout":"","ast-site-content-layout":"","site-content-style":"default","site-sidebar-style":"default","ast-global-header-display":"","ast-banner-title-visibility":"","ast-main-header-display":"","ast-hfb-above-header-display":"","ast-hfb-below-header-display":"","ast-hfb-mobile-header-display":"","site-post-title":"","ast-breadcrumbs-content":"","ast-featured-img":"","footer-sml-layout":"","theme-transparent-header-meta":"","adv-header-id-meta":"","stick-header-meta":"","header-above-stick-meta":"","header-main-stick-meta":"","header-below-stick-meta":"","astra-migrate-meta-layouts":"default","ast-page-background-enabled":"default","ast-page-background-meta":{"desktop":{"background-color":"var(--ast-global-color-4)","background-image":"","background-repeat":"repeat","background-position":"center center","background-size":"auto","background-attachment":"scroll","background-type":"","background-media":"","overlay-type":"","overlay-color":"","overlay-gradient":""},"tablet":{"background-color":"","background-image":"","background-repeat":"repeat","background-position":"center center","background-size":"auto","background-attachment":"scroll","background-type":"","background-media":"","overlay-type":"","overlay-color":"","overlay-gradient":""},"mobile":{"background-color":"","background-image":"","background-repeat":"repeat","background-position":"center center","background-size":"auto","background-attachment":"scroll","background-type":"","background-media":"","overlay-type":"","overlay-color":"","overlay-gradient":""}},"ast-content-background-meta":{"desktop":{"background-color":"var(--ast-global-color-5)","background-image":"","background-repeat":"repeat","background-position":"center center","background-size":"auto","background-attachment":"scroll","background-type":"","background-media":"","overlay-type":"","overlay-color":"","overlay-gradient":""},"tablet":{"background-color":"var(--ast-global-color-5)","background-image":"","background-repeat":"repeat","background-position":"center center","background-size":"auto","background-attachment":"scroll","background-type":"","background-media":"","overlay-type":"","overlay-color":"","overlay-gradient":""},"mobile":{"background-color":"var(--ast-global-color-5)","background-image":"","background-repeat":"repeat","background-position":"center center","background-size":"auto","background-attachment":"scroll","background-type":"","background-media":"","overlay-type":"","overlay-color":"","overlay-gradient":""}},"footnotes":""},"categories":[612,986,1251,979],"tags":[19050,4854,5338,6882,234431,234432],"class_list":["post-120400","post","type-post","status-publish","format-standard","hentry","category-ciencias-juridicas-y-derecho","category-complutense-de-madrid","category-derecho-civil","category-derecho-y-legislacion-nacionales","tag-carlos-de-villamor-maquieira","tag-jose-iturmendi-morales","tag-jose-luis-perez-de-ayala-lopez-de-ayala","tag-manuel-garcia-amigo","tag-narciso-andrada-herrero","tag-teodoro-garcia-ballesteros"],"_links":{"self":[{"href":"https:\/\/www.deberes.net\/tesis\/wp-json\/wp\/v2\/posts\/120400","targetHints":{"allow":["GET"]}}],"collection":[{"href":"https:\/\/www.deberes.net\/tesis\/wp-json\/wp\/v2\/posts"}],"about":[{"href":"https:\/\/www.deberes.net\/tesis\/wp-json\/wp\/v2\/types\/post"}],"author":[{"embeddable":true,"href":"https:\/\/www.deberes.net\/tesis\/wp-json\/wp\/v2\/users\/1"}],"replies":[{"embeddable":true,"href":"https:\/\/www.deberes.net\/tesis\/wp-json\/wp\/v2\/comments?post=120400"}],"version-history":[{"count":0,"href":"https:\/\/www.deberes.net\/tesis\/wp-json\/wp\/v2\/posts\/120400\/revisions"}],"wp:attachment":[{"href":"https:\/\/www.deberes.net\/tesis\/wp-json\/wp\/v2\/media?parent=120400"}],"wp:term":[{"taxonomy":"category","embeddable":true,"href":"https:\/\/www.deberes.net\/tesis\/wp-json\/wp\/v2\/categories?post=120400"},{"taxonomy":"post_tag","embeddable":true,"href":"https:\/\/www.deberes.net\/tesis\/wp-json\/wp\/v2\/tags?post=120400"}],"curies":[{"name":"wp","href":"https:\/\/api.w.org\/{rel}","templated":true}]}}