{"id":120857,"date":"2023-06-25T03:28:21","date_gmt":"2023-06-25T03:28:21","guid":{"rendered":"https:\/\/www.deberes.net\/tesis\/sin-categoria\/la-eleccion-vocacional-en-universitarios-murcianos-un-analisis-diferencial\/"},"modified":"2023-06-25T03:28:21","modified_gmt":"2023-06-25T03:28:21","slug":"la-eleccion-vocacional-en-universitarios-murcianos-un-analisis-diferencial","status":"publish","type":"post","link":"https:\/\/www.deberes.net\/tesis\/pedagogia\/la-eleccion-vocacional-en-universitarios-murcianos-un-analisis-diferencial\/","title":{"rendered":"La eleccion vocacional en universitarios murcianos: un analisis diferencial."},"content":{"rendered":"<h2>Tesis doctoral de <strong> Josefina Hernandez Fernandez <\/strong><\/h2>\n<p>A partir de una revision del concepto de eleccion vocacional en distintos enfoques teoricos y del tratamiento recibido en la investigacion teorico-empirica por los determinantes de la misma  tanto sociales como psicologicos  se realiza una investigacion psico-sociologica sobre la incidencia de algunos de estos determinantes en una muestra representativa (1105\/sujetos) de universitarios murcianos. Algunos de los objetivos fijados para la investigacion fueron:  motivos aducidos en la eleccion de estudios  papel de la informacion y de la influencia familiar  valoracion afectivo-cognitiva de los curriculums de estudios constancia de la eleccion  expectativas de logro academico y profesional  valoracion de las oportunidades de trabajo  imagen de las profesiones  valores del trabajo &#8230;. Sobre los resultados obtenidos se realizaron analisis diferenciales por curso  sexo y centro. Se detecta una clara predominancia de los factores interno-personales y afectivos sobre los externos sociales y cognitivos.<\/p>\n<p>&nbsp;<\/p>\n<h3>Datos acad\u00e9micos de la tesis doctoral \u00ab<strong>La eleccion vocacional en universitarios murcianos: un analisis diferencial.<\/strong>\u00ab<\/h3>\n<ul>\n<li><strong>T\u00edtulo de la tesis:<\/strong>\u00a0 La eleccion vocacional en universitarios murcianos: un analisis diferencial. <\/li>\n<li><strong>Autor:<\/strong>\u00a0 Josefina Hernandez Fernandez <\/li>\n<li><strong>Universidad:<\/strong>\u00a0 Murcia<\/li>\n<li><strong>Fecha de lectura de la tesis:<\/strong>\u00a0 01\/01\/1986<\/li>\n<\/ul>\n<p>&nbsp;<\/p>\n<h3>Direcci\u00f3n y tribunal<\/h3>\n<ul>\n<li><strong>Director de la tesis<\/strong>\n<ul>\n<li> Morales Meseguer Jos\u00e9 M.<\/li>\n<\/ul>\n<\/li>\n<li><strong>Tribunal<\/strong>\n<ul>\n<li>Presidente del tribunal: Ricardo Iba\u00f1ez Marin <\/li>\n<li>\u00e1ngel Rodr\u00edguez Gonz\u00e1lez (vocal)<\/li>\n<li>Julio Seoane Rey (vocal)<\/li>\n<li>Angel Gonzalez Hernandez (vocal)<\/li>\n<\/ul>\n<\/li>\n<\/ul>\n<p>&nbsp;<\/p>\n","protected":false},"excerpt":{"rendered":"<p>Tesis doctoral de Josefina Hernandez Fernandez A partir de una revision del concepto de eleccion vocacional en distintos enfoques teoricos [&hellip;]<\/p>\n","protected":false},"author":1,"featured_media":0,"comment_status":"open","ping_status":"open","sticky":false,"template":"","format":"standard","meta":{"site-sidebar-layout":"default","site-content-layout":"","ast-site-content-layout":"","site-content-style":"default","site-sidebar-style":"default","ast-global-header-display":"","ast-banner-title-visibility":"","ast-main-header-display":"","ast-hfb-above-header-display":"","ast-hfb-below-header-display":"","ast-hfb-mobile-header-display":"","site-post-title":"","ast-breadcrumbs-content":"","ast-featured-img":"","footer-sml-layout":"","theme-transparent-header-meta":"","adv-header-id-meta":"","stick-header-meta":"","header-above-stick-meta":"","header-main-stick-meta":"","header-below-stick-meta":"","astra-migrate-meta-layouts":"default","ast-page-background-enabled":"default","ast-page-background-meta":{"desktop":{"background-color":"var(--ast-global-color-4)","background-image":"","background-repeat":"repeat","background-position":"center center","background-size":"auto","background-attachment":"scroll","background-type":"","background-media":"","overlay-type":"","overlay-color":"","overlay-gradient":""},"tablet":{"background-color":"","background-image":"","background-repeat":"repeat","background-position":"center center","background-size":"auto","background-attachment":"scroll","background-type":"","background-media":"","overlay-type":"","overlay-color":"","overlay-gradient":""},"mobile":{"background-color":"","background-image":"","background-repeat":"repeat","background-position":"center center","background-size":"auto","background-attachment":"scroll","background-type":"","background-media":"","overlay-type":"","overlay-color":"","overlay-gradient":""}},"ast-content-background-meta":{"desktop":{"background-color":"var(--ast-global-color-5)","background-image":"","background-repeat":"repeat","background-position":"center center","background-size":"auto","background-attachment":"scroll","background-type":"","background-media":"","overlay-type":"","overlay-color":"","overlay-gradient":""},"tablet":{"background-color":"var(--ast-global-color-5)","background-image":"","background-repeat":"repeat","background-position":"center center","background-size":"auto","background-attachment":"scroll","background-type":"","background-media":"","overlay-type":"","overlay-color":"","overlay-gradient":""},"mobile":{"background-color":"var(--ast-global-color-5)","background-image":"","background-repeat":"repeat","background-position":"center center","background-size":"auto","background-attachment":"scroll","background-type":"","background-media":"","overlay-type":"","overlay-color":"","overlay-gradient":""}},"footnotes":""},"categories":[4394,1183,8235,1184,1141],"tags":[17407,2632,17358,8731,112566,5843],"class_list":["post-120857","post","type-post","status-publish","format-standard","hentry","category-educacion-superior","category-formacion-profesional","category-murcia","category-organizacion-y-planificacion-de-la-educacion","category-pedagogia","tag-angel-gonzalez-hernandez","tag-angel-rodriguez-gonzalez","tag-josefina-hernandez-fernandez","tag-julio-seoane-rey","tag-morales-meseguer-jose-m","tag-ricardo-ibanez-marin"],"_links":{"self":[{"href":"https:\/\/www.deberes.net\/tesis\/wp-json\/wp\/v2\/posts\/120857","targetHints":{"allow":["GET"]}}],"collection":[{"href":"https:\/\/www.deberes.net\/tesis\/wp-json\/wp\/v2\/posts"}],"about":[{"href":"https:\/\/www.deberes.net\/tesis\/wp-json\/wp\/v2\/types\/post"}],"author":[{"embeddable":true,"href":"https:\/\/www.deberes.net\/tesis\/wp-json\/wp\/v2\/users\/1"}],"replies":[{"embeddable":true,"href":"https:\/\/www.deberes.net\/tesis\/wp-json\/wp\/v2\/comments?post=120857"}],"version-history":[{"count":0,"href":"https:\/\/www.deberes.net\/tesis\/wp-json\/wp\/v2\/posts\/120857\/revisions"}],"wp:attachment":[{"href":"https:\/\/www.deberes.net\/tesis\/wp-json\/wp\/v2\/media?parent=120857"}],"wp:term":[{"taxonomy":"category","embeddable":true,"href":"https:\/\/www.deberes.net\/tesis\/wp-json\/wp\/v2\/categories?post=120857"},{"taxonomy":"post_tag","embeddable":true,"href":"https:\/\/www.deberes.net\/tesis\/wp-json\/wp\/v2\/tags?post=120857"}],"curies":[{"name":"wp","href":"https:\/\/api.w.org\/{rel}","templated":true}]}}