{"id":120886,"date":"2023-06-29T15:01:24","date_gmt":"2023-06-29T15:01:24","guid":{"rendered":"https:\/\/www.deberes.net\/tesis\/sin-categoria\/investigacion-sobre-los-mecanismos-de-defensa-de-la-infeccion-bacteriana-fiebre-y-alteraciones-de-elementos-traza\/"},"modified":"2023-06-29T15:01:24","modified_gmt":"2023-06-29T15:01:24","slug":"investigacion-sobre-los-mecanismos-de-defensa-de-la-infeccion-bacteriana-fiebre-y-alteraciones-de-elementos-traza","status":"publish","type":"post","link":"https:\/\/www.deberes.net\/tesis\/ciencias-medicas\/investigacion-sobre-los-mecanismos-de-defensa-de-la-infeccion-bacteriana-fiebre-y-alteraciones-de-elementos-traza\/","title":{"rendered":"Investigacion sobre los mecanismos de defensa de la infeccion bacteriana: fiebre y alteraciones de elementos traza."},"content":{"rendered":"<h2>Tesis doctoral de <strong>  Sanchez Del Rincon M. Isabel <\/strong><\/h2>\n<p>El presente trabajo se ha realizado para investigar la correlacion existente entre fiebre  antipiresis y alteracion de los elementos traza (fe zn y cu). Tambien se ha investigado si las alteraciones de los elementos traza son de origen central o periferico  asi como si las prostaglandinas estan involucradas en estos efectos. Los resultados obtenidos por nosotros demuestran que todos los antipireticos utilizados en el presente estudio inhiben dos respuestas de la reaccion de fase aguda (r.F.A): fiebre e hipoferrinemia sin modificar la hipozincemia ni la hipercupremia. Las alteraciones de los elementos traza producidas por las endotoxinas bacterianas no estan mediadas por las prostaglandinas.  finalmente  la fiebre y las alteraciones de elementos traza son dos respuestas independientes de la r.F.A.<\/p>\n<p>&nbsp;<\/p>\n<h3>Datos acad\u00e9micos de la tesis doctoral \u00ab<strong>Investigacion sobre los mecanismos de defensa de la infeccion bacteriana: fiebre y alteraciones de elementos traza.<\/strong>\u00ab<\/h3>\n<ul>\n<li><strong>T\u00edtulo de la tesis:<\/strong>\u00a0 Investigacion sobre los mecanismos de defensa de la infeccion bacteriana: fiebre y alteraciones de elementos traza. <\/li>\n<li><strong>Autor:<\/strong>\u00a0  Sanchez Del Rincon M. Isabel <\/li>\n<li><strong>Universidad:<\/strong>\u00a0 Murcia<\/li>\n<li><strong>Fecha de lectura de la tesis:<\/strong>\u00a0 01\/01\/1986<\/li>\n<\/ul>\n<p>&nbsp;<\/p>\n<h3>Direcci\u00f3n y tribunal<\/h3>\n<ul>\n<li><strong>Director de la tesis<\/strong>\n<ul>\n<li>Asuncion Cremades Campos<\/li>\n<\/ul>\n<\/li>\n<li><strong>Tribunal<\/strong>\n<ul>\n<li>Presidente del tribunal:  Serrano Molina Jos\u00e9 S. <\/li>\n<li>Francisco Morales Oliva (vocal)<\/li>\n<li>Lorenzo Abad Martinez (vocal)<\/li>\n<li>Mar\u00eda Victoria Milan\u00e9s Maquil\u00f3n (vocal)<\/li>\n<\/ul>\n<\/li>\n<\/ul>\n<p>&nbsp;<\/p>\n","protected":false},"excerpt":{"rendered":"<p>Tesis doctoral de Sanchez Del Rincon M. Isabel El presente trabajo se ha realizado para investigar la correlacion existente entre [&hellip;]<\/p>\n","protected":false},"author":1,"featured_media":0,"comment_status":"open","ping_status":"open","sticky":false,"template":"","format":"standard","meta":{"site-sidebar-layout":"default","site-content-layout":"","ast-site-content-layout":"","site-content-style":"default","site-sidebar-style":"default","ast-global-header-display":"","ast-banner-title-visibility":"","ast-main-header-display":"","ast-hfb-above-header-display":"","ast-hfb-below-header-display":"","ast-hfb-mobile-header-display":"","site-post-title":"","ast-breadcrumbs-content":"","ast-featured-img":"","footer-sml-layout":"","theme-transparent-header-meta":"","adv-header-id-meta":"","stick-header-meta":"","header-above-stick-meta":"","header-main-stick-meta":"","header-below-stick-meta":"","astra-migrate-meta-layouts":"default","ast-page-background-enabled":"default","ast-page-background-meta":{"desktop":{"background-color":"var(--ast-global-color-4)","background-image":"","background-repeat":"repeat","background-position":"center center","background-size":"auto","background-attachment":"scroll","background-type":"","background-media":"","overlay-type":"","overlay-color":"","overlay-gradient":""},"tablet":{"background-color":"","background-image":"","background-repeat":"repeat","background-position":"center center","background-size":"auto","background-attachment":"scroll","background-type":"","background-media":"","overlay-type":"","overlay-color":"","overlay-gradient":""},"mobile":{"background-color":"","background-image":"","background-repeat":"repeat","background-position":"center center","background-size":"auto","background-attachment":"scroll","background-type":"","background-media":"","overlay-type":"","overlay-color":"","overlay-gradient":""}},"ast-content-background-meta":{"desktop":{"background-color":"var(--ast-global-color-5)","background-image":"","background-repeat":"repeat","background-position":"center center","background-size":"auto","background-attachment":"scroll","background-type":"","background-media":"","overlay-type":"","overlay-color":"","overlay-gradient":""},"tablet":{"background-color":"var(--ast-global-color-5)","background-image":"","background-repeat":"repeat","background-position":"center center","background-size":"auto","background-attachment":"scroll","background-type":"","background-media":"","overlay-type":"","overlay-color":"","overlay-gradient":""},"mobile":{"background-color":"var(--ast-global-color-5)","background-image":"","background-repeat":"repeat","background-position":"center center","background-size":"auto","background-attachment":"scroll","background-type":"","background-media":"","overlay-type":"","overlay-color":"","overlay-gradient":""}},"footnotes":""},"categories":[155,9,957,8235,384],"tags":[8340,12801,5494,8481,234875,54041],"class_list":["post-120886","post","type-post","status-publish","format-standard","hentry","category-ciencias-clinicas","category-ciencias-medicas","category-farmacologia","category-murcia","category-patologia-clinica","tag-asuncion-cremades-campos","tag-francisco-morales-oliva","tag-lorenzo-abad-Martinez","tag-maria-victoria-milanes-maquilon","tag-sanchez-del-rincon-m-isabel","tag-serrano-molina-jose-s"],"_links":{"self":[{"href":"https:\/\/www.deberes.net\/tesis\/wp-json\/wp\/v2\/posts\/120886","targetHints":{"allow":["GET"]}}],"collection":[{"href":"https:\/\/www.deberes.net\/tesis\/wp-json\/wp\/v2\/posts"}],"about":[{"href":"https:\/\/www.deberes.net\/tesis\/wp-json\/wp\/v2\/types\/post"}],"author":[{"embeddable":true,"href":"https:\/\/www.deberes.net\/tesis\/wp-json\/wp\/v2\/users\/1"}],"replies":[{"embeddable":true,"href":"https:\/\/www.deberes.net\/tesis\/wp-json\/wp\/v2\/comments?post=120886"}],"version-history":[{"count":0,"href":"https:\/\/www.deberes.net\/tesis\/wp-json\/wp\/v2\/posts\/120886\/revisions"}],"wp:attachment":[{"href":"https:\/\/www.deberes.net\/tesis\/wp-json\/wp\/v2\/media?parent=120886"}],"wp:term":[{"taxonomy":"category","embeddable":true,"href":"https:\/\/www.deberes.net\/tesis\/wp-json\/wp\/v2\/categories?post=120886"},{"taxonomy":"post_tag","embeddable":true,"href":"https:\/\/www.deberes.net\/tesis\/wp-json\/wp\/v2\/tags?post=120886"}],"curies":[{"name":"wp","href":"https:\/\/api.w.org\/{rel}","templated":true}]}}