{"id":12096,"date":"2001-09-07T00:00:00","date_gmt":"2001-09-07T00:00:00","guid":{"rendered":"https:\/\/www.deberes.net\/tesis\/sin-categoria\/modelo-de-gestion-preventiva-de-calidad-medio-ambiente-y-seguridad-para-pymes-del-sector-de-construccion\/"},"modified":"2001-09-07T00:00:00","modified_gmt":"2001-09-07T00:00:00","slug":"modelo-de-gestion-preventiva-de-calidad-medio-ambiente-y-seguridad-para-pymes-del-sector-de-construccion","status":"publish","type":"post","link":"https:\/\/www.deberes.net\/tesis\/ciencias-economicas\/modelo-de-gestion-preventiva-de-calidad-medio-ambiente-y-seguridad-para-pymes-del-sector-de-construccion\/","title":{"rendered":"Modelo de gestion preventiva de calidad, medio ambiente y seguridad para pymes del sector de construccion"},"content":{"rendered":"<h2>Tesis doctoral de <strong>  Seco Escartin Juan  Manuel <\/strong><\/h2>\n<p>El desarrollo e implantacion de sistemas de gestion en las organizaciones responde la necesidad de sus directivos para establecer las responsabilidades de cada area de trabajo, organizar y sistematizar las actividades de car\u00e1cter repetitivo previstas en el sistema de gesti\u00f3n y optimizar el funcionamiento de la empresa, estableciendo los recursos necesarios para el adecuado control de los procesos en todas sus fases.  si estas razones, que tienen como objetivo la mejora de la organizaci\u00f3n, las trasladamos a las diferentes areas de la empresa, y mas concretamente a los campos relacionados con la calidad de productos y procesos, el medio ambiente o la seguridad y prevencion de riesgos en los puestos de trabajo del personal; la consecuencia logica es la implantaci\u00f3n de sistemas de gestion que, lejos de ser una carga burocr\u00e1tica innecesaria, sean una ayuda eficaz.  hoy dia nadie duda de la validad de las normas iso 9000 e iso 14000 como referencias para la implantaci\u00f3n de los sistemas de calidad y medio ambiente. adem\u00e1s, utilizando la filosofia de prevencion de estas, en el a\u00f1o 1996 surge la une 81900ex espa\u00f1ola como propuesta para la gestion de la prevencion de riesgos, completando asi la tercera pata necesaria para el desarrollo del sistema integrado. La iso 9000:2000 ha venido a confirmar la idoneidad del sistema integrado de gestion como herramienta para caminar hacia la mejora continua y la calidad total, estableciendo una filosofia acorde con el modelo de excedencia de la efqm.  en funcion del tipo de organizaci\u00f3n, problem\u00e1tica de los procesos y productos, estructura de la empresa y de su personal, mercado y sector en el que se desenvuelve la empresa; las necesidades son diferentes y, en algunos casos, es necesario disponer de modelos de referencia especificos que se adapten a las necesidades de cada tipo de organizaci\u00f3n. Esto es lo que ocurre en las empresas del sector de la construccion, cuyas caracteristicas son muy dif<\/p>\n<p>&nbsp;<\/p>\n<h3>Datos acad\u00e9micos de la tesis doctoral \u00ab<strong>Modelo de gestion preventiva de calidad, medio ambiente y seguridad para pymes del sector de construccion<\/strong>\u00ab<\/h3>\n<ul>\n<li><strong>T\u00edtulo de la tesis:<\/strong>\u00a0 Modelo de gestion preventiva de calidad, medio ambiente y seguridad para pymes del sector de construccion <\/li>\n<li><strong>Autor:<\/strong>\u00a0  Seco Escartin Juan  Manuel <\/li>\n<li><strong>Universidad:<\/strong>\u00a0 Pa\u00eds vasco\/euskal herriko unibertsitatea<\/li>\n<li><strong>Fecha de lectura de la tesis:<\/strong>\u00a0 09\/07\/2001<\/li>\n<\/ul>\n<p>&nbsp;<\/p>\n<h3>Direcci\u00f3n y tribunal<\/h3>\n<ul>\n<li><strong>Director de la tesis<\/strong>\n<ul>\n<li>Ernesto Cilleruelo Carrasco<\/li>\n<\/ul>\n<\/li>\n<li><strong>Tribunal<\/strong>\n<ul>\n<li>Presidente del tribunal: Francisco javier Zubillaga zubimendi <\/li>\n<li>anselmo Del moral bueno (vocal)<\/li>\n<li>cesareo Hernandez iglesias (vocal)<\/li>\n<li> Manzanedo del campo Miguel angel (vocal)<\/li>\n<\/ul>\n<\/li>\n<\/ul>\n<p>&nbsp;<\/p>\n","protected":false},"excerpt":{"rendered":"<p>Tesis doctoral de Seco Escartin Juan Manuel El desarrollo e implantacion de sistemas de gestion en las organizaciones responde la [&hellip;]<\/p>\n","protected":false},"author":1,"featured_media":0,"comment_status":"open","ping_status":"open","sticky":false,"template":"","format":"standard","meta":{"site-sidebar-layout":"default","site-content-layout":"","ast-site-content-layout":"","site-content-style":"default","site-sidebar-style":"default","ast-global-header-display":"","ast-banner-title-visibility":"","ast-main-header-display":"","ast-hfb-above-header-display":"","ast-hfb-below-header-display":"","ast-hfb-mobile-header-display":"","site-post-title":"","ast-breadcrumbs-content":"","ast-featured-img":"","footer-sml-layout":"","theme-transparent-header-meta":"","adv-header-id-meta":"","stick-header-meta":"","header-above-stick-meta":"","header-main-stick-meta":"","header-below-stick-meta":"","astra-migrate-meta-layouts":"default","ast-page-background-enabled":"default","ast-page-background-meta":{"desktop":{"background-color":"var(--ast-global-color-4)","background-image":"","background-repeat":"repeat","background-position":"center center","background-size":"auto","background-attachment":"scroll","background-type":"","background-media":"","overlay-type":"","overlay-color":"","overlay-gradient":""},"tablet":{"background-color":"","background-image":"","background-repeat":"repeat","background-position":"center center","background-size":"auto","background-attachment":"scroll","background-type":"","background-media":"","overlay-type":"","overlay-color":"","overlay-gradient":""},"mobile":{"background-color":"","background-image":"","background-repeat":"repeat","background-position":"center center","background-size":"auto","background-attachment":"scroll","background-type":"","background-media":"","overlay-type":"","overlay-color":"","overlay-gradient":""}},"ast-content-background-meta":{"desktop":{"background-color":"var(--ast-global-color-5)","background-image":"","background-repeat":"repeat","background-position":"center center","background-size":"auto","background-attachment":"scroll","background-type":"","background-media":"","overlay-type":"","overlay-color":"","overlay-gradient":""},"tablet":{"background-color":"var(--ast-global-color-5)","background-image":"","background-repeat":"repeat","background-position":"center center","background-size":"auto","background-attachment":"scroll","background-type":"","background-media":"","overlay-type":"","overlay-color":"","overlay-gradient":""},"mobile":{"background-color":"var(--ast-global-color-5)","background-image":"","background-repeat":"repeat","background-position":"center center","background-size":"auto","background-attachment":"scroll","background-type":"","background-media":"","overlay-type":"","overlay-color":"","overlay-gradient":""}},"footnotes":""},"categories":[82,963,1301,1302,12909,17315],"tags":[13598,12683,13095,12684,12682,39627],"class_list":["post-12096","post","type-post","status-publish","format-standard","hentry","category-ciencias-economicas","category-economia-sectorial","category-estudios-industriales","category-organizacion-y-gestion-de-empresas","category-pais-vasco-euskal-herriko-unibertsitatea","category-sector-de-la-construccion","tag-anselmo-del-moral-bueno","tag-cesareo-hernandez-iglesias","tag-ernesto-cilleruelo-carrasco","tag-francisco-javier-zubillaga-zubimendi","tag-manzanedo-del-campo-miguel-angel","tag-seco-escartin-juan-manuel"],"_links":{"self":[{"href":"https:\/\/www.deberes.net\/tesis\/wp-json\/wp\/v2\/posts\/12096","targetHints":{"allow":["GET"]}}],"collection":[{"href":"https:\/\/www.deberes.net\/tesis\/wp-json\/wp\/v2\/posts"}],"about":[{"href":"https:\/\/www.deberes.net\/tesis\/wp-json\/wp\/v2\/types\/post"}],"author":[{"embeddable":true,"href":"https:\/\/www.deberes.net\/tesis\/wp-json\/wp\/v2\/users\/1"}],"replies":[{"embeddable":true,"href":"https:\/\/www.deberes.net\/tesis\/wp-json\/wp\/v2\/comments?post=12096"}],"version-history":[{"count":0,"href":"https:\/\/www.deberes.net\/tesis\/wp-json\/wp\/v2\/posts\/12096\/revisions"}],"wp:attachment":[{"href":"https:\/\/www.deberes.net\/tesis\/wp-json\/wp\/v2\/media?parent=12096"}],"wp:term":[{"taxonomy":"category","embeddable":true,"href":"https:\/\/www.deberes.net\/tesis\/wp-json\/wp\/v2\/categories?post=12096"},{"taxonomy":"post_tag","embeddable":true,"href":"https:\/\/www.deberes.net\/tesis\/wp-json\/wp\/v2\/tags?post=12096"}],"curies":[{"name":"wp","href":"https:\/\/api.w.org\/{rel}","templated":true}]}}