{"id":12098,"date":"2001-09-07T00:00:00","date_gmt":"2001-09-07T00:00:00","guid":{"rendered":"https:\/\/www.deberes.net\/tesis\/sin-categoria\/analisis-del-coste-hospitalario-informacion-e-instrumentos-para-el-ajuste-de-la-funcion-de-costes-hospitalarios\/"},"modified":"2001-09-07T00:00:00","modified_gmt":"2001-09-07T00:00:00","slug":"analisis-del-coste-hospitalario-informacion-e-instrumentos-para-el-ajuste-de-la-funcion-de-costes-hospitalarios","status":"publish","type":"post","link":"https:\/\/www.deberes.net\/tesis\/ciencias-economicas\/analisis-del-coste-hospitalario-informacion-e-instrumentos-para-el-ajuste-de-la-funcion-de-costes-hospitalarios\/","title":{"rendered":"Analisis del coste hospitalario. informacion e instrumentos para el ajuste de la funcion de costes hospitalarios."},"content":{"rendered":"<h2>Tesis doctoral de <strong> Fracesc Cots Reguant <\/strong><\/h2>\n<p>El sector hospitalario es mayoritario tanto en catalu\u00f1a como en espa\u00f1a. en este entorno no se ha primado el an\u00e1lisis de los costes de la provisi\u00f3n de servicios de salud. La variabilidad de los costes y la definici\u00f3n  de producto hospitalario se ha basado en los sistemas de clasificaci\u00f3n de pacientes (scp) y m\u00e1s concretamente en los grupos relacionados por el diagnostico (grd).  la hip\u00f3tesis de trabajo ha sido que la variabilidad debida a la complejidad del proceso de producci\u00f3n hospitalario no queda bien reflejada con el uso de los scp ya que solamente aportan informaci\u00f3n sobre la dimensi\u00f3n de la complejidad del concepto de producto hospitalario. Quedan por explicar la seriedad de la enfermedad, los outliers, los factores socioecon\u00f3micos, las caracter\u00edsticas del proceso y los factores estructurales. Todos ellos, junto con el ajuste de los costes relativos (pesos) asociados a los grd, pueden explicar mucho mejor la variabilidad del coste hospitalario basado en la definici\u00f3n correcta del producto. Se ha analizado una base de datos correspondiente a los hospitales del institut municipal d\u00c2\u00bfassistencia sanitaria con 35.262 altas y 12.792 millones de pesetas asignados a paciente mediante una metodolog\u00eda de asignacion basada en actividades (coste sobre base clinica).  se ha determinado.:  * la capacidad explicativa de la variabilidad del coste de los pacientes analizados ha aumentado del 19% mediante grd y pesos asociados est\u00e1ndar, hasta el 50% si se introduce el concepto integral de la definici\u00f3n de producto, se incorpora la medida de casos extremos y se ajustan correctamente los pesos en el entorno europeo.  * se ha modelizado una funci\u00f3n de costes que permite analizar el comportamiento de las diferentes dimensiones explicativas del producto y su influencia sobre el coste por paciente.  de los resultados se han extra\u00eddo implicaciones:  * la capacidad explicativa del coste no aumenta con el incremento de categor\u00edas de<\/p>\n<p>&nbsp;<\/p>\n<h3>Datos acad\u00e9micos de la tesis doctoral \u00ab<strong>Analisis del coste hospitalario. informacion e instrumentos para el ajuste de la funcion de costes hospitalarios.<\/strong>\u00ab<\/h3>\n<ul>\n<li><strong>T\u00edtulo de la tesis:<\/strong>\u00a0 Analisis del coste hospitalario. informacion e instrumentos para el ajuste de la funcion de costes hospitalarios. <\/li>\n<li><strong>Autor:<\/strong>\u00a0 Fracesc Cots Reguant <\/li>\n<li><strong>Universidad:<\/strong>\u00a0 Aut\u00f3noma de barcelona<\/li>\n<li><strong>Fecha de lectura de la tesis:<\/strong>\u00a0 09\/07\/2001<\/li>\n<\/ul>\n<p>&nbsp;<\/p>\n<h3>Direcci\u00f3n y tribunal<\/h3>\n<ul>\n<li><strong>Director de la tesis<\/strong>\n<ul>\n<li>Jaume Puig Junoy<\/li>\n<\/ul>\n<\/li>\n<li><strong>Tribunal<\/strong>\n<ul>\n<li>Presidente del tribunal: joan Clavera mojunoll <\/li>\n<li>Jorge Alonso caballero (vocal)<\/li>\n<li>vicente Ort\u00fan rubio (vocal)<\/li>\n<li>marc S\u00e1ez zafra (vocal)<\/li>\n<\/ul>\n<\/li>\n<\/ul>\n<p>&nbsp;<\/p>\n","protected":false},"excerpt":{"rendered":"<p>Tesis doctoral de Fracesc Cots Reguant El sector hospitalario es mayoritario tanto en catalu\u00f1a como en espa\u00f1a. en este entorno [&hellip;]<\/p>\n","protected":false},"author":1,"featured_media":0,"comment_status":"open","ping_status":"open","sticky":false,"template":"","format":"standard","meta":{"site-sidebar-layout":"default","site-content-layout":"","ast-site-content-layout":"","site-content-style":"default","site-sidebar-style":"default","ast-global-header-display":"","ast-banner-title-visibility":"","ast-main-header-display":"","ast-hfb-above-header-display":"","ast-hfb-below-header-display":"","ast-hfb-mobile-header-display":"","site-post-title":"","ast-breadcrumbs-content":"","ast-featured-img":"","footer-sml-layout":"","theme-transparent-header-meta":"","adv-header-id-meta":"","stick-header-meta":"","header-above-stick-meta":"","header-main-stick-meta":"","header-below-stick-meta":"","astra-migrate-meta-layouts":"default","ast-page-background-enabled":"default","ast-page-background-meta":{"desktop":{"background-color":"var(--ast-global-color-4)","background-image":"","background-repeat":"repeat","background-position":"center center","background-size":"auto","background-attachment":"scroll","background-type":"","background-media":"","overlay-type":"","overlay-color":"","overlay-gradient":""},"tablet":{"background-color":"","background-image":"","background-repeat":"repeat","background-position":"center center","background-size":"auto","background-attachment":"scroll","background-type":"","background-media":"","overlay-type":"","overlay-color":"","overlay-gradient":""},"mobile":{"background-color":"","background-image":"","background-repeat":"repeat","background-position":"center center","background-size":"auto","background-attachment":"scroll","background-type":"","background-media":"","overlay-type":"","overlay-color":"","overlay-gradient":""}},"ast-content-background-meta":{"desktop":{"background-color":"var(--ast-global-color-5)","background-image":"","background-repeat":"repeat","background-position":"center center","background-size":"auto","background-attachment":"scroll","background-type":"","background-media":"","overlay-type":"","overlay-color":"","overlay-gradient":""},"tablet":{"background-color":"var(--ast-global-color-5)","background-image":"","background-repeat":"repeat","background-position":"center center","background-size":"auto","background-attachment":"scroll","background-type":"","background-media":"","overlay-type":"","overlay-color":"","overlay-gradient":""},"mobile":{"background-color":"var(--ast-global-color-5)","background-image":"","background-repeat":"repeat","background-position":"center center","background-size":"auto","background-attachment":"scroll","background-type":"","background-media":"","overlay-type":"","overlay-color":"","overlay-gradient":""}},"footnotes":""},"categories":[772,3148,82,963,1477,126,706,12380],"tags":[39632,39633,39634,13664,33105,13705],"class_list":["post-12098","post","type-post","status-publish","format-standard","hentry","category-actividad-economica","category-analisis-multivariante","category-ciencias-economicas","category-economia-sectorial","category-estadistica","category-matematicas","category-produccion","category-sector-de-la-salud","tag-fracesc-cots-reguant","tag-jaume-puig-junoy","tag-joan-clavera-mojunoll","tag-jorge-alonso-caballero","tag-marc-saez-zafra","tag-vicente-ortun-rubio"],"_links":{"self":[{"href":"https:\/\/www.deberes.net\/tesis\/wp-json\/wp\/v2\/posts\/12098","targetHints":{"allow":["GET"]}}],"collection":[{"href":"https:\/\/www.deberes.net\/tesis\/wp-json\/wp\/v2\/posts"}],"about":[{"href":"https:\/\/www.deberes.net\/tesis\/wp-json\/wp\/v2\/types\/post"}],"author":[{"embeddable":true,"href":"https:\/\/www.deberes.net\/tesis\/wp-json\/wp\/v2\/users\/1"}],"replies":[{"embeddable":true,"href":"https:\/\/www.deberes.net\/tesis\/wp-json\/wp\/v2\/comments?post=12098"}],"version-history":[{"count":0,"href":"https:\/\/www.deberes.net\/tesis\/wp-json\/wp\/v2\/posts\/12098\/revisions"}],"wp:attachment":[{"href":"https:\/\/www.deberes.net\/tesis\/wp-json\/wp\/v2\/media?parent=12098"}],"wp:term":[{"taxonomy":"category","embeddable":true,"href":"https:\/\/www.deberes.net\/tesis\/wp-json\/wp\/v2\/categories?post=12098"},{"taxonomy":"post_tag","embeddable":true,"href":"https:\/\/www.deberes.net\/tesis\/wp-json\/wp\/v2\/tags?post=12098"}],"curies":[{"name":"wp","href":"https:\/\/api.w.org\/{rel}","templated":true}]}}