{"id":121036,"date":"2023-12-20T04:36:17","date_gmt":"2023-12-20T04:36:17","guid":{"rendered":"https:\/\/www.deberes.net\/tesis\/sin-categoria\/estudio-linguistico-de-los-discursos-de-antifonte\/"},"modified":"2023-12-20T04:36:17","modified_gmt":"2023-12-20T04:36:17","slug":"estudio-linguistico-de-los-discursos-de-antifonte","status":"publish","type":"post","link":"https:\/\/www.deberes.net\/tesis\/linguistica\/estudio-linguistico-de-los-discursos-de-antifonte\/","title":{"rendered":"Estudio linguistico de los discursos de antifonte."},"content":{"rendered":"<h2>Tesis doctoral de <strong> Jordi Redonso Sanchez <\/strong><\/h2>\n<p>En el ultimo tercio del siglo v a. C. Aparecen los primeros textos literarios aticos en prosa  entre los cuales sobresale el corpus de discursos del orador antifonte. El analisis linguistico de dichos discursos permite conocer el grado de interrelacion  de los diferentes dialectos en contacto  incluidos los propios de los niveles no literarios. De los datos obtenidos se infiere que la posicion de antifonte en la historia de la lengua griega es de suma importancia para poder valorar la constitucion de la lengua del discurso judicial atico y de la koine.<\/p>\n<p>&nbsp;<\/p>\n<h3>Datos acad\u00e9micos de la tesis doctoral \u00ab<strong>Estudio linguistico de los discursos de antifonte.<\/strong>\u00ab<\/h3>\n<ul>\n<li><strong>T\u00edtulo de la tesis:<\/strong>\u00a0 Estudio linguistico de los discursos de antifonte. <\/li>\n<li><strong>Autor:<\/strong>\u00a0 Jordi Redonso Sanchez <\/li>\n<li><strong>Universidad:<\/strong>\u00a0 Salamanca<\/li>\n<li><strong>Fecha de lectura de la tesis:<\/strong>\u00a0 01\/01\/1986<\/li>\n<\/ul>\n<p>&nbsp;<\/p>\n<h3>Direcci\u00f3n y tribunal<\/h3>\n<ul>\n<li><strong>Director de la tesis<\/strong>\n<ul>\n<li>Antonio Lopez Eire<\/li>\n<\/ul>\n<\/li>\n<li><strong>Tribunal<\/strong>\n<ul>\n<li>Presidente del tribunal: Mart\u00edn Ruip\u00e9rez S\u00e1nchez <\/li>\n<li> Hoz Bravo J. Javier (vocal)<\/li>\n<li>Jos\u00e9 Alsina Olota (vocal)<\/li>\n<li>Manuel Garcia Teijeiro (vocal)<\/li>\n<\/ul>\n<\/li>\n<\/ul>\n<p>&nbsp;<\/p>\n","protected":false},"excerpt":{"rendered":"<p>Tesis doctoral de Jordi Redonso Sanchez En el ultimo tercio del siglo v a. C. Aparecen los primeros textos literarios [&hellip;]<\/p>\n","protected":false},"author":1,"featured_media":0,"comment_status":"open","ping_status":"open","sticky":false,"template":"","format":"standard","meta":{"site-sidebar-layout":"default","site-content-layout":"","ast-site-content-layout":"","site-content-style":"default","site-sidebar-style":"default","ast-global-header-display":"","ast-banner-title-visibility":"","ast-main-header-display":"","ast-hfb-above-header-display":"","ast-hfb-below-header-display":"","ast-hfb-mobile-header-display":"","site-post-title":"","ast-breadcrumbs-content":"","ast-featured-img":"","footer-sml-layout":"","theme-transparent-header-meta":"","adv-header-id-meta":"","stick-header-meta":"","header-above-stick-meta":"","header-main-stick-meta":"","header-below-stick-meta":"","astra-migrate-meta-layouts":"default","ast-page-background-enabled":"default","ast-page-background-meta":{"desktop":{"background-color":"var(--ast-global-color-4)","background-image":"","background-repeat":"repeat","background-position":"center center","background-size":"auto","background-attachment":"scroll","background-type":"","background-media":"","overlay-type":"","overlay-color":"","overlay-gradient":""},"tablet":{"background-color":"","background-image":"","background-repeat":"repeat","background-position":"center center","background-size":"auto","background-attachment":"scroll","background-type":"","background-media":"","overlay-type":"","overlay-color":"","overlay-gradient":""},"mobile":{"background-color":"","background-image":"","background-repeat":"repeat","background-position":"center center","background-size":"auto","background-attachment":"scroll","background-type":"","background-media":"","overlay-type":"","overlay-color":"","overlay-gradient":""}},"ast-content-background-meta":{"desktop":{"background-color":"var(--ast-global-color-5)","background-image":"","background-repeat":"repeat","background-position":"center center","background-size":"auto","background-attachment":"scroll","background-type":"","background-media":"","overlay-type":"","overlay-color":"","overlay-gradient":""},"tablet":{"background-color":"var(--ast-global-color-5)","background-image":"","background-repeat":"repeat","background-position":"center center","background-size":"auto","background-attachment":"scroll","background-type":"","background-media":"","overlay-type":"","overlay-color":"","overlay-gradient":""},"mobile":{"background-color":"var(--ast-global-color-5)","background-image":"","background-repeat":"repeat","background-position":"center center","background-size":"auto","background-attachment":"scroll","background-type":"","background-media":"","overlay-type":"","overlay-color":"","overlay-gradient":""}},"footnotes":""},"categories":[59,423,590,9386],"tags":[9669,113881,235005,235006,9113,11569],"class_list":["post-121036","post","type-post","status-publish","format-standard","hentry","category-linguistica","category-linguistica-diacronica","category-linguistica-historica","category-salamanca","tag-antonio-lopez-eire","tag-hoz-bravo-j-javier","tag-jordi-redonso-sanchez","tag-jose-alsina-olota","tag-manuel-garcia-teijeiro","tag-martin-ruiperez-sanchez"],"_links":{"self":[{"href":"https:\/\/www.deberes.net\/tesis\/wp-json\/wp\/v2\/posts\/121036","targetHints":{"allow":["GET"]}}],"collection":[{"href":"https:\/\/www.deberes.net\/tesis\/wp-json\/wp\/v2\/posts"}],"about":[{"href":"https:\/\/www.deberes.net\/tesis\/wp-json\/wp\/v2\/types\/post"}],"author":[{"embeddable":true,"href":"https:\/\/www.deberes.net\/tesis\/wp-json\/wp\/v2\/users\/1"}],"replies":[{"embeddable":true,"href":"https:\/\/www.deberes.net\/tesis\/wp-json\/wp\/v2\/comments?post=121036"}],"version-history":[{"count":0,"href":"https:\/\/www.deberes.net\/tesis\/wp-json\/wp\/v2\/posts\/121036\/revisions"}],"wp:attachment":[{"href":"https:\/\/www.deberes.net\/tesis\/wp-json\/wp\/v2\/media?parent=121036"}],"wp:term":[{"taxonomy":"category","embeddable":true,"href":"https:\/\/www.deberes.net\/tesis\/wp-json\/wp\/v2\/categories?post=121036"},{"taxonomy":"post_tag","embeddable":true,"href":"https:\/\/www.deberes.net\/tesis\/wp-json\/wp\/v2\/tags?post=121036"}],"curies":[{"name":"wp","href":"https:\/\/api.w.org\/{rel}","templated":true}]}}