{"id":121350,"date":"2024-02-08T20:33:44","date_gmt":"2024-02-08T20:33:44","guid":{"rendered":"https:\/\/www.deberes.net\/tesis\/sin-categoria\/aspectos-y-perifrasis-en-el-verbo-espanol-moderno\/"},"modified":"2024-02-08T20:33:44","modified_gmt":"2024-02-08T20:33:44","slug":"aspectos-y-perifrasis-en-el-verbo-espanol-moderno","status":"publish","type":"post","link":"https:\/\/www.deberes.net\/tesis\/linguistica\/aspectos-y-perifrasis-en-el-verbo-espanol-moderno\/","title":{"rendered":"Aspectos y perifrasis en el verbo espa\u00f1ol moderno."},"content":{"rendered":"<h2>Tesis doctoral de <strong> Manuel Velez Gonzalez <\/strong><\/h2>\n<p>Aspecto y perifrasis en el verbo espa\u00f1ol moderno  por manuel velez. Como su titulo indica  la tesis realiza una incursion en el dominio verbal  tratando uno de sus problemas mas estudiados: la relacion entre el aspecto y las perifrasis verbales. Creemos demostrar que tal relacion existe y que el aspecto  se manifiesta como la razon primera para la existencia de estas  seguida del modo. Tras el apartado inicial teorico  recuento de las propuestas fundamentales  se pasa al analisis del corpus que delimita las perifrasis verbales del espa\u00f1ol. El grupo mas numeroso y de mas vario significado corresponde a las de infinitivo. Finalmente  en las conclusiones  se realiza una clasificacion  mediante cuadros  de los distintos tipos perifrasticos. Inicia el apartado la clasificacion formal (auxiliado en infinitivo  participio y gerundio)  para acceder despues a los significados gramaticales  aspecto y modo.<\/p>\n<p>&nbsp;<\/p>\n<h3>Datos acad\u00e9micos de la tesis doctoral \u00ab<strong>Aspectos y perifrasis en el verbo espa\u00f1ol moderno.<\/strong>\u00ab<\/h3>\n<ul>\n<li><strong>T\u00edtulo de la tesis:<\/strong>\u00a0 Aspectos y perifrasis en el verbo espa\u00f1ol moderno. <\/li>\n<li><strong>Autor:<\/strong>\u00a0 Manuel Velez Gonzalez <\/li>\n<li><strong>Universidad:<\/strong>\u00a0 Universitat de val\u00e9ncia (estudi general)<\/li>\n<li><strong>Fecha de lectura de la tesis:<\/strong>\u00a0 01\/01\/1986<\/li>\n<\/ul>\n<p>&nbsp;<\/p>\n<h3>Direcci\u00f3n y tribunal<\/h3>\n<ul>\n<li><strong>Director de la tesis<\/strong>\n<ul>\n<li>\u00e1ngel L\u00f3pez Garc\u00eda<\/li>\n<\/ul>\n<\/li>\n<li><strong>Tribunal<\/strong>\n<ul>\n<li>Presidente del tribunal: Emilio Ridruejo Alonso <\/li>\n<li> Martin Zorraquino Mar\u00eda  Antonia (vocal)<\/li>\n<li>Felix Monge Casao (vocal)<\/li>\n<li>Ricardo Arias Ramon (vocal)<\/li>\n<\/ul>\n<\/li>\n<\/ul>\n<p>&nbsp;<\/p>\n","protected":false},"excerpt":{"rendered":"<p>Tesis doctoral de Manuel Velez Gonzalez Aspecto y perifrasis en el verbo espa\u00f1ol moderno por manuel velez. Como su titulo [&hellip;]<\/p>\n","protected":false},"author":1,"featured_media":0,"comment_status":"open","ping_status":"open","sticky":false,"template":"","format":"standard","meta":{"site-sidebar-layout":"default","site-content-layout":"","ast-site-content-layout":"","site-content-style":"default","site-sidebar-style":"default","ast-global-header-display":"","ast-banner-title-visibility":"","ast-main-header-display":"","ast-hfb-above-header-display":"","ast-hfb-below-header-display":"","ast-hfb-mobile-header-display":"","site-post-title":"","ast-breadcrumbs-content":"","ast-featured-img":"","footer-sml-layout":"","theme-transparent-header-meta":"","adv-header-id-meta":"","stick-header-meta":"","header-above-stick-meta":"","header-main-stick-meta":"","header-below-stick-meta":"","astra-migrate-meta-layouts":"default","ast-page-background-enabled":"default","ast-page-background-meta":{"desktop":{"background-color":"var(--ast-global-color-4)","background-image":"","background-repeat":"repeat","background-position":"center center","background-size":"auto","background-attachment":"scroll","background-type":"","background-media":"","overlay-type":"","overlay-color":"","overlay-gradient":""},"tablet":{"background-color":"","background-image":"","background-repeat":"repeat","background-position":"center center","background-size":"auto","background-attachment":"scroll","background-type":"","background-media":"","overlay-type":"","overlay-color":"","overlay-gradient":""},"mobile":{"background-color":"","background-image":"","background-repeat":"repeat","background-position":"center center","background-size":"auto","background-attachment":"scroll","background-type":"","background-media":"","overlay-type":"","overlay-color":"","overlay-gradient":""}},"ast-content-background-meta":{"desktop":{"background-color":"var(--ast-global-color-5)","background-image":"","background-repeat":"repeat","background-position":"center center","background-size":"auto","background-attachment":"scroll","background-type":"","background-media":"","overlay-type":"","overlay-color":"","overlay-gradient":""},"tablet":{"background-color":"var(--ast-global-color-5)","background-image":"","background-repeat":"repeat","background-position":"center center","background-size":"auto","background-attachment":"scroll","background-type":"","background-media":"","overlay-type":"","overlay-color":"","overlay-gradient":""},"mobile":{"background-color":"var(--ast-global-color-5)","background-image":"","background-repeat":"repeat","background-position":"center center","background-size":"auto","background-attachment":"scroll","background-type":"","background-media":"","overlay-type":"","overlay-color":"","overlay-gradient":""}},"footnotes":""},"categories":[59,62,409],"tags":[1515,12598,1622,235278,37782,27333],"class_list":["post-121350","post","type-post","status-publish","format-standard","hentry","category-linguistica","category-linguistica-sincronica","category-sintaxis-y-analisis-sintactico","tag-angel-lopez-garcia","tag-emilio-ridruejo-alonso","tag-felix-monge-casao","tag-manuel-velez-gonzalez","tag-martin-zorraquino-maria-antonia","tag-ricardo-arias-ramon"],"_links":{"self":[{"href":"https:\/\/www.deberes.net\/tesis\/wp-json\/wp\/v2\/posts\/121350","targetHints":{"allow":["GET"]}}],"collection":[{"href":"https:\/\/www.deberes.net\/tesis\/wp-json\/wp\/v2\/posts"}],"about":[{"href":"https:\/\/www.deberes.net\/tesis\/wp-json\/wp\/v2\/types\/post"}],"author":[{"embeddable":true,"href":"https:\/\/www.deberes.net\/tesis\/wp-json\/wp\/v2\/users\/1"}],"replies":[{"embeddable":true,"href":"https:\/\/www.deberes.net\/tesis\/wp-json\/wp\/v2\/comments?post=121350"}],"version-history":[{"count":0,"href":"https:\/\/www.deberes.net\/tesis\/wp-json\/wp\/v2\/posts\/121350\/revisions"}],"wp:attachment":[{"href":"https:\/\/www.deberes.net\/tesis\/wp-json\/wp\/v2\/media?parent=121350"}],"wp:term":[{"taxonomy":"category","embeddable":true,"href":"https:\/\/www.deberes.net\/tesis\/wp-json\/wp\/v2\/categories?post=121350"},{"taxonomy":"post_tag","embeddable":true,"href":"https:\/\/www.deberes.net\/tesis\/wp-json\/wp\/v2\/tags?post=121350"}],"curies":[{"name":"wp","href":"https:\/\/api.w.org\/{rel}","templated":true}]}}