{"id":12136,"date":"2001-10-07T00:00:00","date_gmt":"2001-10-07T00:00:00","guid":{"rendered":"https:\/\/www.deberes.net\/tesis\/sin-categoria\/comercio-de-importacion-en-la-valencia-del-segundo-cuarto-del-seiscientos\/"},"modified":"2001-10-07T00:00:00","modified_gmt":"2001-10-07T00:00:00","slug":"comercio-de-importacion-en-la-valencia-del-segundo-cuarto-del-seiscientos","status":"publish","type":"post","link":"https:\/\/www.deberes.net\/tesis\/historia\/comercio-de-importacion-en-la-valencia-del-segundo-cuarto-del-seiscientos\/","title":{"rendered":"Comercio de importaci\u00f3n en la Valencia del segundo cuarto del seiscientos."},"content":{"rendered":"<h2>Tesis doctoral de <strong> Roberto Blanes Andres <\/strong><\/h2>\n<p>El trabajo presentado continua la l\u00ednea de investigaci\u00f3n, indica por los doctores do\u00f1\u00e1 emilia salvador esteban y don alvaro castillo pintado, sobre el comercio mar\u00edtimo de importaci\u00f3n en la \u00e9poca foral.  los datos utilizados proceden del archivo del reino de Valencia, concretamente de la secci\u00f3n maeste racional, serie peatge de mar.  con la ayuda de los registros contables de nuestro puerto, hemos intentado analizar el comercio Valenciano en el segundo cuarto del seiscientos (1626-1650). el fin \u00faltimo ha sido el de profundizar en los que fueron los movimientos mar\u00edtimos de Valencia, los flujos importadores desplegados bajo su amparo, la \u00edndole de estas importaciones.  los tr\u00e1ficos y el movimiento del puerto nos han obligado a hacer frente no s\u00f3lo al comercio, sino a otros aspectos de la vida de una ciudad, como las consecuencias industriales que genera el mismo mercado, las instituciones que intervienen, los hombres de negocios asentados en Valencia, etc.  Toda esta gama de cuestiones va apareciendo repetidamente, en funci\u00f3n de la actividad comercial, en diveros lugares de la tesis.  tambi\u00e9n hemos sido testigos de c\u00f3mo Valencia entrej\u00eda su historia con el de otras urbes, con el de otras \u00e1reas econ\u00f3micas, tanto en un espacio cercano e \u00edntimo como el mediterr\u00e1neo y otro m\u00e1s alejado y menos familiar, el atl\u00e1ntico.  a trav\u00e9s de las cuestiones mencionadas, nos hemos relacionado con asuntos diversos de la historia de Valencia e incluso,pensamos, que hemos dado respuesta algunos de los problemas que se nos suscitaban al inicio de esta aventura, sin embargo, somos conscientes que nuestro estudio est\u00e1 muy lejos de haber concluido y s\u00f3lo pretendemos ser una pieza m\u00e1s dentro de un entramado complejo.<\/p>\n<p>&nbsp;<\/p>\n<h3>Datos acad\u00e9micos de la tesis doctoral \u00ab<strong>Comercio de importaci\u00f3n en la Valencia del segundo cuarto del seiscientos.<\/strong>\u00ab<\/h3>\n<ul>\n<li><strong>T\u00edtulo de la tesis:<\/strong>\u00a0 Comercio de importaci\u00f3n en la Valencia del segundo cuarto del seiscientos. <\/li>\n<li><strong>Autor:<\/strong>\u00a0 Roberto Blanes Andres <\/li>\n<li><strong>Universidad:<\/strong>\u00a0 Universitat de val\u00e9ncia (estudi general)<\/li>\n<li><strong>Fecha de lectura de la tesis:<\/strong>\u00a0 10\/07\/2001<\/li>\n<\/ul>\n<p>&nbsp;<\/p>\n<h3>Direcci\u00f3n y tribunal<\/h3>\n<ul>\n<li><strong>Director de la tesis<\/strong>\n<ul>\n<li>Emilia Salvador Esteban<\/li>\n<\/ul>\n<\/li>\n<li><strong>Tribunal<\/strong>\n<ul>\n<li>Presidente del tribunal: enrique Gim\u00e9nez l\u00f3pez <\/li>\n<li>Rafael Benitez sanchez blanco (vocal)<\/li>\n<li>Jos\u00e9 Juan  vidal (vocal)<\/li>\n<li> Latorre ciria Jos\u00e9 Manuel (vocal)<\/li>\n<\/ul>\n<\/li>\n<\/ul>\n<p>&nbsp;<\/p>\n","protected":false},"excerpt":{"rendered":"<p>Tesis doctoral de Roberto Blanes Andres El trabajo presentado continua la l\u00ednea de investigaci\u00f3n, indica por los doctores do\u00f1\u00e1 emilia [&hellip;]<\/p>\n","protected":false},"author":1,"featured_media":0,"comment_status":"open","ping_status":"open","sticky":false,"template":"","format":"standard","meta":{"site-sidebar-layout":"default","site-content-layout":"","ast-site-content-layout":"","site-content-style":"default","site-sidebar-style":"default","ast-global-header-display":"","ast-banner-title-visibility":"","ast-main-header-display":"","ast-hfb-above-header-display":"","ast-hfb-below-header-display":"","ast-hfb-mobile-header-display":"","site-post-title":"","ast-breadcrumbs-content":"","ast-featured-img":"","footer-sml-layout":"","theme-transparent-header-meta":"","adv-header-id-meta":"","stick-header-meta":"","header-above-stick-meta":"","header-main-stick-meta":"","header-below-stick-meta":"","astra-migrate-meta-layouts":"default","ast-page-background-enabled":"default","ast-page-background-meta":{"desktop":{"background-color":"var(--ast-global-color-4)","background-image":"","background-repeat":"repeat","background-position":"center center","background-size":"auto","background-attachment":"scroll","background-type":"","background-media":"","overlay-type":"","overlay-color":"","overlay-gradient":""},"tablet":{"background-color":"","background-image":"","background-repeat":"repeat","background-position":"center center","background-size":"auto","background-attachment":"scroll","background-type":"","background-media":"","overlay-type":"","overlay-color":"","overlay-gradient":""},"mobile":{"background-color":"","background-image":"","background-repeat":"repeat","background-position":"center center","background-size":"auto","background-attachment":"scroll","background-type":"","background-media":"","overlay-type":"","overlay-color":"","overlay-gradient":""}},"ast-content-background-meta":{"desktop":{"background-color":"var(--ast-global-color-5)","background-image":"","background-repeat":"repeat","background-position":"center center","background-size":"auto","background-attachment":"scroll","background-type":"","background-media":"","overlay-type":"","overlay-color":"","overlay-gradient":""},"tablet":{"background-color":"var(--ast-global-color-5)","background-image":"","background-repeat":"repeat","background-position":"center center","background-size":"auto","background-attachment":"scroll","background-type":"","background-media":"","overlay-type":"","overlay-color":"","overlay-gradient":""},"mobile":{"background-color":"var(--ast-global-color-5)","background-image":"","background-repeat":"repeat","background-position":"center center","background-size":"auto","background-attachment":"scroll","background-type":"","background-media":"","overlay-type":"","overlay-color":"","overlay-gradient":""}},"footnotes":""},"categories":[104,438,989,220,222],"tags":[12104,4940,19196,39743,9208,39742],"class_list":["post-12136","post","type-post","status-publish","format-standard","hentry","category-historia","category-historia-de-la-economia","category-historia-moderna","category-historia-por-epocas","category-historias-especializadas","tag-emilia-salvador-esteban","tag-enrique-gimenez-lopez","tag-jose-juan-vidal","tag-latorre-ciria-jose-manuel","tag-rafael-benitez-sanchez-blanco","tag-roberto-blanes-andres"],"_links":{"self":[{"href":"https:\/\/www.deberes.net\/tesis\/wp-json\/wp\/v2\/posts\/12136","targetHints":{"allow":["GET"]}}],"collection":[{"href":"https:\/\/www.deberes.net\/tesis\/wp-json\/wp\/v2\/posts"}],"about":[{"href":"https:\/\/www.deberes.net\/tesis\/wp-json\/wp\/v2\/types\/post"}],"author":[{"embeddable":true,"href":"https:\/\/www.deberes.net\/tesis\/wp-json\/wp\/v2\/users\/1"}],"replies":[{"embeddable":true,"href":"https:\/\/www.deberes.net\/tesis\/wp-json\/wp\/v2\/comments?post=12136"}],"version-history":[{"count":0,"href":"https:\/\/www.deberes.net\/tesis\/wp-json\/wp\/v2\/posts\/12136\/revisions"}],"wp:attachment":[{"href":"https:\/\/www.deberes.net\/tesis\/wp-json\/wp\/v2\/media?parent=12136"}],"wp:term":[{"taxonomy":"category","embeddable":true,"href":"https:\/\/www.deberes.net\/tesis\/wp-json\/wp\/v2\/categories?post=12136"},{"taxonomy":"post_tag","embeddable":true,"href":"https:\/\/www.deberes.net\/tesis\/wp-json\/wp\/v2\/tags?post=12136"}],"curies":[{"name":"wp","href":"https:\/\/api.w.org\/{rel}","templated":true}]}}