{"id":12157,"date":"2001-10-07T00:00:00","date_gmt":"2001-10-07T00:00:00","guid":{"rendered":"https:\/\/www.deberes.net\/tesis\/sin-categoria\/uso-de-normas-jura%c2%addicas-y-toma-de-decisiones\/"},"modified":"2001-10-07T00:00:00","modified_gmt":"2001-10-07T00:00:00","slug":"uso-de-normas-jura%c2%addicas-y-toma-de-decisiones","status":"publish","type":"post","link":"https:\/\/www.deberes.net\/tesis\/pompeu-fabra\/uso-de-normas-jura%c2%addicas-y-toma-de-decisiones\/","title":{"rendered":"Uso de normas jur\u00eddicas y toma de decisiones"},"content":{"rendered":"<h2>Tesis doctoral de <strong> Ra\u00fal Calvo Soler <\/strong><\/h2>\n<p>La cuesti\u00f3n del seguimiento de las normas jur\u00eddicas han sido y es un tema concurrente en el discurso jur\u00eddico en general y en el  iusfiloss\u00f3fico en particular. \u00c2\u00bfpor qu\u00e9 los individuos siguen las normas jur\u00eddicas?, \u00c2\u00bfes lo mismo el seguimiento de una norma jur\u00eddica que su cumplimiento? \u00c2\u00bfc\u00f3mo afectan las normas jur\u00eddicas a la toma de decisiones de los individuos? Etc. Son interrogantes que han merecido un extenso debate. Es en este contexto donde cabe situar el an\u00e1lisis que se efect\u00faa en la tesis doctoral. Esta tesis doctoral presenta una posible respuesta a estos interrogantes pero desde un punto de partida espec\u00edfico; las preferencias de los individuos. para ello se comienza por analizar en el cap\u00edtulo primero algunas cuestiones b\u00e1sicas referidas a la l\u00f3gica de preferencia. Nociones tales como \u00c2\u00bfpreferencia d\u00e9bil\u00c2\u00bf, \u00c2\u00bfpreferencia estricta\u00c2\u00bf e \u00c2\u00bfindiferencia\u00c2\u00bf son el punto de partida para el an\u00e1lisis de la toma de decisiones formativas. Se incluyen adem\u00e1s algunas distinciones que fueron originalmente concebidas para otras finalidades como la que media entre \u00c2\u00bfpreferencias extr\u00ednsecas\u00c2\u00bf y \u00c2\u00bfpreferencias intr\u00ednsecas\u00c2\u00bf. el problema fundamental que plantea la toma de decisiones es la cuesti\u00f3n de la pluralidad, en primer lugar, de acciones alternativas y, en segundo lugar, de criterios o preferencias sobre la base de criterios. Este problema de la pluralidad servir\u00e1 para introducir en an\u00e1lisis la cuesti\u00f3n referida a la \u00c2\u00bfracionalidad\u00c2\u00bf de las decisiones, entendiendo por tal una espec\u00edfica propuesta de soluci\u00f3n de un conjunto de preferencias. Frente a la noci\u00f3n cl\u00e1sica de racionalidad la propuesta de esta tesis doctoral acepta  la existencia de distintos modos de racionalidad. Bajo este presupuesto la pregunta acerca de \u00c2\u00bfcu\u00e1ndo es racional seguir una norma jur\u00eddica? Debe ser contestada en el contexto de los diferentes modos de racionalidad. ahora bien, las propuestas acerca del seguidor de normas jur\u00eddicas en los diferentes modos de racionalidad plantean una serie de inconvenientes que la tesis pretende poner de manifiesto. En este sentido se incluye una valoraci\u00f3n respecto del alcance de cada una de estas propuestas intentando mostrar que un modelo agregativo de racionalidad, en contraposici\u00f3n con los modelos m\u00e1s usados, puede dar cuenta de una mejor manera de los inconvenientes planteados. la tesis doctoral finaliza con una excursus en el que analiza la pregunta de \u00c2\u00bfcu\u00e1ndo no es racional seguir una norma jur\u00eddica? Mostrando que esta cuesti\u00f3n no es simplemente la opuesta al interrogante sobre la racionalidad del seguimiento.<\/p>\n<p>&nbsp;<\/p>\n<h3>Datos acad\u00e9micos de la tesis doctoral \u00ab<strong>Uso de normas jur\u00eddicas y toma de decisiones<\/strong>\u00ab<\/h3>\n<ul>\n<li><strong>T\u00edtulo de la tesis:<\/strong>\u00a0 Uso de normas jur\u00eddicas y toma de decisiones <\/li>\n<li><strong>Autor:<\/strong>\u00a0 Ra\u00fal Calvo Soler <\/li>\n<li><strong>Universidad:<\/strong>\u00a0 Pompeu fabra<\/li>\n<li><strong>Fecha de lectura de la tesis:<\/strong>\u00a0 10\/07\/2001<\/li>\n<\/ul>\n<p>&nbsp;<\/p>\n<h3>Direcci\u00f3n y tribunal<\/h3>\n<ul>\n<li><strong>Director de la tesis<\/strong>\n<ul>\n<li>Jorge  F. Malem Se\u00f1a<\/li>\n<\/ul>\n<\/li>\n<li><strong>Tribunal<\/strong>\n<ul>\n<li>Presidente del tribunal: eugenio Bulygin <\/li>\n<li>Juan  ram\u00f3n De paramo arg\u00ed\u00bcelles (vocal)<\/li>\n<li>ruth Zimmerling (vocal)<\/li>\n<li>Javier Ezquiaga ganuzas (vocal)<\/li>\n<\/ul>\n<\/li>\n<\/ul>\n<p>&nbsp;<\/p>\n","protected":false},"excerpt":{"rendered":"<p>Tesis doctoral de Ra\u00fal Calvo Soler La cuesti\u00f3n del seguimiento de las normas jur\u00eddicas han sido y es un tema [&hellip;]<\/p>\n","protected":false},"author":1,"featured_media":0,"comment_status":"open","ping_status":"open","sticky":false,"template":"","format":"standard","meta":{"site-sidebar-layout":"default","site-content-layout":"","ast-site-content-layout":"","site-content-style":"default","site-sidebar-style":"default","ast-global-header-display":"","ast-banner-title-visibility":"","ast-main-header-display":"","ast-hfb-above-header-display":"","ast-hfb-below-header-display":"","ast-hfb-mobile-header-display":"","site-post-title":"","ast-breadcrumbs-content":"","ast-featured-img":"","footer-sml-layout":"","theme-transparent-header-meta":"","adv-header-id-meta":"","stick-header-meta":"","header-above-stick-meta":"","header-main-stick-meta":"","header-below-stick-meta":"","astra-migrate-meta-layouts":"default","ast-page-background-enabled":"default","ast-page-background-meta":{"desktop":{"background-color":"var(--ast-global-color-4)","background-image":"","background-repeat":"repeat","background-position":"center center","background-size":"auto","background-attachment":"scroll","background-type":"","background-media":"","overlay-type":"","overlay-color":"","overlay-gradient":""},"tablet":{"background-color":"","background-image":"","background-repeat":"repeat","background-position":"center center","background-size":"auto","background-attachment":"scroll","background-type":"","background-media":"","overlay-type":"","overlay-color":"","overlay-gradient":""},"mobile":{"background-color":"","background-image":"","background-repeat":"repeat","background-position":"center center","background-size":"auto","background-attachment":"scroll","background-type":"","background-media":"","overlay-type":"","overlay-color":"","overlay-gradient":""}},"ast-content-background-meta":{"desktop":{"background-color":"var(--ast-global-color-5)","background-image":"","background-repeat":"repeat","background-position":"center center","background-size":"auto","background-attachment":"scroll","background-type":"","background-media":"","overlay-type":"","overlay-color":"","overlay-gradient":""},"tablet":{"background-color":"var(--ast-global-color-5)","background-image":"","background-repeat":"repeat","background-position":"center center","background-size":"auto","background-attachment":"scroll","background-type":"","background-media":"","overlay-type":"","overlay-color":"","overlay-gradient":""},"mobile":{"background-color":"var(--ast-global-color-5)","background-image":"","background-repeat":"repeat","background-position":"center center","background-size":"auto","background-attachment":"scroll","background-type":"","background-media":"","overlay-type":"","overlay-color":"","overlay-gradient":""}},"footnotes":""},"categories":[19048,18712],"tags":[39812,39815,39811,39813,39810,39814],"class_list":["post-12157","post","type-post","status-publish","format-standard","hentry","category-jurisprudencia","category-pompeu-fabra","tag-eugenio-bulygin","tag-javier-ezquiaga-ganuzas","tag-jorge-f-malem-sena","tag-juan-ramon-de-paramo-argielles","tag-raul-calvo-soler","tag-ruth-zimmerling"],"_links":{"self":[{"href":"https:\/\/www.deberes.net\/tesis\/wp-json\/wp\/v2\/posts\/12157","targetHints":{"allow":["GET"]}}],"collection":[{"href":"https:\/\/www.deberes.net\/tesis\/wp-json\/wp\/v2\/posts"}],"about":[{"href":"https:\/\/www.deberes.net\/tesis\/wp-json\/wp\/v2\/types\/post"}],"author":[{"embeddable":true,"href":"https:\/\/www.deberes.net\/tesis\/wp-json\/wp\/v2\/users\/1"}],"replies":[{"embeddable":true,"href":"https:\/\/www.deberes.net\/tesis\/wp-json\/wp\/v2\/comments?post=12157"}],"version-history":[{"count":0,"href":"https:\/\/www.deberes.net\/tesis\/wp-json\/wp\/v2\/posts\/12157\/revisions"}],"wp:attachment":[{"href":"https:\/\/www.deberes.net\/tesis\/wp-json\/wp\/v2\/media?parent=12157"}],"wp:term":[{"taxonomy":"category","embeddable":true,"href":"https:\/\/www.deberes.net\/tesis\/wp-json\/wp\/v2\/categories?post=12157"},{"taxonomy":"post_tag","embeddable":true,"href":"https:\/\/www.deberes.net\/tesis\/wp-json\/wp\/v2\/tags?post=12157"}],"curies":[{"name":"wp","href":"https:\/\/api.w.org\/{rel}","templated":true}]}}