{"id":12158,"date":"2001-10-07T00:00:00","date_gmt":"2001-10-07T00:00:00","guid":{"rendered":"https:\/\/www.deberes.net\/tesis\/sin-categoria\/la-responsabilidad-extracontractual-por-danos-derivados-de-la-contaminacion-por-residuos-peligrosos-en-derecho-internacional-privado\/"},"modified":"2001-10-07T00:00:00","modified_gmt":"2001-10-07T00:00:00","slug":"la-responsabilidad-extracontractual-por-danos-derivados-de-la-contaminacion-por-residuos-peligrosos-en-derecho-internacional-privado","status":"publish","type":"post","link":"https:\/\/www.deberes.net\/tesis\/derecho-internacional\/la-responsabilidad-extracontractual-por-danos-derivados-de-la-contaminacion-por-residuos-peligrosos-en-derecho-internacional-privado\/","title":{"rendered":"La responsabilidad extracontractual por da\u00f1os derivados de la contaminaci\u00f3n por residuos peligrosos en derecho internacional privado"},"content":{"rendered":"<h2>Tesis doctoral de <strong> M\u00f3nica Vinaixa Miquel <\/strong><\/h2>\n<p>La tesis versa sobre los problemas de competencia judicial internacional y de derecho aplicable que surgen en el marco de los litigios en materia de responsabilidad extracontractual por da\u00f1os por contaminaci\u00f3n transfronterizos causados por los residuos peligrosos, la primera parte fija el marco normativo regulador, b\u00e1sicamente comunitario, de las actividades de gesti\u00f3n y traslado transfronterizo de los residuos peligrosos. la segunda parte apunta las respuestas jur\u00eddicas que el derecho interno, el derecho comunitario e internacional ofrecen a los principales problemas que plantea la responsabilidad extracontractual por da\u00f1os al medio ambiente. la tercera parte, sobre la competencia judicial internacional, analiza los foros contenidos en los convenios de bruselas y lugano que resultan operativos para el ejercicio de las acciones de responsabilidad extracontractual por da\u00f1os por contaminaci\u00f3n por residuos y para las acciones preventivas de cese o prohibici\u00f3n, as\u00ed como tambi\u00e9n en los convenios especiales de ginebra de 1989, lugano de 1993, londres de 1996 y en el protocolo de basilea de 1999, todav\u00eda no en vigor. la cuarta parte se referie a la determinaci\u00f3n del derecho aplicable a trav\u00e9s de la t\u00e9cnica de reglamentaci\u00f3n conflictual. La especializaci\u00f3n, flexibilizaci\u00f3n y materializaci\u00f3n de las normas de conflicto en materia de obligaciones extracontractuales y la incidencia que dicho proceso debe tener en los il\u00edcitos ambientales constituye, junto al \u00e1mbito de aplicaci\u00f3n de la lex cousae, el n\u00facleo de le esta \u00faltima parte, la principal contribuci\u00f3n de la tesis consiste en demostrar la necesidad de incorporar el valor favor laesi en las normas de derecho internacional privado aplicables a la responsabilidad extracontractual por da\u00f1os al medio ambiente a trav\u00e9s de la denominada regla de la ubicuidad.<\/p>\n<p>&nbsp;<\/p>\n<h3>Datos acad\u00e9micos de la tesis doctoral \u00ab<strong>La responsabilidad extracontractual por da\u00f1os derivados de la contaminaci\u00f3n por residuos peligrosos en derecho internacional privado<\/strong>\u00ab<\/h3>\n<ul>\n<li><strong>T\u00edtulo de la tesis:<\/strong>\u00a0 La responsabilidad extracontractual por da\u00f1os derivados de la contaminaci\u00f3n por residuos peligrosos en derecho internacional privado <\/li>\n<li><strong>Autor:<\/strong>\u00a0 M\u00f3nica Vinaixa Miquel <\/li>\n<li><strong>Universidad:<\/strong>\u00a0 Pompeu fabra<\/li>\n<li><strong>Fecha de lectura de la tesis:<\/strong>\u00a0 10\/07\/2001<\/li>\n<\/ul>\n<p>&nbsp;<\/p>\n<h3>Direcci\u00f3n y tribunal<\/h3>\n<ul>\n<li><strong>Director de la tesis<\/strong>\n<ul>\n<li>N\u00faria Bouza Vidal<\/li>\n<\/ul>\n<\/li>\n<li><strong>Tribunal<\/strong>\n<ul>\n<li>Presidente del tribunal: elisa Perez vera <\/li>\n<li>joan Egea  fernandez (vocal)<\/li>\n<li>Carlos aurelio Esplugues mota (vocal)<\/li>\n<li>Santiago Alvarez gonzalez (vocal)<\/li>\n<\/ul>\n<\/li>\n<\/ul>\n<p>&nbsp;<\/p>\n","protected":false},"excerpt":{"rendered":"<p>Tesis doctoral de M\u00f3nica Vinaixa Miquel La tesis versa sobre los problemas de competencia judicial internacional y de derecho aplicable [&hellip;]<\/p>\n","protected":false},"author":1,"featured_media":0,"comment_status":"open","ping_status":"open","sticky":false,"template":"","format":"standard","meta":{"site-sidebar-layout":"default","site-content-layout":"","ast-site-content-layout":"","site-content-style":"default","site-sidebar-style":"default","ast-global-header-display":"","ast-banner-title-visibility":"","ast-main-header-display":"","ast-hfb-above-header-display":"","ast-hfb-below-header-display":"","ast-hfb-mobile-header-display":"","site-post-title":"","ast-breadcrumbs-content":"","ast-featured-img":"","footer-sml-layout":"","theme-transparent-header-meta":"","adv-header-id-meta":"","stick-header-meta":"","header-above-stick-meta":"","header-main-stick-meta":"","header-below-stick-meta":"","astra-migrate-meta-layouts":"default","ast-page-background-enabled":"default","ast-page-background-meta":{"desktop":{"background-color":"var(--ast-global-color-4)","background-image":"","background-repeat":"repeat","background-position":"center center","background-size":"auto","background-attachment":"scroll","background-type":"","background-media":"","overlay-type":"","overlay-color":"","overlay-gradient":""},"tablet":{"background-color":"","background-image":"","background-repeat":"repeat","background-position":"center center","background-size":"auto","background-attachment":"scroll","background-type":"","background-media":"","overlay-type":"","overlay-color":"","overlay-gradient":""},"mobile":{"background-color":"","background-image":"","background-repeat":"repeat","background-position":"center center","background-size":"auto","background-attachment":"scroll","background-type":"","background-media":"","overlay-type":"","overlay-color":"","overlay-gradient":""}},"ast-content-background-meta":{"desktop":{"background-color":"var(--ast-global-color-5)","background-image":"","background-repeat":"repeat","background-position":"center center","background-size":"auto","background-attachment":"scroll","background-type":"","background-media":"","overlay-type":"","overlay-color":"","overlay-gradient":""},"tablet":{"background-color":"var(--ast-global-color-5)","background-image":"","background-repeat":"repeat","background-position":"center center","background-size":"auto","background-attachment":"scroll","background-type":"","background-media":"","overlay-type":"","overlay-color":"","overlay-gradient":""},"mobile":{"background-color":"var(--ast-global-color-5)","background-image":"","background-repeat":"repeat","background-position":"center center","background-size":"auto","background-attachment":"scroll","background-type":"","background-media":"","overlay-type":"","overlay-color":"","overlay-gradient":""}},"footnotes":""},"categories":[1211,18712],"tags":[21445,39817,33608,39816,20439,21442],"class_list":["post-12158","post","type-post","status-publish","format-standard","hentry","category-derecho-internacional","category-pompeu-fabra","tag-carlos-aurelio-esplugues-mota","tag-elisa-perez-vera","tag-joan-egea-fernandez","tag-monica-vinaixa-miquel","tag-nuria-bouza-vidal","tag-santiago-alvarez-gonzalez"],"_links":{"self":[{"href":"https:\/\/www.deberes.net\/tesis\/wp-json\/wp\/v2\/posts\/12158","targetHints":{"allow":["GET"]}}],"collection":[{"href":"https:\/\/www.deberes.net\/tesis\/wp-json\/wp\/v2\/posts"}],"about":[{"href":"https:\/\/www.deberes.net\/tesis\/wp-json\/wp\/v2\/types\/post"}],"author":[{"embeddable":true,"href":"https:\/\/www.deberes.net\/tesis\/wp-json\/wp\/v2\/users\/1"}],"replies":[{"embeddable":true,"href":"https:\/\/www.deberes.net\/tesis\/wp-json\/wp\/v2\/comments?post=12158"}],"version-history":[{"count":0,"href":"https:\/\/www.deberes.net\/tesis\/wp-json\/wp\/v2\/posts\/12158\/revisions"}],"wp:attachment":[{"href":"https:\/\/www.deberes.net\/tesis\/wp-json\/wp\/v2\/media?parent=12158"}],"wp:term":[{"taxonomy":"category","embeddable":true,"href":"https:\/\/www.deberes.net\/tesis\/wp-json\/wp\/v2\/categories?post=12158"},{"taxonomy":"post_tag","embeddable":true,"href":"https:\/\/www.deberes.net\/tesis\/wp-json\/wp\/v2\/tags?post=12158"}],"curies":[{"name":"wp","href":"https:\/\/api.w.org\/{rel}","templated":true}]}}