{"id":121849,"date":"2024-05-26T04:41:14","date_gmt":"2024-05-26T04:41:14","guid":{"rendered":"https:\/\/www.deberes.net\/tesis\/sin-categoria\/modelos-de-transporte-de-calor-en-atd-aplicaciones-al-estudio-de-la-cinetica-de-los-procesos-en-estado-solido\/"},"modified":"2024-05-26T04:41:14","modified_gmt":"2024-05-26T04:41:14","slug":"modelos-de-transporte-de-calor-en-atd-aplicaciones-al-estudio-de-la-cinetica-de-los-procesos-en-estado-solido","status":"publish","type":"post","link":"https:\/\/www.deberes.net\/tesis\/fisica\/modelos-de-transporte-de-calor-en-atd-aplicaciones-al-estudio-de-la-cinetica-de-los-procesos-en-estado-solido\/","title":{"rendered":"Modelos de transporte de calor en atd. aplicaciones al estudio de la cinetica de los procesos en estado solido."},"content":{"rendered":"<h2>Tesis doctoral de <strong> Juan Font Ferrer <\/strong><\/h2>\n<p>En este trabajo se aplican las tecnicas de tratamiento de se\u00f1al a la respuesta dada por nuestro equipo de atd. Se pretende dar un paso significativo en la utilizacion cuantitativa del atd. Se lleva a cabo una identificacion parcial de la funcion de transferencia del sistema a partir de se\u00f1ales generadas por efecto joule  verificando tambien la posibilidad de identificar constantes de tiempo sobre el termograma del propio proceso real. La elaboracion de modelos de constantes localizadas nos permite estudiar la influencia de diversos parametros experimentales sobre la respuesta dada por el dispositivo. Finalmente se analizan las mejoras que aporta la utilizacion de se\u00f1ales deconvolucionadas en la determinacion de los parametros cineticos de un proceso y en la separacion de efectos termicos que aparecen superpuestos en el termograma.<\/p>\n<p>&nbsp;<\/p>\n<h3>Datos acad\u00e9micos de la tesis doctoral \u00ab<strong>Modelos de transporte de calor en atd. aplicaciones al estudio de la cinetica de los procesos en estado solido.<\/strong>\u00ab<\/h3>\n<ul>\n<li><strong>T\u00edtulo de la tesis:<\/strong>\u00a0 Modelos de transporte de calor en atd. aplicaciones al estudio de la cinetica de los procesos en estado solido. <\/li>\n<li><strong>Autor:<\/strong>\u00a0 Juan Font Ferrer <\/li>\n<li><strong>Universidad:<\/strong>\u00a0 Polit\u00e9cnica de catalunya<\/li>\n<li><strong>Fecha de lectura de la tesis:<\/strong>\u00a0 01\/01\/1986<\/li>\n<\/ul>\n<p>&nbsp;<\/p>\n<h3>Direcci\u00f3n y tribunal<\/h3>\n<ul>\n<li><strong>Director de la tesis<\/strong>\n<ul>\n<li>Joaquin Muntasell Pla<\/li>\n<\/ul>\n<\/li>\n<li><strong>Tribunal<\/strong>\n<ul>\n<li>Presidente del tribunal: Vicente P\u00e9rez Villar <\/li>\n<li>Jos\u00e9 Mar\u00eda Salla Tarrag\u00f3 (vocal)<\/li>\n<li>Jos\u00e9 Navarro Sole (vocal)<\/li>\n<li>Miguel Angel Cuevas Diarte (vocal)<\/li>\n<\/ul>\n<\/li>\n<\/ul>\n<p>&nbsp;<\/p>\n","protected":false},"excerpt":{"rendered":"<p>Tesis doctoral de Juan Font Ferrer En este trabajo se aplican las tecnicas de tratamiento de se\u00f1al a la respuesta [&hellip;]<\/p>\n","protected":false},"author":1,"featured_media":0,"comment_status":"open","ping_status":"open","sticky":false,"template":"","format":"standard","meta":{"site-sidebar-layout":"default","site-content-layout":"","ast-site-content-layout":"","site-content-style":"default","site-sidebar-style":"default","ast-global-header-display":"","ast-banner-title-visibility":"","ast-main-header-display":"","ast-hfb-above-header-display":"","ast-hfb-below-header-display":"","ast-hfb-mobile-header-display":"","site-post-title":"","ast-breadcrumbs-content":"","ast-featured-img":"","footer-sml-layout":"","theme-transparent-header-meta":"","adv-header-id-meta":"","stick-header-meta":"","header-above-stick-meta":"","header-main-stick-meta":"","header-below-stick-meta":"","astra-migrate-meta-layouts":"default","ast-page-background-enabled":"default","ast-page-background-meta":{"desktop":{"background-color":"var(--ast-global-color-4)","background-image":"","background-repeat":"repeat","background-position":"center center","background-size":"auto","background-attachment":"scroll","background-type":"","background-media":"","overlay-type":"","overlay-color":"","overlay-gradient":""},"tablet":{"background-color":"","background-image":"","background-repeat":"repeat","background-position":"center center","background-size":"auto","background-attachment":"scroll","background-type":"","background-media":"","overlay-type":"","overlay-color":"","overlay-gradient":""},"mobile":{"background-color":"","background-image":"","background-repeat":"repeat","background-position":"center center","background-size":"auto","background-attachment":"scroll","background-type":"","background-media":"","overlay-type":"","overlay-color":"","overlay-gradient":""}},"ast-content-background-meta":{"desktop":{"background-color":"var(--ast-global-color-5)","background-image":"","background-repeat":"repeat","background-position":"center center","background-size":"auto","background-attachment":"scroll","background-type":"","background-media":"","overlay-type":"","overlay-color":"","overlay-gradient":""},"tablet":{"background-color":"var(--ast-global-color-5)","background-image":"","background-repeat":"repeat","background-position":"center center","background-size":"auto","background-attachment":"scroll","background-type":"","background-media":"","overlay-type":"","overlay-color":"","overlay-gradient":""},"mobile":{"background-color":"var(--ast-global-color-5)","background-image":"","background-repeat":"repeat","background-position":"center center","background-size":"auto","background-attachment":"scroll","background-type":"","background-media":"","overlay-type":"","overlay-color":"","overlay-gradient":""}},"footnotes":""},"categories":[2745,199,48081,15596,560,2793],"tags":[173058,15908,19194,235787,37831,655],"class_list":["post-121849","post","type-post","status-publish","format-standard","hentry","category-cinetica-quimica","category-fisica","category-fisica-de-la-transmision-del-calor","category-politecnica-de-catalunya","category-quimica-fisica","category-termodinamica","tag-joaquin-muntasell-pla","tag-jose-maria-salla-tarrago","tag-jose-navarro-sole","tag-juan-font-ferrer","tag-miguel-angel-cuevas-diarte","tag-vicente-perez-villar"],"_links":{"self":[{"href":"https:\/\/www.deberes.net\/tesis\/wp-json\/wp\/v2\/posts\/121849","targetHints":{"allow":["GET"]}}],"collection":[{"href":"https:\/\/www.deberes.net\/tesis\/wp-json\/wp\/v2\/posts"}],"about":[{"href":"https:\/\/www.deberes.net\/tesis\/wp-json\/wp\/v2\/types\/post"}],"author":[{"embeddable":true,"href":"https:\/\/www.deberes.net\/tesis\/wp-json\/wp\/v2\/users\/1"}],"replies":[{"embeddable":true,"href":"https:\/\/www.deberes.net\/tesis\/wp-json\/wp\/v2\/comments?post=121849"}],"version-history":[{"count":0,"href":"https:\/\/www.deberes.net\/tesis\/wp-json\/wp\/v2\/posts\/121849\/revisions"}],"wp:attachment":[{"href":"https:\/\/www.deberes.net\/tesis\/wp-json\/wp\/v2\/media?parent=121849"}],"wp:term":[{"taxonomy":"category","embeddable":true,"href":"https:\/\/www.deberes.net\/tesis\/wp-json\/wp\/v2\/categories?post=121849"},{"taxonomy":"post_tag","embeddable":true,"href":"https:\/\/www.deberes.net\/tesis\/wp-json\/wp\/v2\/tags?post=121849"}],"curies":[{"name":"wp","href":"https:\/\/api.w.org\/{rel}","templated":true}]}}