{"id":122367,"date":"2024-08-19T22:32:32","date_gmt":"2024-08-19T22:32:32","guid":{"rendered":"https:\/\/www.deberes.net\/tesis\/sin-categoria\/analisis-y-valoracion-de-los-incentivos-a-la-expansion-y-reestructuracion-de-la-industria-espanola-el-regimen-de-accion-concertada\/"},"modified":"2024-08-19T22:32:32","modified_gmt":"2024-08-19T22:32:32","slug":"analisis-y-valoracion-de-los-incentivos-a-la-expansion-y-reestructuracion-de-la-industria-espanola-el-regimen-de-accion-concertada","status":"publish","type":"post","link":"https:\/\/www.deberes.net\/tesis\/ciencias-economicas\/analisis-y-valoracion-de-los-incentivos-a-la-expansion-y-reestructuracion-de-la-industria-espanola-el-regimen-de-accion-concertada\/","title":{"rendered":"Analisis y valoracion de los incentivos a la expansion y reestructuracion de la industria espa\u00f1ola: el regimen de accion concertada."},"content":{"rendered":"<h2>Tesis doctoral de <strong> Esteban Sanrom\u00e1 Mel\u00e9ndez <\/strong><\/h2>\n<p>&nbsp;<\/p>\n<h3>Datos acad\u00e9micos de la tesis doctoral \u00ab<strong>Analisis y valoracion de los incentivos a la expansion y reestructuracion de la industria espa\u00f1ola: el regimen de accion concertada.<\/strong>\u00ab<\/h3>\n<ul>\n<li><strong>T\u00edtulo de la tesis:<\/strong>\u00a0 Analisis y valoracion de los incentivos a la expansion y reestructuracion de la industria espa\u00f1ola: el regimen de accion concertada. <\/li>\n<li><strong>Autor:<\/strong>\u00a0 Esteban Sanrom\u00e1 Mel\u00e9ndez <\/li>\n<li><strong>Universidad:<\/strong>\u00a0 Barcelona<\/li>\n<li><strong>Fecha de lectura de la tesis:<\/strong>\u00a0 01\/01\/1987<\/li>\n<\/ul>\n<p>&nbsp;<\/p>\n<h3>Direcci\u00f3n y tribunal<\/h3>\n<ul>\n<li><strong>Director de la tesis<\/strong>\n<ul>\n<li> <\/li>\n<\/ul>\n<\/li>\n<li><strong>Tribunal<\/strong>\n<ul>\n<li>Presidente del tribunal: Ernesto Lluch Martin <\/li>\n<li>Antonio Torrero Ma\u00f1as (vocal)<\/li>\n<li>Amadeo Petitb\u00f3 Juan (vocal)<\/li>\n<li>Mart\u00ed Parellada Sabata (vocal)<\/li>\n<\/ul>\n<\/li>\n<\/ul>\n<p>&nbsp;<\/p>\n","protected":false},"excerpt":{"rendered":"<p>Tesis doctoral de Esteban Sanrom\u00e1 Mel\u00e9ndez &nbsp; Datos acad\u00e9micos de la tesis doctoral \u00abAnalisis y valoracion de los incentivos a [&hellip;]<\/p>\n","protected":false},"author":1,"featured_media":0,"comment_status":"open","ping_status":"open","sticky":false,"template":"","format":"standard","meta":{"site-sidebar-layout":"default","site-content-layout":"","ast-site-content-layout":"","site-content-style":"default","site-sidebar-style":"default","ast-global-header-display":"","ast-banner-title-visibility":"","ast-main-header-display":"","ast-hfb-above-header-display":"","ast-hfb-below-header-display":"","ast-hfb-mobile-header-display":"","site-post-title":"","ast-breadcrumbs-content":"","ast-featured-img":"","footer-sml-layout":"","theme-transparent-header-meta":"","adv-header-id-meta":"","stick-header-meta":"","header-above-stick-meta":"","header-main-stick-meta":"","header-below-stick-meta":"","astra-migrate-meta-layouts":"default","ast-page-background-enabled":"default","ast-page-background-meta":{"desktop":{"background-color":"var(--ast-global-color-4)","background-image":"","background-repeat":"repeat","background-position":"center center","background-size":"auto","background-attachment":"scroll","background-type":"","background-media":"","overlay-type":"","overlay-color":"","overlay-gradient":""},"tablet":{"background-color":"","background-image":"","background-repeat":"repeat","background-position":"center center","background-size":"auto","background-attachment":"scroll","background-type":"","background-media":"","overlay-type":"","overlay-color":"","overlay-gradient":""},"mobile":{"background-color":"","background-image":"","background-repeat":"repeat","background-position":"center center","background-size":"auto","background-attachment":"scroll","background-type":"","background-media":"","overlay-type":"","overlay-color":"","overlay-gradient":""}},"ast-content-background-meta":{"desktop":{"background-color":"var(--ast-global-color-5)","background-image":"","background-repeat":"repeat","background-position":"center center","background-size":"auto","background-attachment":"scroll","background-type":"","background-media":"","overlay-type":"","overlay-color":"","overlay-gradient":""},"tablet":{"background-color":"var(--ast-global-color-5)","background-image":"","background-repeat":"repeat","background-position":"center center","background-size":"auto","background-attachment":"scroll","background-type":"","background-media":"","overlay-type":"","overlay-color":"","overlay-gradient":""},"mobile":{"background-color":"var(--ast-global-color-5)","background-image":"","background-repeat":"repeat","background-position":"center center","background-size":"auto","background-attachment":"scroll","background-type":"","background-media":"","overlay-type":"","overlay-color":"","overlay-gradient":""}},"footnotes":""},"categories":[951,82,2825,9215],"tags":[9862,25161,29102,141272,13428],"class_list":["post-122367","post","type-post","status-publish","format-standard","hentry","category-barcelona","category-ciencias-economicas","category-organizacion-industrial-y-sector-publico","category-regulacion-gubernamental-del-sector-privado","tag-amadeo-petitbo-juan","tag-antonio-torrero-manas","tag-ernesto-lluch-martin","tag-esteban-sanroma-melendez","tag-marti-parellada-sabata"],"_links":{"self":[{"href":"https:\/\/www.deberes.net\/tesis\/wp-json\/wp\/v2\/posts\/122367","targetHints":{"allow":["GET"]}}],"collection":[{"href":"https:\/\/www.deberes.net\/tesis\/wp-json\/wp\/v2\/posts"}],"about":[{"href":"https:\/\/www.deberes.net\/tesis\/wp-json\/wp\/v2\/types\/post"}],"author":[{"embeddable":true,"href":"https:\/\/www.deberes.net\/tesis\/wp-json\/wp\/v2\/users\/1"}],"replies":[{"embeddable":true,"href":"https:\/\/www.deberes.net\/tesis\/wp-json\/wp\/v2\/comments?post=122367"}],"version-history":[{"count":0,"href":"https:\/\/www.deberes.net\/tesis\/wp-json\/wp\/v2\/posts\/122367\/revisions"}],"wp:attachment":[{"href":"https:\/\/www.deberes.net\/tesis\/wp-json\/wp\/v2\/media?parent=122367"}],"wp:term":[{"taxonomy":"category","embeddable":true,"href":"https:\/\/www.deberes.net\/tesis\/wp-json\/wp\/v2\/categories?post=122367"},{"taxonomy":"post_tag","embeddable":true,"href":"https:\/\/www.deberes.net\/tesis\/wp-json\/wp\/v2\/tags?post=122367"}],"curies":[{"name":"wp","href":"https:\/\/api.w.org\/{rel}","templated":true}]}}