{"id":122549,"date":"2024-09-19T11:17:35","date_gmt":"2024-09-19T11:17:35","guid":{"rendered":"https:\/\/www.deberes.net\/tesis\/sin-categoria\/o-agrarismo-catolico-en-galicia-1903-1943\/"},"modified":"2024-09-19T11:17:35","modified_gmt":"2024-09-19T11:17:35","slug":"o-agrarismo-catolico-en-galicia-1903-1943","status":"publish","type":"post","link":"https:\/\/www.deberes.net\/tesis\/historia\/o-agrarismo-catolico-en-galicia-1903-1943\/","title":{"rendered":"O agrarismo catolico en galicia, 1903-1943."},"content":{"rendered":"<h2>Tesis doctoral de <strong> Alberto Martinez Lopez <\/strong><\/h2>\n<p>La investigacion esta organizada en tres partes diferenciadas: introduccion  capitulos constitutivos del nucleo de la tesis las conclusiones. En la introduccion siguiendo a scholl cuenca toribio  castillo&#8230;  Se presenta el desarrollo del sindicalismo catolico en europa  espa\u00f1a entre 1903 y 1943. Desde el capitulo iii al vi  parte nuclear de la investigacion  se estudian las caracteristicas y desenvolvimiento del sindicalismo catolico agrario en galicia. En primer lugar la organizacion interna de las asociaciones sindicales presentada como sintesis de la normativa de los distintos sindicatos  y complementados con el tratamiento de la publicistica periodica catolica como medio de propaganda.  a continuacion  en el capitulo iv  se estudia la implantacion geografico-social por provincias  y a su evolucion y articulacion a organizaciones federadas y confederadas  complementado con una muestra de las categorias socio-profesionales de los sindicados con cargos directivos. En el capitulo v  el cooperativismo es punto de partida para el estudio de las realizaciones sindicales y cooperativas de compra  seguros&#8230;). En el capitulo vi se hace un acercamiento a las expectativas y actitudes de los sindicatos catolicos ante distintas circunstancias politicas. En las conclusiones  el doctorado conserva el caracter contrarrevolucionario del sindicalismo catolico agrario gallego.<\/p>\n<p>&nbsp;<\/p>\n<h3>Datos acad\u00e9micos de la tesis doctoral \u00ab<strong>O agrarismo catolico en galicia, 1903-1943.<\/strong>\u00ab<\/h3>\n<ul>\n<li><strong>T\u00edtulo de la tesis:<\/strong>\u00a0 O agrarismo catolico en galicia, 1903-1943. <\/li>\n<li><strong>Autor:<\/strong>\u00a0 Alberto Martinez Lopez <\/li>\n<li><strong>Universidad:<\/strong>\u00a0 Santiago de compostela<\/li>\n<li><strong>Fecha de lectura de la tesis:<\/strong>\u00a0 01\/01\/1987<\/li>\n<\/ul>\n<p>&nbsp;<\/p>\n<h3>Direcci\u00f3n y tribunal<\/h3>\n<ul>\n<li><strong>Director de la tesis<\/strong>\n<ul>\n<li>Ramon Villares Paz<\/li>\n<\/ul>\n<\/li>\n<li><strong>Tribunal<\/strong>\n<ul>\n<li>Presidente del tribunal: Jes\u00fas M\u00aa Palomares Iba\u00f1ez <\/li>\n<li>Jos\u00e9 Ram\u00f3n Barreiro Fern\u00e1ndez (vocal)<\/li>\n<li>Carlos Forcadell Alvarez (vocal)<\/li>\n<li>Xan Carmona Badia (vocal)<\/li>\n<\/ul>\n<\/li>\n<\/ul>\n<p>&nbsp;<\/p>\n","protected":false},"excerpt":{"rendered":"<p>Tesis doctoral de Alberto Martinez Lopez La investigacion esta organizada en tres partes diferenciadas: introduccion capitulos constitutivos del nucleo de [&hellip;]<\/p>\n","protected":false},"author":1,"featured_media":0,"comment_status":"open","ping_status":"open","sticky":false,"template":"","format":"standard","meta":{"site-sidebar-layout":"default","site-content-layout":"","ast-site-content-layout":"","site-content-style":"default","site-sidebar-style":"default","ast-global-header-display":"","ast-banner-title-visibility":"","ast-main-header-display":"","ast-hfb-above-header-display":"","ast-hfb-below-header-display":"","ast-hfb-mobile-header-display":"","site-post-title":"","ast-breadcrumbs-content":"","ast-featured-img":"","footer-sml-layout":"","theme-transparent-header-meta":"","adv-header-id-meta":"","stick-header-meta":"","header-above-stick-meta":"","header-main-stick-meta":"","header-below-stick-meta":"","astra-migrate-meta-layouts":"default","ast-page-background-enabled":"default","ast-page-background-meta":{"desktop":{"background-color":"var(--ast-global-color-4)","background-image":"","background-repeat":"repeat","background-position":"center center","background-size":"auto","background-attachment":"scroll","background-type":"","background-media":"","overlay-type":"","overlay-color":"","overlay-gradient":""},"tablet":{"background-color":"","background-image":"","background-repeat":"repeat","background-position":"center center","background-size":"auto","background-attachment":"scroll","background-type":"","background-media":"","overlay-type":"","overlay-color":"","overlay-gradient":""},"mobile":{"background-color":"","background-image":"","background-repeat":"repeat","background-position":"center center","background-size":"auto","background-attachment":"scroll","background-type":"","background-media":"","overlay-type":"","overlay-color":"","overlay-gradient":""}},"ast-content-background-meta":{"desktop":{"background-color":"var(--ast-global-color-5)","background-image":"","background-repeat":"repeat","background-position":"center center","background-size":"auto","background-attachment":"scroll","background-type":"","background-media":"","overlay-type":"","overlay-color":"","overlay-gradient":""},"tablet":{"background-color":"var(--ast-global-color-5)","background-image":"","background-repeat":"repeat","background-position":"center center","background-size":"auto","background-attachment":"scroll","background-type":"","background-media":"","overlay-type":"","overlay-color":"","overlay-gradient":""},"mobile":{"background-color":"var(--ast-global-color-5)","background-image":"","background-repeat":"repeat","background-position":"center center","background-size":"auto","background-attachment":"scroll","background-type":"","background-media":"","overlay-type":"","overlay-color":"","overlay-gradient":""}},"footnotes":""},"categories":[104,353,220,977],"tags":[236387,7515,12716,7088,2911,164906],"class_list":["post-122549","post","type-post","status-publish","format-standard","hentry","category-historia","category-historia-contemporanea-del-area-europea","category-historia-por-epocas","category-santiago-de-compostela","tag-alberto-Martinez-lopez","tag-carlos-forcadell-alvarez","tag-jesus-ma-palomares-ibanez","tag-jose-ramon-barreiro-fernandez","tag-ramon-villares-paz","tag-xan-carmona-badia"],"_links":{"self":[{"href":"https:\/\/www.deberes.net\/tesis\/wp-json\/wp\/v2\/posts\/122549","targetHints":{"allow":["GET"]}}],"collection":[{"href":"https:\/\/www.deberes.net\/tesis\/wp-json\/wp\/v2\/posts"}],"about":[{"href":"https:\/\/www.deberes.net\/tesis\/wp-json\/wp\/v2\/types\/post"}],"author":[{"embeddable":true,"href":"https:\/\/www.deberes.net\/tesis\/wp-json\/wp\/v2\/users\/1"}],"replies":[{"embeddable":true,"href":"https:\/\/www.deberes.net\/tesis\/wp-json\/wp\/v2\/comments?post=122549"}],"version-history":[{"count":0,"href":"https:\/\/www.deberes.net\/tesis\/wp-json\/wp\/v2\/posts\/122549\/revisions"}],"wp:attachment":[{"href":"https:\/\/www.deberes.net\/tesis\/wp-json\/wp\/v2\/media?parent=122549"}],"wp:term":[{"taxonomy":"category","embeddable":true,"href":"https:\/\/www.deberes.net\/tesis\/wp-json\/wp\/v2\/categories?post=122549"},{"taxonomy":"post_tag","embeddable":true,"href":"https:\/\/www.deberes.net\/tesis\/wp-json\/wp\/v2\/tags?post=122549"}],"curies":[{"name":"wp","href":"https:\/\/api.w.org\/{rel}","templated":true}]}}