{"id":12259,"date":"2018-03-09T08:58:01","date_gmt":"2018-03-09T08:58:01","guid":{"rendered":"https:\/\/www.deberes.net\/tesis\/sin-categoria\/aspectos-moleculares-y-celulares-del-movimiento-y-distribucion-final-del-virus-del-moteado-del-clavel-carmv-en-plantas-de-clavel-y-de-chenopodium-quinoa\/"},"modified":"2018-03-09T08:58:01","modified_gmt":"2018-03-09T08:58:01","slug":"aspectos-moleculares-y-celulares-del-movimiento-y-distribucion-final-del-virus-del-moteado-del-clavel-carmv-en-plantas-de-clavel-y-de-chenopodium-quinoa","status":"publish","type":"post","link":"https:\/\/www.deberes.net\/tesis\/ciencias-agrarias\/aspectos-moleculares-y-celulares-del-movimiento-y-distribucion-final-del-virus-del-moteado-del-clavel-carmv-en-plantas-de-clavel-y-de-chenopodium-quinoa\/","title":{"rendered":"Aspectos moleculares y celulares del movimiento y distribucion final del virus del moteado del clavel carmv en plantas de clavel y de chenopodium quinoa"},"content":{"rendered":"<h2>Tesis doctoral de <strong> Silvia Garcia Castillo <\/strong><\/h2>\n<p>El virus del moteado del clavel pertenece al genero carmovirus dentro de la familia tombusviridae de virus de plantas, es el virus m\u00e1s importante desde el punto de vista economico que afecta al cultivo de clavel no por la sintomatolog\u00eda que produce sino porque tiene un efecto sinergioco en combinaci\u00f3n con otros virus que afectan tambien al cultivo de clavel. En esta memoria se ha llevado a cabo el estudio del movimiento a larga distancia del virus del moteado del clavel (carmv) en su huesped natural clavel y en un huesped experimental chenopodium quinoa,y la influencia de determinados factores ambientales en la distribuci\u00f3n final del virus. Tambien se ha realizado un estudio de la cinetica de acumulacion de las cadenas positivas y negativas de los rnas genomico y subgen\u00f3micos del carmv y de sus productos de traducci\u00f3n cp y mp (p7), asi como,la distribucion espacio-temporal de las cadenas positivas y negativas de los rnas y la localizacion subcelular de la cp y mp (p7).  los estudios de la cin\u00e9tica de acumulaci\u00f3n de las cadenas positivas y negativas de los rnas del carmv se realizaron mediante analisis tipo norther de extractos de rna total de hoja inoculada de chenopodium quinoa utilizando sondas marcadas con digoxigenina. Estos experimentos mostraron que las cadenas positivas se acumularon del orden de 100 veces mas que las negativas y en ambos casos los rnas subgenomicos aparecieron antes y sus niveles de acumulaci\u00f3n fueron mayores que los del gen\u00f3mico en estadios tempranos en la infeccion (2-5 dias postinoculacioni). La detecci\u00f3n de cadenas negativas completas de los rnas subgen\u00f3micos es compatible con un mecanismo de sintesis de terminaci\u00f3n prematura a partir de un rna genomico molde de longitud completa. La distribuci\u00f3n espacio-temporal de las cadenas positivas y negativas del rna viral se estudio mediante hibridaci\u00f3n in situ al microscopio optico tras incluir en parafina tejido de hoja inoculada de chenopodum quinoa, p<\/p>\n<p>&nbsp;<\/p>\n<h3>Datos acad\u00e9micos de la tesis doctoral \u00ab<strong>Aspectos moleculares y celulares del movimiento y distribucion final del virus del moteado del clavel carmv en plantas de clavel y de chenopodium quinoa<\/strong>\u00ab<\/h3>\n<ul>\n<li><strong>T\u00edtulo de la tesis:<\/strong>\u00a0 Aspectos moleculares y celulares del movimiento y distribucion final del virus del moteado del clavel carmv en plantas de clavel y de chenopodium quinoa <\/li>\n<li><strong>Autor:<\/strong>\u00a0 Silvia Garcia Castillo <\/li>\n<li><strong>Universidad:<\/strong>\u00a0 Murcia<\/li>\n<li><strong>Fecha de lectura de la tesis:<\/strong>\u00a0 13\/07\/2001<\/li>\n<\/ul>\n<p>&nbsp;<\/p>\n<h3>Direcci\u00f3n y tribunal<\/h3>\n<ul>\n<li><strong>Director de la tesis<\/strong>\n<ul>\n<li> Sanchez Pina M. Amelia<\/li>\n<\/ul>\n<\/li>\n<li><strong>Tribunal<\/strong>\n<ul>\n<li>Presidente del tribunal: pedro Casero linares <\/li>\n<li> Aranda regules Miguel angel (vocal)<\/li>\n<li>adela Olmedilla arnal (vocal)<\/li>\n<li>carmen Hernandez fort (vocal)<\/li>\n<\/ul>\n<\/li>\n<\/ul>\n<p>&nbsp;<\/p>\n","protected":false},"excerpt":{"rendered":"<p>Tesis doctoral de Silvia Garcia Castillo El virus del moteado del clavel pertenece al genero carmovirus dentro de la familia [&hellip;]<\/p>\n","protected":false},"author":1,"featured_media":0,"comment_status":"open","ping_status":"open","sticky":false,"template":"","format":"standard","meta":{"site-sidebar-layout":"default","site-content-layout":"","ast-site-content-layout":"","site-content-style":"default","site-sidebar-style":"default","ast-global-header-display":"","ast-banner-title-visibility":"","ast-main-header-display":"","ast-hfb-above-header-display":"","ast-hfb-below-header-display":"","ast-hfb-mobile-header-display":"","site-post-title":"","ast-breadcrumbs-content":"","ast-featured-img":"","footer-sml-layout":"","theme-transparent-header-meta":"","adv-header-id-meta":"","stick-header-meta":"","header-above-stick-meta":"","header-main-stick-meta":"","header-below-stick-meta":"","astra-migrate-meta-layouts":"default","ast-page-background-enabled":"default","ast-page-background-meta":{"desktop":{"background-color":"var(--ast-global-color-4)","background-image":"","background-repeat":"repeat","background-position":"center center","background-size":"auto","background-attachment":"scroll","background-type":"","background-media":"","overlay-type":"","overlay-color":"","overlay-gradient":""},"tablet":{"background-color":"","background-image":"","background-repeat":"repeat","background-position":"center center","background-size":"auto","background-attachment":"scroll","background-type":"","background-media":"","overlay-type":"","overlay-color":"","overlay-gradient":""},"mobile":{"background-color":"","background-image":"","background-repeat":"repeat","background-position":"center center","background-size":"auto","background-attachment":"scroll","background-type":"","background-media":"","overlay-type":"","overlay-color":"","overlay-gradient":""}},"ast-content-background-meta":{"desktop":{"background-color":"var(--ast-global-color-5)","background-image":"","background-repeat":"repeat","background-position":"center center","background-size":"auto","background-attachment":"scroll","background-type":"","background-media":"","overlay-type":"","overlay-color":"","overlay-gradient":""},"tablet":{"background-color":"var(--ast-global-color-5)","background-image":"","background-repeat":"repeat","background-position":"center center","background-size":"auto","background-attachment":"scroll","background-type":"","background-media":"","overlay-type":"","overlay-color":"","overlay-gradient":""},"mobile":{"background-color":"var(--ast-global-color-5)","background-image":"","background-repeat":"repeat","background-position":"center center","background-size":"auto","background-attachment":"scroll","background-type":"","background-media":"","overlay-type":"","overlay-color":"","overlay-gradient":""}},"footnotes":""},"categories":[494,5220,31021,2031,8235,5219],"tags":[40120,40119,40121,40118,40117,40116],"class_list":["post-12259","post","type-post","status-publish","format-standard","hentry","category-ciencias-agrarias","category-fitopatologia-agricola","category-floricultura","category-horticultura","category-murcia","category-virus-de-las-plantas","tag-adela-olmedilla-arnal","tag-aranda-regules-miguel-angel","tag-carmen-hernandez-fort","tag-pedro-casero-linares","tag-sanchez-pina-m-amelia","tag-silvia-garcia-castillo"],"_links":{"self":[{"href":"https:\/\/www.deberes.net\/tesis\/wp-json\/wp\/v2\/posts\/12259","targetHints":{"allow":["GET"]}}],"collection":[{"href":"https:\/\/www.deberes.net\/tesis\/wp-json\/wp\/v2\/posts"}],"about":[{"href":"https:\/\/www.deberes.net\/tesis\/wp-json\/wp\/v2\/types\/post"}],"author":[{"embeddable":true,"href":"https:\/\/www.deberes.net\/tesis\/wp-json\/wp\/v2\/users\/1"}],"replies":[{"embeddable":true,"href":"https:\/\/www.deberes.net\/tesis\/wp-json\/wp\/v2\/comments?post=12259"}],"version-history":[{"count":0,"href":"https:\/\/www.deberes.net\/tesis\/wp-json\/wp\/v2\/posts\/12259\/revisions"}],"wp:attachment":[{"href":"https:\/\/www.deberes.net\/tesis\/wp-json\/wp\/v2\/media?parent=12259"}],"wp:term":[{"taxonomy":"category","embeddable":true,"href":"https:\/\/www.deberes.net\/tesis\/wp-json\/wp\/v2\/categories?post=12259"},{"taxonomy":"post_tag","embeddable":true,"href":"https:\/\/www.deberes.net\/tesis\/wp-json\/wp\/v2\/tags?post=12259"}],"curies":[{"name":"wp","href":"https:\/\/api.w.org\/{rel}","templated":true}]}}