{"id":1226,"date":"1994-01-01T00:00:00","date_gmt":"1994-01-01T00:00:00","guid":{"rendered":"https:\/\/www.deberes.net\/tesis\/1994\/01\/01\/alcoholismo-y-sociedad-un-analisis-de-la-ideologia-antialcoholica-en-espana-1850-1923\/"},"modified":"1994-01-01T00:00:00","modified_gmt":"1994-01-01T00:00:00","slug":"alcoholismo-y-sociedad-un-analisis-de-la-ideologia-antialcoholica-en-espana-1850-1923","status":"publish","type":"post","link":"https:\/\/www.deberes.net\/tesis\/historia\/alcoholismo-y-sociedad-un-analisis-de-la-ideologia-antialcoholica-en-espana-1850-1923\/","title":{"rendered":"Alcoholismo y sociedad: un analisis de la ideolog\u00eda antialcoholica en espa\u00f1a (1850-1923)."},"content":{"rendered":"<h2>Tesis doctoral de <strong> Ricardo Campos Mar\u00edn <\/strong><\/h2>\n<p>El objeto de la memoria es el estudio de la construccion del alcoholismo como enfermedad y como fenomeno social en espa\u00f1a entre los a\u00f1os 1850 y 1923. Durante este periodo, y directamente vinvulado a las transformaciones socioeconomicas que acompa\u00f1aron al proceso de construccion del estado liberal, el alcoholismo comenzo a preocupar a diversos sectores de la sociedad espa\u00f1ola.  medicos, filantropos, criminologos y lideres obreros percibieron que el consumo de bebidas alcoholicas entra\u00f1aba una serie de peligros para la salud individual y el orden social, que precisaban medidas dirigidas a contener los estragos que producia.  la hipotesis de que se parte es que la construccion socio-medica del alcoholismo se realizo en espa\u00f1a mas a partir de la potencialidad del peligro que entra\u00f1aba como factor de desroden social que como una enfermedad. Su asociacion a la clase obrera supuso que el alcoholismo se convirtiera en un magnifico indicador de todas las cualidades negativas que se atribuian a dicha clase, y en una excusa para encuadrarla en el nuevo sistema politico-social.<\/p>\n<p>&nbsp;<\/p>\n<h3>Datos acad\u00e9micos de la tesis doctoral \u00ab<strong>Alcoholismo y sociedad: un analisis de la ideolog\u00eda antialcoholica en espa\u00f1a (1850-1923).<\/strong>\u00ab<\/h3>\n<ul>\n<li><strong>T\u00edtulo de la tesis:<\/strong>\u00a0 Alcoholismo y sociedad: un analisis de la ideolog\u00eda antialcoholica en espa\u00f1a (1850-1923). <\/li>\n<li><strong>Autor:<\/strong>\u00a0 Ricardo Campos Mar\u00edn <\/li>\n<li><strong>Universidad:<\/strong>\u00a0 Complutense de Madrid<\/li>\n<li><strong>Fecha de lectura de la tesis:<\/strong>\u00a0 01\/01\/1994<\/li>\n<\/ul>\n<p>&nbsp;<\/p>\n<h3>Direcci\u00f3n y tribunal<\/h3>\n<ul>\n<li><strong>Director de la tesis<\/strong>\n<ul>\n<li>Rafael Huertas Garcia Alejo<\/li>\n<\/ul>\n<\/li>\n<li><strong>Tribunal<\/strong>\n<ul>\n<li>Presidente del tribunal: Antonio Fernandez Garcia <\/li>\n<li>Santiago Castillo (vocal)<\/li>\n<li>Jos\u00e9 Luis Peset Reig (vocal)<\/li>\n<li>Esteban Rodriguez Oca\u00f1a (vocal)<\/li>\n<\/ul>\n<\/li>\n<\/ul>\n<p>&nbsp;<\/p>\n","protected":false},"excerpt":{"rendered":"<p>Tesis doctoral de Ricardo Campos Mar\u00edn El objeto de la memoria es el estudio de la construccion del alcoholismo como [&hellip;]<\/p>\n","protected":false},"author":1,"featured_media":0,"comment_status":"open","ping_status":"open","sticky":false,"template":"","format":"standard","meta":{"site-sidebar-layout":"default","site-content-layout":"","ast-site-content-layout":"","site-content-style":"default","site-sidebar-style":"default","ast-global-header-display":"","ast-banner-title-visibility":"","ast-main-header-display":"","ast-hfb-above-header-display":"","ast-hfb-below-header-display":"","ast-hfb-mobile-header-display":"","site-post-title":"","ast-breadcrumbs-content":"","ast-featured-img":"","footer-sml-layout":"","theme-transparent-header-meta":"","adv-header-id-meta":"","stick-header-meta":"","header-above-stick-meta":"","header-main-stick-meta":"","header-below-stick-meta":"","astra-migrate-meta-layouts":"default","ast-page-background-enabled":"default","ast-page-background-meta":{"desktop":{"background-color":"var(--ast-global-color-4)","background-image":"","background-repeat":"repeat","background-position":"center center","background-size":"auto","background-attachment":"scroll","background-type":"","background-media":"","overlay-type":"","overlay-color":"","overlay-gradient":""},"tablet":{"background-color":"","background-image":"","background-repeat":"repeat","background-position":"center center","background-size":"auto","background-attachment":"scroll","background-type":"","background-media":"","overlay-type":"","overlay-color":"","overlay-gradient":""},"mobile":{"background-color":"","background-image":"","background-repeat":"repeat","background-position":"center center","background-size":"auto","background-attachment":"scroll","background-type":"","background-media":"","overlay-type":"","overlay-color":"","overlay-gradient":""}},"ast-content-background-meta":{"desktop":{"background-color":"var(--ast-global-color-5)","background-image":"","background-repeat":"repeat","background-position":"center center","background-size":"auto","background-attachment":"scroll","background-type":"","background-media":"","overlay-type":"","overlay-color":"","overlay-gradient":""},"tablet":{"background-color":"var(--ast-global-color-5)","background-image":"","background-repeat":"repeat","background-position":"center center","background-size":"auto","background-attachment":"scroll","background-type":"","background-media":"","overlay-type":"","overlay-color":"","overlay-gradient":""},"mobile":{"background-color":"var(--ast-global-color-5)","background-image":"","background-repeat":"repeat","background-position":"center center","background-size":"auto","background-attachment":"scroll","background-type":"","background-media":"","overlay-type":"","overlay-color":"","overlay-gradient":""}},"footnotes":""},"categories":[104,353,220],"tags":[5185,5188,5187,5184,5183,5186],"class_list":["post-1226","post","type-post","status-publish","format-standard","hentry","category-historia","category-historia-contemporanea-del-area-europea","category-historia-por-epocas","tag-antonio-fernandez-garcia","tag-esteban-rodriguez-ocana","tag-jose-luis-peset-reig","tag-rafael-huertas-garcia-alejo","tag-ricardo-campos-marin","tag-santiago-castillo"],"_links":{"self":[{"href":"https:\/\/www.deberes.net\/tesis\/wp-json\/wp\/v2\/posts\/1226","targetHints":{"allow":["GET"]}}],"collection":[{"href":"https:\/\/www.deberes.net\/tesis\/wp-json\/wp\/v2\/posts"}],"about":[{"href":"https:\/\/www.deberes.net\/tesis\/wp-json\/wp\/v2\/types\/post"}],"author":[{"embeddable":true,"href":"https:\/\/www.deberes.net\/tesis\/wp-json\/wp\/v2\/users\/1"}],"replies":[{"embeddable":true,"href":"https:\/\/www.deberes.net\/tesis\/wp-json\/wp\/v2\/comments?post=1226"}],"version-history":[{"count":0,"href":"https:\/\/www.deberes.net\/tesis\/wp-json\/wp\/v2\/posts\/1226\/revisions"}],"wp:attachment":[{"href":"https:\/\/www.deberes.net\/tesis\/wp-json\/wp\/v2\/media?parent=1226"}],"wp:term":[{"taxonomy":"category","embeddable":true,"href":"https:\/\/www.deberes.net\/tesis\/wp-json\/wp\/v2\/categories?post=1226"},{"taxonomy":"post_tag","embeddable":true,"href":"https:\/\/www.deberes.net\/tesis\/wp-json\/wp\/v2\/tags?post=1226"}],"curies":[{"name":"wp","href":"https:\/\/api.w.org\/{rel}","templated":true}]}}