{"id":12283,"date":"2018-03-09T08:58:03","date_gmt":"2018-03-09T08:58:03","guid":{"rendered":"https:\/\/www.deberes.net\/tesis\/sin-categoria\/analisis-frecuencial-y-temporal-de-procesos-de-relajacion-dielectrica-a-frecuencias-de-microondas\/"},"modified":"2018-03-09T08:58:03","modified_gmt":"2018-03-09T08:58:03","slug":"analisis-frecuencial-y-temporal-de-procesos-de-relajacion-dielectrica-a-frecuencias-de-microondas","status":"publish","type":"post","link":"https:\/\/www.deberes.net\/tesis\/fisica\/analisis-frecuencial-y-temporal-de-procesos-de-relajacion-dielectrica-a-frecuencias-de-microondas\/","title":{"rendered":"An\u00e1lisis frecuencial y temporal de procesos de relajaci\u00f3n dielectrica a frecuencias de microondas"},"content":{"rendered":"<h2>Tesis doctoral de <strong> Juan  Manuel Artacho Terrer <\/strong><\/h2>\n<p>El trabajo est\u00e1 destinado al an\u00e1lisis de los procesos de relajaci\u00f3n diel\u00e9ctrica, tanto en el dominio temporal como en el frecuencial. Para ello, se ha realizado la caracterizaci\u00f3n de diel\u00e9ctricos en un extenso intervalo de frecuencias y temperaturas, aplicando diferentes procedimientos de medida.  se ha dise\u00f1ado un sistema electr\u00f3nico que permite obtener de forma autom\u00e1tica la permitividad diel\u00e9ctrica compleja a frecuencias fijas de microondas en funci\u00f3n de la temperatura, seg\u00fan el m\u00e9todo de l\u00ednea cortocircuitada. el sistema dispone de una microprocesador como elemento central de control y est\u00e1 constituido por diferentes unidades destinadas al control de la temperatura en el diel\u00e9ctrico, al movimiento longitudinal de la sonda detectora ya a la medida de la amplitud de la onda estacionaria.  al objeto de determinar el espectro diel\u00e9ctrico de dispersi\u00f3n en una amplia gama de frecuencias (dc-20 ghz), se han desarrollado los m\u00e9todos de primera y de m\u00faltiple reflexi\u00f3n por reflectometr\u00eda en dominio temporal, basados en el an\u00e1lisis de la respuesta transitoria de un medio diel\u00e9ctrico a un escal\u00f3n de tensi\u00f3n. En primera reflexi\u00f3n, el empleo de un algoritmo de deconvoluci\u00f3n en el domino del tiempo ha permitido obtener la funci\u00f3n de respuesta de la polarizaci\u00f3n de orientaci\u00f3n, una vez limitado el espectro de las se\u00f1ales adquiridas. Mientras que en m\u00faltiple reflexi\u00f3n, la funci\u00f3n de respuesta se ha obtenido a partir de la permitividad diel\u00e9ctrica, resolviendo los problemas inherentes al c\u00e1lculo de la transformada inversa.  el an\u00e1lisis de las magnitudes anteriores permiten abordar el problema de la determinaci\u00f3n de la funci\u00f3n de distribuci\u00f3n de tiempos de relajaci\u00f3n, tanto en el dominio frecuencial como temporal. Con esta finalidad, se efect\u00faa la propuesta de un modelo generalizado de relajaci\u00f3n, al considerar la permitividad diel\u00e9ctrica como la respuesta frecuencial de un sistema caracterizado por una fun<\/p>\n<p>&nbsp;<\/p>\n<h3>Datos acad\u00e9micos de la tesis doctoral \u00ab<strong>An\u00e1lisis frecuencial y temporal de procesos de relajaci\u00f3n dielectrica a frecuencias de microondas<\/strong>\u00ab<\/h3>\n<ul>\n<li><strong>T\u00edtulo de la tesis:<\/strong>\u00a0 An\u00e1lisis frecuencial y temporal de procesos de relajaci\u00f3n dielectrica a frecuencias de microondas <\/li>\n<li><strong>Autor:<\/strong>\u00a0 Juan  Manuel Artacho Terrer <\/li>\n<li><strong>Universidad:<\/strong>\u00a0 Zaragoza<\/li>\n<li><strong>Fecha de lectura de la tesis:<\/strong>\u00a0 13\/07\/2001<\/li>\n<\/ul>\n<p>&nbsp;<\/p>\n<h3>Direcci\u00f3n y tribunal<\/h3>\n<ul>\n<li><strong>Director de la tesis<\/strong>\n<ul>\n<li> Fornies Marquina Jos\u00e9 M.<\/li>\n<\/ul>\n<\/li>\n<li><strong>Tribunal<\/strong>\n<ul>\n<li>Presidente del tribunal: Miguel \u00e1ngel Rebolledo sanz <\/li>\n<li>gerard Noyel (vocal)<\/li>\n<li>Jos\u00e9 Margineda puigpelat (vocal)<\/li>\n<li>anselmo Seoane pampin (vocal)<\/li>\n<\/ul>\n<\/li>\n<\/ul>\n<p>&nbsp;<\/p>\n","protected":false},"excerpt":{"rendered":"<p>Tesis doctoral de Juan Manuel Artacho Terrer El trabajo est\u00e1 destinado al an\u00e1lisis de los procesos de relajaci\u00f3n diel\u00e9ctrica, tanto [&hellip;]<\/p>\n","protected":false},"author":1,"featured_media":0,"comment_status":"open","ping_status":"open","sticky":false,"template":"","format":"standard","meta":{"site-sidebar-layout":"default","site-content-layout":"","ast-site-content-layout":"","site-content-style":"default","site-sidebar-style":"default","ast-global-header-display":"","ast-banner-title-visibility":"","ast-main-header-display":"","ast-hfb-above-header-display":"","ast-hfb-below-header-display":"","ast-hfb-mobile-header-display":"","site-post-title":"","ast-breadcrumbs-content":"","ast-featured-img":"","footer-sml-layout":"","theme-transparent-header-meta":"","adv-header-id-meta":"","stick-header-meta":"","header-above-stick-meta":"","header-main-stick-meta":"","header-below-stick-meta":"","astra-migrate-meta-layouts":"default","ast-page-background-enabled":"default","ast-page-background-meta":{"desktop":{"background-color":"var(--ast-global-color-4)","background-image":"","background-repeat":"repeat","background-position":"center center","background-size":"auto","background-attachment":"scroll","background-type":"","background-media":"","overlay-type":"","overlay-color":"","overlay-gradient":""},"tablet":{"background-color":"","background-image":"","background-repeat":"repeat","background-position":"center center","background-size":"auto","background-attachment":"scroll","background-type":"","background-media":"","overlay-type":"","overlay-color":"","overlay-gradient":""},"mobile":{"background-color":"","background-image":"","background-repeat":"repeat","background-position":"center center","background-size":"auto","background-attachment":"scroll","background-type":"","background-media":"","overlay-type":"","overlay-color":"","overlay-gradient":""}},"ast-content-background-meta":{"desktop":{"background-color":"var(--ast-global-color-5)","background-image":"","background-repeat":"repeat","background-position":"center center","background-size":"auto","background-attachment":"scroll","background-type":"","background-media":"","overlay-type":"","overlay-color":"","overlay-gradient":""},"tablet":{"background-color":"var(--ast-global-color-5)","background-image":"","background-repeat":"repeat","background-position":"center center","background-size":"auto","background-attachment":"scroll","background-type":"","background-media":"","overlay-type":"","overlay-color":"","overlay-gradient":""},"mobile":{"background-color":"var(--ast-global-color-5)","background-image":"","background-repeat":"repeat","background-position":"center center","background-size":"auto","background-attachment":"scroll","background-type":"","background-media":"","overlay-type":"","overlay-color":"","overlay-gradient":""}},"footnotes":""},"categories":[332,16261,987,199,3692,40197,2490,3706,13610],"tags":[40201,40199,40200,3696,40198,6877],"class_list":["post-12283","post","type-post","status-publish","format-standard","hentry","category-ciencias-tecnologicas","category-dispositivos-de-microondas","category-electromagnetismo","category-fisica","category-interaccion-de-ondas-electromagneticas-con-la-materia","category-magnitudes-electricas-y-su-medida","category-propagacion-de-ondas-electromagneticas","category-tecnologia-electronica","category-zaragoza","tag-anselmo-seoane-pampin","tag-fornies-marquina-jose-m","tag-gerard-noyel","tag-jose-margineda-puigpelat","tag-juan-manuel-artacho-terrer","tag-miguel-angel-rebolledo-sanz"],"_links":{"self":[{"href":"https:\/\/www.deberes.net\/tesis\/wp-json\/wp\/v2\/posts\/12283","targetHints":{"allow":["GET"]}}],"collection":[{"href":"https:\/\/www.deberes.net\/tesis\/wp-json\/wp\/v2\/posts"}],"about":[{"href":"https:\/\/www.deberes.net\/tesis\/wp-json\/wp\/v2\/types\/post"}],"author":[{"embeddable":true,"href":"https:\/\/www.deberes.net\/tesis\/wp-json\/wp\/v2\/users\/1"}],"replies":[{"embeddable":true,"href":"https:\/\/www.deberes.net\/tesis\/wp-json\/wp\/v2\/comments?post=12283"}],"version-history":[{"count":0,"href":"https:\/\/www.deberes.net\/tesis\/wp-json\/wp\/v2\/posts\/12283\/revisions"}],"wp:attachment":[{"href":"https:\/\/www.deberes.net\/tesis\/wp-json\/wp\/v2\/media?parent=12283"}],"wp:term":[{"taxonomy":"category","embeddable":true,"href":"https:\/\/www.deberes.net\/tesis\/wp-json\/wp\/v2\/categories?post=12283"},{"taxonomy":"post_tag","embeddable":true,"href":"https:\/\/www.deberes.net\/tesis\/wp-json\/wp\/v2\/tags?post=12283"}],"curies":[{"name":"wp","href":"https:\/\/api.w.org\/{rel}","templated":true}]}}