{"id":12301,"date":"2018-03-09T08:58:05","date_gmt":"2018-03-09T08:58:05","guid":{"rendered":"https:\/\/www.deberes.net\/tesis\/sin-categoria\/analisis-causal-de-las-alianzas-estrategicas-a-traves-de-la-teoria-de-los-costes-de-transaccion-y-su-aplicacion-a-la-vetebracion-industrial-del-sector-naval-en-la-comarca-de-vigo\/"},"modified":"2018-03-09T08:58:05","modified_gmt":"2018-03-09T08:58:05","slug":"analisis-causal-de-las-alianzas-estrategicas-a-traves-de-la-teoria-de-los-costes-de-transaccion-y-su-aplicacion-a-la-vetebracion-industrial-del-sector-naval-en-la-comarca-de-vigo","status":"publish","type":"post","link":"https:\/\/www.deberes.net\/tesis\/ciencias-economicas\/analisis-causal-de-las-alianzas-estrategicas-a-traves-de-la-teoria-de-los-costes-de-transaccion-y-su-aplicacion-a-la-vetebracion-industrial-del-sector-naval-en-la-comarca-de-vigo\/","title":{"rendered":"Analisis causal de las alianzas estrat\u00e9gicas a trav\u00e9s de la teor\u00eda de los costes de transacci\u00f3n y su aplicaci\u00f3n a la vetebraci\u00f3n industrial del sector naval en la comarca de vigo"},"content":{"rendered":"<h2>Tesis doctoral de <strong> Carlos Antonio Ferro  Soto <\/strong><\/h2>\n<p>En este trabajo se pretende conocer los factores explicativos de la articulaci\u00f3n industrial del sector naval de los astilleros de la r\u00eda de vigo y otras \u00e1reas colindantes, as\u00ed como las pr\u00e1cticas cooperativas emprendidas y las causas que las hayan motivado.  el referente te\u00f3rico utilizado para explicar el mapa industrial del sector naval en el \u00e1rea geogr\u00e1fica de estudio es la teor\u00eda de los costes de transacci\u00f3n, en base a la que se plantea un modelo de dependencia en el que la variable dependiente es la estructura de gobierno bajo la cual se operan transacciones: el mercado, la jerarqu\u00eda y las formas h\u00edbridas (acuerdos de cooperaci\u00f3n) y las variables independiente son los factores causantes de la generaci\u00f3n de costes transaccionales; especificidad de los activos, grado de incertidumbre, frecuencia y grado de confianza instaurado entre las partes. La selecci\u00f3n de las variables explicativas se ha realizado mediante la t\u00e9cnica estad\u00edstica basada en el an\u00e1lisis discriminante m\u00faltiple, resultando elegidas la incertidumbre de demanda, la complejidad tecnol\u00f3gica y la frecuencia como variables significativamente discriminantes.  en lo que a las pr\u00e1cticas cooperativas se refiere, hemos registrado un total de 111 acuerdos cuyos elementos m\u00e1s caracter\u00edsticos han resultado ser, de un lado, que se estructuran mayoritariamente mediante acuerdos t\u00e1citos basados en la confianza y en la reputaci\u00f3n del socio, y de otro lado, que a cogen acuerdos fundamentalmente de naturaleza vertical.<\/p>\n<p>&nbsp;<\/p>\n<h3>Datos acad\u00e9micos de la tesis doctoral \u00ab<strong>Analisis causal de las alianzas estrat\u00e9gicas a trav\u00e9s de la teor\u00eda de los costes de transacci\u00f3n y su aplicaci\u00f3n a la vetebraci\u00f3n industrial del sector naval en la comarca de vigo<\/strong>\u00ab<\/h3>\n<ul>\n<li><strong>T\u00edtulo de la tesis:<\/strong>\u00a0 Analisis causal de las alianzas estrat\u00e9gicas a trav\u00e9s de la teor\u00eda de los costes de transacci\u00f3n y su aplicaci\u00f3n a la vetebraci\u00f3n industrial del sector naval en la comarca de vigo <\/li>\n<li><strong>Autor:<\/strong>\u00a0 Carlos Antonio Ferro  Soto <\/li>\n<li><strong>Universidad:<\/strong>\u00a0 Vigo<\/li>\n<li><strong>Fecha de lectura de la tesis:<\/strong>\u00a0 13\/07\/2001<\/li>\n<\/ul>\n<p>&nbsp;<\/p>\n<h3>Direcci\u00f3n y tribunal<\/h3>\n<ul>\n<li><strong>Director de la tesis<\/strong>\n<ul>\n<li>Manuel Guisado Tato<\/li>\n<\/ul>\n<\/li>\n<li><strong>Tribunal<\/strong>\n<ul>\n<li>Presidente del tribunal: camilo Prado freire <\/li>\n<li>esteban Fernandez sanchez (vocal)<\/li>\n<li>Emilio pablo D\u00edez de castro (vocal)<\/li>\n<li>Jos\u00e9 Alberto Diez de castro (vocal)<\/li>\n<\/ul>\n<\/li>\n<\/ul>\n<p>&nbsp;<\/p>\n","protected":false},"excerpt":{"rendered":"<p>Tesis doctoral de Carlos Antonio Ferro Soto En este trabajo se pretende conocer los factores explicativos de la articulaci\u00f3n industrial [&hellip;]<\/p>\n","protected":false},"author":1,"featured_media":0,"comment_status":"open","ping_status":"open","sticky":false,"template":"","format":"standard","meta":{"site-sidebar-layout":"default","site-content-layout":"","ast-site-content-layout":"","site-content-style":"default","site-sidebar-style":"default","ast-global-header-display":"","ast-banner-title-visibility":"","ast-main-header-display":"","ast-hfb-above-header-display":"","ast-hfb-below-header-display":"","ast-hfb-mobile-header-display":"","site-post-title":"","ast-breadcrumbs-content":"","ast-featured-img":"","footer-sml-layout":"","theme-transparent-header-meta":"","adv-header-id-meta":"","stick-header-meta":"","header-above-stick-meta":"","header-main-stick-meta":"","header-below-stick-meta":"","astra-migrate-meta-layouts":"default","ast-page-background-enabled":"default","ast-page-background-meta":{"desktop":{"background-color":"var(--ast-global-color-4)","background-image":"","background-repeat":"repeat","background-position":"center center","background-size":"auto","background-attachment":"scroll","background-type":"","background-media":"","overlay-type":"","overlay-color":"","overlay-gradient":""},"tablet":{"background-color":"","background-image":"","background-repeat":"repeat","background-position":"center center","background-size":"auto","background-attachment":"scroll","background-type":"","background-media":"","overlay-type":"","overlay-color":"","overlay-gradient":""},"mobile":{"background-color":"","background-image":"","background-repeat":"repeat","background-position":"center center","background-size":"auto","background-attachment":"scroll","background-type":"","background-media":"","overlay-type":"","overlay-color":"","overlay-gradient":""}},"ast-content-background-meta":{"desktop":{"background-color":"var(--ast-global-color-5)","background-image":"","background-repeat":"repeat","background-position":"center center","background-size":"auto","background-attachment":"scroll","background-type":"","background-media":"","overlay-type":"","overlay-color":"","overlay-gradient":""},"tablet":{"background-color":"var(--ast-global-color-5)","background-image":"","background-repeat":"repeat","background-position":"center center","background-size":"auto","background-attachment":"scroll","background-type":"","background-media":"","overlay-type":"","overlay-color":"","overlay-gradient":""},"mobile":{"background-color":"var(--ast-global-color-5)","background-image":"","background-repeat":"repeat","background-position":"center center","background-size":"auto","background-attachment":"scroll","background-type":"","background-media":"","overlay-type":"","overlay-color":"","overlay-gradient":""}},"footnotes":""},"categories":[82,963,1301,1302,17315,18657],"tags":[7053,40261,39404,9172,40262,32635],"class_list":["post-12301","post","type-post","status-publish","format-standard","hentry","category-ciencias-economicas","category-economia-sectorial","category-estudios-industriales","category-organizacion-y-gestion-de-empresas","category-sector-de-la-construccion","category-vigo","tag-camilo-prado-freire","tag-carlos-antonio-ferro-soto","tag-emilio-pablo-diez-de-castro","tag-esteban-fernandez-sanchez","tag-jose-alberto-diez-de-castro","tag-manuel-guisado-tato"],"_links":{"self":[{"href":"https:\/\/www.deberes.net\/tesis\/wp-json\/wp\/v2\/posts\/12301","targetHints":{"allow":["GET"]}}],"collection":[{"href":"https:\/\/www.deberes.net\/tesis\/wp-json\/wp\/v2\/posts"}],"about":[{"href":"https:\/\/www.deberes.net\/tesis\/wp-json\/wp\/v2\/types\/post"}],"author":[{"embeddable":true,"href":"https:\/\/www.deberes.net\/tesis\/wp-json\/wp\/v2\/users\/1"}],"replies":[{"embeddable":true,"href":"https:\/\/www.deberes.net\/tesis\/wp-json\/wp\/v2\/comments?post=12301"}],"version-history":[{"count":0,"href":"https:\/\/www.deberes.net\/tesis\/wp-json\/wp\/v2\/posts\/12301\/revisions"}],"wp:attachment":[{"href":"https:\/\/www.deberes.net\/tesis\/wp-json\/wp\/v2\/media?parent=12301"}],"wp:term":[{"taxonomy":"category","embeddable":true,"href":"https:\/\/www.deberes.net\/tesis\/wp-json\/wp\/v2\/categories?post=12301"},{"taxonomy":"post_tag","embeddable":true,"href":"https:\/\/www.deberes.net\/tesis\/wp-json\/wp\/v2\/tags?post=12301"}],"curies":[{"name":"wp","href":"https:\/\/api.w.org\/{rel}","templated":true}]}}