{"id":12314,"date":"2018-03-09T08:58:07","date_gmt":"2018-03-09T08:58:07","guid":{"rendered":"https:\/\/www.deberes.net\/tesis\/sin-categoria\/lenguaje-y-rendimiento-escolar-estudio-del-conocimiento-matematico-en-los-contextos-bilingues-asturiano-y-aragones\/"},"modified":"2018-03-09T08:58:07","modified_gmt":"2018-03-09T08:58:07","slug":"lenguaje-y-rendimiento-escolar-estudio-del-conocimiento-matematico-en-los-contextos-bilingues-asturiano-y-aragones","status":"publish","type":"post","link":"https:\/\/www.deberes.net\/tesis\/linguistica\/lenguaje-y-rendimiento-escolar-estudio-del-conocimiento-matematico-en-los-contextos-bilingues-asturiano-y-aragones\/","title":{"rendered":"\u00ablenguaje y rendimiento escolar. estudio del conocimiento matematico en los contextos bilingues asturiano y aragones\u00bb"},"content":{"rendered":"<h2>Tesis doctoral de <strong> \u00e1ngel Huguet Canal\u00eds <\/strong><\/h2>\n<p>Es cierto que en los \u00faltimos a\u00f1os, en el estado espa\u00f1ol, se ha seguido un proceso imparable en la incorporaci\u00f3n de las lenguas diferentes del castellano al curriculum escolar, pero no es menos cierto que la tradicion evaluadora ha si escasa.  la necesidad de una evaluaci\u00f3n que garantice la calidad del sistema educativo se hace especialmente relevante en aquellas comunidades, como la de asturias o la de aragon, que inician ahora su asunci\u00f3n de competencias en un marco sociolinguistico y educativo en que la lengua asturiana o catalana parten de una situaci\u00f3n francamente desfavorable respecto al castellano y, donde ciertos nucleos de poblacion pueden manifestar posturas, al menos, ambiguas en cuanto a la misma.  en este marco, nuestra investigacion analiza algunos efectos de la incorporaci\u00f3n del asturiano y del catalan sobre el rendimiento escolar del alumnado y propone lineas de actuaci\u00f3n optimizadoras y acordes con la realidad socioeducativa del principado y de la comunidad aragonesa.<\/p>\n<p>&nbsp;<\/p>\n<h3>Datos acad\u00e9micos de la tesis doctoral \u00ab<strong>\u00ablenguaje y rendimiento escolar. estudio del conocimiento matematico en los contextos bilingues asturiano y aragones\u00bb<\/strong>\u00ab<\/h3>\n<ul>\n<li><strong>T\u00edtulo de la tesis:<\/strong>\u00a0 \u00ablenguaje y rendimiento escolar. estudio del conocimiento matematico en los contextos bilingues asturiano y aragones\u00bb <\/li>\n<li><strong>Autor:<\/strong>\u00a0 \u00e1ngel Huguet Canal\u00eds <\/li>\n<li><strong>Universidad:<\/strong>\u00a0 Oviedo<\/li>\n<li><strong>Fecha de lectura de la tesis:<\/strong>\u00a0 16\/07\/2001<\/li>\n<\/ul>\n<p>&nbsp;<\/p>\n<h3>Direcci\u00f3n y tribunal<\/h3>\n<ul>\n<li><strong>Director de la tesis<\/strong>\n<ul>\n<li>Jos\u00e9 Antonio Gonzalez Ria\u00f1o<\/li>\n<\/ul>\n<\/li>\n<li><strong>Tribunal<\/strong>\n<ul>\n<li>Presidente del tribunal:  Medrano mir Mar\u00eda  gloria <\/li>\n<li>jaume Sanuy burgues (vocal)<\/li>\n<li>  (vocal)<\/li>\n<li>  (vocal)<\/li>\n<\/ul>\n<\/li>\n<\/ul>\n<p>&nbsp;<\/p>\n","protected":false},"excerpt":{"rendered":"<p>Tesis doctoral de \u00e1ngel Huguet Canal\u00eds Es cierto que en los \u00faltimos a\u00f1os, en el estado espa\u00f1ol, se ha seguido [&hellip;]<\/p>\n","protected":false},"author":1,"featured_media":0,"comment_status":"open","ping_status":"open","sticky":false,"template":"","format":"standard","meta":{"site-sidebar-layout":"default","site-content-layout":"","ast-site-content-layout":"","site-content-style":"default","site-sidebar-style":"default","ast-global-header-display":"","ast-banner-title-visibility":"","ast-main-header-display":"","ast-hfb-above-header-display":"","ast-hfb-below-header-display":"","ast-hfb-mobile-header-display":"","site-post-title":"","ast-breadcrumbs-content":"","ast-featured-img":"","footer-sml-layout":"","theme-transparent-header-meta":"","adv-header-id-meta":"","stick-header-meta":"","header-above-stick-meta":"","header-main-stick-meta":"","header-below-stick-meta":"","astra-migrate-meta-layouts":"default","ast-page-background-enabled":"default","ast-page-background-meta":{"desktop":{"background-color":"var(--ast-global-color-4)","background-image":"","background-repeat":"repeat","background-position":"center center","background-size":"auto","background-attachment":"scroll","background-type":"","background-media":"","overlay-type":"","overlay-color":"","overlay-gradient":""},"tablet":{"background-color":"","background-image":"","background-repeat":"repeat","background-position":"center center","background-size":"auto","background-attachment":"scroll","background-type":"","background-media":"","overlay-type":"","overlay-color":"","overlay-gradient":""},"mobile":{"background-color":"","background-image":"","background-repeat":"repeat","background-position":"center center","background-size":"auto","background-attachment":"scroll","background-type":"","background-media":"","overlay-type":"","overlay-color":"","overlay-gradient":""}},"ast-content-background-meta":{"desktop":{"background-color":"var(--ast-global-color-5)","background-image":"","background-repeat":"repeat","background-position":"center center","background-size":"auto","background-attachment":"scroll","background-type":"","background-media":"","overlay-type":"","overlay-color":"","overlay-gradient":""},"tablet":{"background-color":"var(--ast-global-color-5)","background-image":"","background-repeat":"repeat","background-position":"center center","background-size":"auto","background-attachment":"scroll","background-type":"","background-media":"","overlay-type":"","overlay-color":"","overlay-gradient":""},"mobile":{"background-color":"var(--ast-global-color-5)","background-image":"","background-repeat":"repeat","background-position":"center center","background-size":"auto","background-attachment":"scroll","background-type":"","background-media":"","overlay-type":"","overlay-color":"","overlay-gradient":""}},"footnotes":""},"categories":[12373,1891,59,60,62,8846,3676],"tags":[32801,40302,40300,40301],"class_list":["post-12314","post","type-post","status-publish","format-standard","hentry","category-bilinguismo","category-ensenanza-de-lenguas","category-linguistica","category-linguistica-aplicada","category-linguistica-sincronica","category-oviedo","category-sociolinguistica","tag-angel-huguet-canalis","tag-jaume-sanuy-burgues","tag-jose-antonio-gonzalez-riano","tag-medrano-mir-maria-gloria"],"_links":{"self":[{"href":"https:\/\/www.deberes.net\/tesis\/wp-json\/wp\/v2\/posts\/12314","targetHints":{"allow":["GET"]}}],"collection":[{"href":"https:\/\/www.deberes.net\/tesis\/wp-json\/wp\/v2\/posts"}],"about":[{"href":"https:\/\/www.deberes.net\/tesis\/wp-json\/wp\/v2\/types\/post"}],"author":[{"embeddable":true,"href":"https:\/\/www.deberes.net\/tesis\/wp-json\/wp\/v2\/users\/1"}],"replies":[{"embeddable":true,"href":"https:\/\/www.deberes.net\/tesis\/wp-json\/wp\/v2\/comments?post=12314"}],"version-history":[{"count":0,"href":"https:\/\/www.deberes.net\/tesis\/wp-json\/wp\/v2\/posts\/12314\/revisions"}],"wp:attachment":[{"href":"https:\/\/www.deberes.net\/tesis\/wp-json\/wp\/v2\/media?parent=12314"}],"wp:term":[{"taxonomy":"category","embeddable":true,"href":"https:\/\/www.deberes.net\/tesis\/wp-json\/wp\/v2\/categories?post=12314"},{"taxonomy":"post_tag","embeddable":true,"href":"https:\/\/www.deberes.net\/tesis\/wp-json\/wp\/v2\/tags?post=12314"}],"curies":[{"name":"wp","href":"https:\/\/api.w.org\/{rel}","templated":true}]}}