{"id":123255,"date":"2025-01-16T01:36:49","date_gmt":"2025-01-16T01:36:49","guid":{"rendered":"https:\/\/www.deberes.net\/tesis\/sin-categoria\/politicas-de-comunicacion-en-america-central-aportaciones-regionales-al-nuevo-orden-mundial-de-la-informacion-y-comunicacion\/"},"modified":"2025-01-16T01:36:49","modified_gmt":"2025-01-16T01:36:49","slug":"politicas-de-comunicacion-en-america-central-aportaciones-regionales-al-nuevo-orden-mundial-de-la-informacion-y-comunicacion","status":"publish","type":"post","link":"https:\/\/www.deberes.net\/tesis\/sociologia\/politicas-de-comunicacion-en-america-central-aportaciones-regionales-al-nuevo-orden-mundial-de-la-informacion-y-comunicacion\/","title":{"rendered":"Politicas de comunicacion en america central. (aportaciones regionales al nuevo orden mundial de la informacion y comunicacion) ."},"content":{"rendered":"<h2>Tesis doctoral de <strong> Fernando Jos\u00e9 Quir\u00f3s Fern\u00e1ndez <\/strong><\/h2>\n<p>&nbsp;<\/p>\n<h3>Datos acad\u00e9micos de la tesis doctoral \u00ab<strong>Politicas de comunicacion en america central. (aportaciones regionales al nuevo orden mundial de la informacion y comunicacion) .<\/strong>\u00ab<\/h3>\n<ul>\n<li><strong>T\u00edtulo de la tesis:<\/strong>\u00a0 Politicas de comunicacion en america central. (aportaciones regionales al nuevo orden mundial de la informacion y comunicacion) . <\/li>\n<li><strong>Autor:<\/strong>\u00a0 Fernando Jos\u00e9 Quir\u00f3s Fern\u00e1ndez <\/li>\n<li><strong>Universidad:<\/strong>\u00a0 Complutense de Madrid<\/li>\n<li><strong>Fecha de lectura de la tesis:<\/strong>\u00a0 01\/01\/1987<\/li>\n<\/ul>\n<p>&nbsp;<\/p>\n<h3>Direcci\u00f3n y tribunal<\/h3>\n<ul>\n<li><strong>Director de la tesis<\/strong>\n<ul>\n<li> <\/li>\n<\/ul>\n<\/li>\n<li><strong>Tribunal<\/strong>\n<ul>\n<li>Presidente del tribunal: Angel Benito Jaen <\/li>\n<li>De Moragas Miguel (vocal)<\/li>\n<li>Celestino Del Arenal Moyua (vocal)<\/li>\n<li>Amando De Miguel  Rodriguez (vocal)<\/li>\n<\/ul>\n<\/li>\n<\/ul>\n<p>&nbsp;<\/p>\n","protected":false},"excerpt":{"rendered":"<p>Tesis doctoral de Fernando Jos\u00e9 Quir\u00f3s Fern\u00e1ndez &nbsp; Datos acad\u00e9micos de la tesis doctoral \u00abPoliticas de comunicacion en america central. [&hellip;]<\/p>\n","protected":false},"author":1,"featured_media":0,"comment_status":"open","ping_status":"open","sticky":false,"template":"","format":"standard","meta":{"site-sidebar-layout":"default","site-content-layout":"","ast-site-content-layout":"","site-content-style":"default","site-sidebar-style":"default","ast-global-header-display":"","ast-banner-title-visibility":"","ast-main-header-display":"","ast-hfb-above-header-display":"","ast-hfb-below-header-display":"","ast-hfb-mobile-header-display":"","site-post-title":"","ast-breadcrumbs-content":"","ast-featured-img":"","footer-sml-layout":"","theme-transparent-header-meta":"","adv-header-id-meta":"","stick-header-meta":"","header-above-stick-meta":"","header-main-stick-meta":"","header-below-stick-meta":"","astra-migrate-meta-layouts":"default","ast-page-background-enabled":"default","ast-page-background-meta":{"desktop":{"background-color":"var(--ast-global-color-4)","background-image":"","background-repeat":"repeat","background-position":"center center","background-size":"auto","background-attachment":"scroll","background-type":"","background-media":"","overlay-type":"","overlay-color":"","overlay-gradient":""},"tablet":{"background-color":"","background-image":"","background-repeat":"repeat","background-position":"center center","background-size":"auto","background-attachment":"scroll","background-type":"","background-media":"","overlay-type":"","overlay-color":"","overlay-gradient":""},"mobile":{"background-color":"","background-image":"","background-repeat":"repeat","background-position":"center center","background-size":"auto","background-attachment":"scroll","background-type":"","background-media":"","overlay-type":"","overlay-color":"","overlay-gradient":""}},"ast-content-background-meta":{"desktop":{"background-color":"var(--ast-global-color-5)","background-image":"","background-repeat":"repeat","background-position":"center center","background-size":"auto","background-attachment":"scroll","background-type":"","background-media":"","overlay-type":"","overlay-color":"","overlay-gradient":""},"tablet":{"background-color":"var(--ast-global-color-5)","background-image":"","background-repeat":"repeat","background-position":"center center","background-size":"auto","background-attachment":"scroll","background-type":"","background-media":"","overlay-type":"","overlay-color":"","overlay-gradient":""},"mobile":{"background-color":"var(--ast-global-color-5)","background-image":"","background-repeat":"repeat","background-position":"center center","background-size":"auto","background-attachment":"scroll","background-type":"","background-media":"","overlay-type":"","overlay-color":"","overlay-gradient":""}},"footnotes":""},"categories":[986,4735,269],"tags":[4699,4819,4617,237032,6103],"class_list":["post-123255","post","type-post","status-publish","format-standard","hentry","category-complutense-de-madrid","category-comunicaciones-sociales","category-sociologia","tag-amando-de-miguel-rodriguez","tag-angel-benito-jaen","tag-celestino-del-arenal-moyua","tag-de-moragas-miguel","tag-fernando-jose-quiros-fernandez"],"_links":{"self":[{"href":"https:\/\/www.deberes.net\/tesis\/wp-json\/wp\/v2\/posts\/123255","targetHints":{"allow":["GET"]}}],"collection":[{"href":"https:\/\/www.deberes.net\/tesis\/wp-json\/wp\/v2\/posts"}],"about":[{"href":"https:\/\/www.deberes.net\/tesis\/wp-json\/wp\/v2\/types\/post"}],"author":[{"embeddable":true,"href":"https:\/\/www.deberes.net\/tesis\/wp-json\/wp\/v2\/users\/1"}],"replies":[{"embeddable":true,"href":"https:\/\/www.deberes.net\/tesis\/wp-json\/wp\/v2\/comments?post=123255"}],"version-history":[{"count":0,"href":"https:\/\/www.deberes.net\/tesis\/wp-json\/wp\/v2\/posts\/123255\/revisions"}],"wp:attachment":[{"href":"https:\/\/www.deberes.net\/tesis\/wp-json\/wp\/v2\/media?parent=123255"}],"wp:term":[{"taxonomy":"category","embeddable":true,"href":"https:\/\/www.deberes.net\/tesis\/wp-json\/wp\/v2\/categories?post=123255"},{"taxonomy":"post_tag","embeddable":true,"href":"https:\/\/www.deberes.net\/tesis\/wp-json\/wp\/v2\/tags?post=123255"}],"curies":[{"name":"wp","href":"https:\/\/api.w.org\/{rel}","templated":true}]}}