{"id":12326,"date":"2018-03-09T08:58:08","date_gmt":"2018-03-09T08:58:08","guid":{"rendered":"https:\/\/www.deberes.net\/tesis\/sin-categoria\/asimetria-cerebral-en-la-expresion-facial-de-emociones-en-chimpaces\/"},"modified":"2018-03-09T08:58:08","modified_gmt":"2018-03-09T08:58:08","slug":"asimetria-cerebral-en-la-expresion-facial-de-emociones-en-chimpaces","status":"publish","type":"post","link":"https:\/\/www.deberes.net\/tesis\/psicologia\/asimetria-cerebral-en-la-expresion-facial-de-emociones-en-chimpaces\/","title":{"rendered":"Asimetria cerebral en la expresion facial de emociones en chimpaces"},"content":{"rendered":"<h2>Tesis doctoral de <strong> Samuel Fernandez Carriba <\/strong><\/h2>\n<p>Esta tesis doctoral presenta los primeros datos conocidos sobre la existencia de asimetr\u00edas funcionales en la producci\u00f3n de emociones en chimpaces. La implicaci\u00f3n diferencial de los dos hemisferios en la conducta emocional se ha explorado a traves del estudio de la asimetr\u00eda facial presente en las expresiones emocionales, basado en el conocimiento de que cada mitad de la cara en su porci\u00f3n inferior est\u00e1 principalmente inervada por el hemisferio contralateral. Seg\u00fan los resultados en ella descritos, el lado izquierdo de la cara (y por tanto el hemisferio derecho) en chimpances esta m\u00e1s implicado que el lado derecho (hemisferio izquierdo) en la producci\u00f3n de emociones. estos hallazgos son consistentes con los que se desprenden de los escasos estudios que han abordado en primates no humanos en el estudio de la especializacion funcional en la conducta emocional y con la extensa literatura que han analizado el fen\u00f3meno en primates humanos. Ello sugiere que la mayor implicaci\u00f3n del hemisferio derecho en la conducta emocional ha estado presente desde etapas tempranas de la evoluci\u00f3n de los primates.<\/p>\n<p>&nbsp;<\/p>\n<h3>Datos acad\u00e9micos de la tesis doctoral \u00ab<strong>Asimetria cerebral en la expresion facial de emociones en chimpaces<\/strong>\u00ab<\/h3>\n<ul>\n<li><strong>T\u00edtulo de la tesis:<\/strong>\u00a0 Asimetria cerebral en la expresion facial de emociones en chimpaces <\/li>\n<li><strong>Autor:<\/strong>\u00a0 Samuel Fernandez Carriba <\/li>\n<li><strong>Universidad:<\/strong>\u00a0 Aut\u00f3noma de Madrid<\/li>\n<li><strong>Fecha de lectura de la tesis:<\/strong>\u00a0 16\/07\/2001<\/li>\n<\/ul>\n<p>&nbsp;<\/p>\n<h3>Direcci\u00f3n y tribunal<\/h3>\n<ul>\n<li><strong>Director de la tesis<\/strong>\n<ul>\n<li>Angela Loeches Alonso<\/li>\n<\/ul>\n<\/li>\n<li><strong>Tribunal<\/strong>\n<ul>\n<li>Presidente del tribunal: jordi Sabater pi <\/li>\n<li>Fernando Pel\u00e1ez del hierro (vocal)<\/li>\n<li>Miguel S\u00e1nchez turet (vocal)<\/li>\n<li>julio Olea diaz (vocal)<\/li>\n<\/ul>\n<\/li>\n<\/ul>\n<p>&nbsp;<\/p>\n","protected":false},"excerpt":{"rendered":"<p>Tesis doctoral de Samuel Fernandez Carriba Esta tesis doctoral presenta los primeros datos conocidos sobre la existencia de asimetr\u00edas funcionales [&hellip;]<\/p>\n","protected":false},"author":1,"featured_media":0,"comment_status":"open","ping_status":"open","sticky":false,"template":"","format":"standard","meta":{"site-sidebar-layout":"default","site-content-layout":"","ast-site-content-layout":"","site-content-style":"default","site-sidebar-style":"default","ast-global-header-display":"","ast-banner-title-visibility":"","ast-main-header-display":"","ast-hfb-above-header-display":"","ast-hfb-below-header-display":"","ast-hfb-mobile-header-display":"","site-post-title":"","ast-breadcrumbs-content":"","ast-featured-img":"","footer-sml-layout":"","theme-transparent-header-meta":"","adv-header-id-meta":"","stick-header-meta":"","header-above-stick-meta":"","header-main-stick-meta":"","header-below-stick-meta":"","astra-migrate-meta-layouts":"default","ast-page-background-enabled":"default","ast-page-background-meta":{"desktop":{"background-color":"var(--ast-global-color-4)","background-image":"","background-repeat":"repeat","background-position":"center center","background-size":"auto","background-attachment":"scroll","background-type":"","background-media":"","overlay-type":"","overlay-color":"","overlay-gradient":""},"tablet":{"background-color":"","background-image":"","background-repeat":"repeat","background-position":"center center","background-size":"auto","background-attachment":"scroll","background-type":"","background-media":"","overlay-type":"","overlay-color":"","overlay-gradient":""},"mobile":{"background-color":"","background-image":"","background-repeat":"repeat","background-position":"center center","background-size":"auto","background-attachment":"scroll","background-type":"","background-media":"","overlay-type":"","overlay-color":"","overlay-gradient":""}},"ast-content-background-meta":{"desktop":{"background-color":"var(--ast-global-color-5)","background-image":"","background-repeat":"repeat","background-position":"center center","background-size":"auto","background-attachment":"scroll","background-type":"","background-media":"","overlay-type":"","overlay-color":"","overlay-gradient":""},"tablet":{"background-color":"var(--ast-global-color-5)","background-image":"","background-repeat":"repeat","background-position":"center center","background-size":"auto","background-attachment":"scroll","background-type":"","background-media":"","overlay-type":"","overlay-color":"","overlay-gradient":""},"mobile":{"background-color":"var(--ast-global-color-5)","background-image":"","background-repeat":"repeat","background-position":"center center","background-size":"auto","background-attachment":"scroll","background-type":"","background-media":"","overlay-type":"","overlay-color":"","overlay-gradient":""}},"footnotes":""},"categories":[4167,324,5111,2462],"tags":[40338,33780,33779,40339,6691,40337],"class_list":["post-12326","post","type-post","status-publish","format-standard","hentry","category-actividad-cerebral","category-psicologia","category-psicologia-comparada","category-psicologia-experimental","tag-angela-loeches-alonso","tag-fernando-pelaez-del-hierro","tag-jordi-sabater-pi","tag-julio-olea-diaz","tag-miguel-sanchez-turet","tag-samuel-fernandez-carriba"],"_links":{"self":[{"href":"https:\/\/www.deberes.net\/tesis\/wp-json\/wp\/v2\/posts\/12326","targetHints":{"allow":["GET"]}}],"collection":[{"href":"https:\/\/www.deberes.net\/tesis\/wp-json\/wp\/v2\/posts"}],"about":[{"href":"https:\/\/www.deberes.net\/tesis\/wp-json\/wp\/v2\/types\/post"}],"author":[{"embeddable":true,"href":"https:\/\/www.deberes.net\/tesis\/wp-json\/wp\/v2\/users\/1"}],"replies":[{"embeddable":true,"href":"https:\/\/www.deberes.net\/tesis\/wp-json\/wp\/v2\/comments?post=12326"}],"version-history":[{"count":0,"href":"https:\/\/www.deberes.net\/tesis\/wp-json\/wp\/v2\/posts\/12326\/revisions"}],"wp:attachment":[{"href":"https:\/\/www.deberes.net\/tesis\/wp-json\/wp\/v2\/media?parent=12326"}],"wp:term":[{"taxonomy":"category","embeddable":true,"href":"https:\/\/www.deberes.net\/tesis\/wp-json\/wp\/v2\/categories?post=12326"},{"taxonomy":"post_tag","embeddable":true,"href":"https:\/\/www.deberes.net\/tesis\/wp-json\/wp\/v2\/tags?post=12326"}],"curies":[{"name":"wp","href":"https:\/\/api.w.org\/{rel}","templated":true}]}}