{"id":12332,"date":"2018-03-09T08:58:08","date_gmt":"2018-03-09T08:58:08","guid":{"rendered":"https:\/\/www.deberes.net\/tesis\/sin-categoria\/analisis-de-secuencias-de-imagenes-en-el-dominio-comprimido-aportaciones-a-los-mapas-autoorganizativos-para-el-aprendizaje-temporal\/"},"modified":"2018-03-09T08:58:08","modified_gmt":"2018-03-09T08:58:08","slug":"analisis-de-secuencias-de-imagenes-en-el-dominio-comprimido-aportaciones-a-los-mapas-autoorganizativos-para-el-aprendizaje-temporal","status":"publish","type":"post","link":"https:\/\/www.deberes.net\/tesis\/matematicas\/analisis-de-secuencias-de-imagenes-en-el-dominio-comprimido-aportaciones-a-los-mapas-autoorganizativos-para-el-aprendizaje-temporal\/","title":{"rendered":"An\u00e1lisis de secuencias de im\u00e1genes en el dominio comprimido. aportaciones a los mapas autoorganizativos para el aprendizaje temporal"},"content":{"rendered":"<h2>Tesis doctoral de <strong> Arnaldo Cordeiro Machado <\/strong><\/h2>\n<p>La caracterizaci\u00f3n y reconocimiento de patrones temporales han constituido tradicionalmente un problema desafiante para investigadores y ingenieros. para solucionar estos problemas se ha intentado el empleo de las redes neuronales artificiales, pero estas soluciones han tenido un \u00e9xito muy limitado en el campo del procesado de se\u00f1ales que var\u00edan con el tiempo. un concepto  fundamental presentado en esta tesis es la construcci\u00f3n de redes neuronales artificiales organizadas temporalmente. Esta auto organizaci\u00f3n temporal permite a las redes procesar de un modo m\u00e1s organizado patrones con informaci\u00f3n temporal. El concepto est\u00e1 inspirado biol\u00f3gicamente y usa estos principios para organizar de un modo no supervisado los elementos de procesado de la red. La auto organizaci\u00f3n en espacio y tiempo creado por esta metodolog\u00eda ha sido aplicada a una arquitectura concreta al red neuronal: el mapa auto-organizativo de caracter\u00edsticas (conocido como mapa de kohonen). La nueva arquitectura de red creada al adicionar la organizaci\u00f3n temporal es f\u00e1cil de implementar y contiene propiedades que son \u00fanicas en el campo de las redes neuronales.  dentro de esta tesis se aborda igualmente el procesado del v\u00eddeo comprimido dentro del contexto del est\u00e1ndar mpeg. Se estudia la construcci\u00f3n de im\u00e1genes reducidas especialmente con diferentes tipos de im\u00e1genes del v\u00eddo mpeg.  las im\u00e1genes reducidas se llaman im\u00e1genes dc. Tales im\u00e1genes, enormemente reducidas en tama\u00f1o, capturan importantes caracter\u00edsticas globales de las im\u00e1genes completas y son \u00fatiles para muchos prop\u00f3sitos del an\u00e1lisis. Despu\u00e9s de analizar los m\u00e9todos cl\u00e1sicos propuestos por otros autores para la segmentaci\u00f3n temporal del v\u00eddeo digital, se presenta m\u00e9todos novedosos para el indexado del v\u00eddeo digital. Los algoritmos propuestos se estudian anal\u00edtica y experimentalmente. se explora tambi\u00e9n la precisi\u00f3n, limitaciones y complejidad de estos algoritmos.  por \u00falti<\/p>\n<p>&nbsp;<\/p>\n<h3>Datos acad\u00e9micos de la tesis doctoral \u00ab<strong>An\u00e1lisis de secuencias de im\u00e1genes en el dominio comprimido. aportaciones a los mapas autoorganizativos para el aprendizaje temporal<\/strong>\u00ab<\/h3>\n<ul>\n<li><strong>T\u00edtulo de la tesis:<\/strong>\u00a0 An\u00e1lisis de secuencias de im\u00e1genes en el dominio comprimido. aportaciones a los mapas autoorganizativos para el aprendizaje temporal <\/li>\n<li><strong>Autor:<\/strong>\u00a0 Arnaldo Cordeiro Machado <\/li>\n<li><strong>Universidad:<\/strong>\u00a0 Polit\u00e9cnica de Madrid<\/li>\n<li><strong>Fecha de lectura de la tesis:<\/strong>\u00a0 16\/07\/2001<\/li>\n<\/ul>\n<p>&nbsp;<\/p>\n<h3>Direcci\u00f3n y tribunal<\/h3>\n<ul>\n<li><strong>Director de la tesis<\/strong>\n<ul>\n<li>Pascual Campoy Cervera<\/li>\n<\/ul>\n<\/li>\n<li><strong>Tribunal<\/strong>\n<ul>\n<li>Presidente del tribunal: rafael Aracil santonja <\/li>\n<li>Rafael Ramos d\u00edaz (vocal)<\/li>\n<li>Jos\u00e9 Mira mira (vocal)<\/li>\n<li>oscar Reinoso (vocal)<\/li>\n<\/ul>\n<\/li>\n<\/ul>\n<p>&nbsp;<\/p>\n","protected":false},"excerpt":{"rendered":"<p>Tesis doctoral de Arnaldo Cordeiro Machado La caracterizaci\u00f3n y reconocimiento de patrones temporales han constituido tradicionalmente un problema desafiante para [&hellip;]<\/p>\n","protected":false},"author":1,"featured_media":0,"comment_status":"open","ping_status":"open","sticky":false,"template":"","format":"standard","meta":{"site-sidebar-layout":"default","site-content-layout":"","ast-site-content-layout":"","site-content-style":"default","site-sidebar-style":"default","ast-global-header-display":"","ast-banner-title-visibility":"","ast-main-header-display":"","ast-hfb-above-header-display":"","ast-hfb-below-header-display":"","ast-hfb-mobile-header-display":"","site-post-title":"","ast-breadcrumbs-content":"","ast-featured-img":"","footer-sml-layout":"","theme-transparent-header-meta":"","adv-header-id-meta":"","stick-header-meta":"","header-above-stick-meta":"","header-main-stick-meta":"","header-below-stick-meta":"","astra-migrate-meta-layouts":"default","ast-page-background-enabled":"default","ast-page-background-meta":{"desktop":{"background-color":"var(--ast-global-color-4)","background-image":"","background-repeat":"repeat","background-position":"center center","background-size":"auto","background-attachment":"scroll","background-type":"","background-media":"","overlay-type":"","overlay-color":"","overlay-gradient":""},"tablet":{"background-color":"","background-image":"","background-repeat":"repeat","background-position":"center center","background-size":"auto","background-attachment":"scroll","background-type":"","background-media":"","overlay-type":"","overlay-color":"","overlay-gradient":""},"mobile":{"background-color":"","background-image":"","background-repeat":"repeat","background-position":"center center","background-size":"auto","background-attachment":"scroll","background-type":"","background-media":"","overlay-type":"","overlay-color":"","overlay-gradient":""}},"ast-content-background-meta":{"desktop":{"background-color":"var(--ast-global-color-5)","background-image":"","background-repeat":"repeat","background-position":"center center","background-size":"auto","background-attachment":"scroll","background-type":"","background-media":"","overlay-type":"","overlay-color":"","overlay-gradient":""},"tablet":{"background-color":"var(--ast-global-color-5)","background-image":"","background-repeat":"repeat","background-position":"center center","background-size":"auto","background-attachment":"scroll","background-type":"","background-media":"","overlay-type":"","overlay-color":"","overlay-gradient":""},"mobile":{"background-color":"var(--ast-global-color-5)","background-image":"","background-repeat":"repeat","background-position":"center center","background-size":"auto","background-attachment":"scroll","background-type":"","background-media":"","overlay-type":"","overlay-color":"","overlay-gradient":""}},"footnotes":""},"categories":[1890,332,15966,2528,126,16008,8967,2535],"tags":[40356,2531,40359,40357,19315,40358],"class_list":["post-12332","post","type-post","status-publish","format-standard","hentry","category-ciencia-de-los-ordenadores","category-ciencias-tecnologicas","category-computacion-digital","category-inteligencia-artificial","category-matematicas","category-politecnica-de-madrid","category-sistemas-en-tiempo-real","category-tecnologia-de-los-ordenadores","tag-arnaldo-cordeiro-machado","tag-jose-mira-mira","tag-oscar-reinoso","tag-pascual-campoy-cervera","tag-rafael-aracil-santonja","tag-rafael-ramos-diaz"],"_links":{"self":[{"href":"https:\/\/www.deberes.net\/tesis\/wp-json\/wp\/v2\/posts\/12332","targetHints":{"allow":["GET"]}}],"collection":[{"href":"https:\/\/www.deberes.net\/tesis\/wp-json\/wp\/v2\/posts"}],"about":[{"href":"https:\/\/www.deberes.net\/tesis\/wp-json\/wp\/v2\/types\/post"}],"author":[{"embeddable":true,"href":"https:\/\/www.deberes.net\/tesis\/wp-json\/wp\/v2\/users\/1"}],"replies":[{"embeddable":true,"href":"https:\/\/www.deberes.net\/tesis\/wp-json\/wp\/v2\/comments?post=12332"}],"version-history":[{"count":0,"href":"https:\/\/www.deberes.net\/tesis\/wp-json\/wp\/v2\/posts\/12332\/revisions"}],"wp:attachment":[{"href":"https:\/\/www.deberes.net\/tesis\/wp-json\/wp\/v2\/media?parent=12332"}],"wp:term":[{"taxonomy":"category","embeddable":true,"href":"https:\/\/www.deberes.net\/tesis\/wp-json\/wp\/v2\/categories?post=12332"},{"taxonomy":"post_tag","embeddable":true,"href":"https:\/\/www.deberes.net\/tesis\/wp-json\/wp\/v2\/tags?post=12332"}],"curies":[{"name":"wp","href":"https:\/\/api.w.org\/{rel}","templated":true}]}}