{"id":123520,"date":"2025-03-01T12:18:58","date_gmt":"2025-03-01T12:18:58","guid":{"rendered":"https:\/\/www.deberes.net\/tesis\/sin-categoria\/distribucion-y-metabolismo-in-vitro-del-acido-indolil-3-acetico-en-relacion-con-el-crecimiento-de-hipocotilos-de-lupinus-albus\/"},"modified":"2025-03-01T12:18:58","modified_gmt":"2025-03-01T12:18:58","slug":"distribucion-y-metabolismo-in-vitro-del-acido-indolil-3-acetico-en-relacion-con-el-crecimiento-de-hipocotilos-de-lupinus-albus","status":"publish","type":"post","link":"https:\/\/www.deberes.net\/tesis\/ciencias-de-la-vida\/distribucion-y-metabolismo-in-vitro-del-acido-indolil-3-acetico-en-relacion-con-el-crecimiento-de-hipocotilos-de-lupinus-albus\/","title":{"rendered":"Distribucion y metabolismo  in vitro  del acido indolil-3-acetico en relacion con el crecimiento de hipocotilos de lupinus albus."},"content":{"rendered":"<h2>Tesis doctoral de <strong> Ana Mar\u00eda Ortu\u00f1o Tomas <\/strong><\/h2>\n<p>&nbsp;<\/p>\n<h3>Datos acad\u00e9micos de la tesis doctoral \u00ab<strong>Distribucion y metabolismo  in vitro  del acido indolil-3-acetico en relacion con el crecimiento de hipocotilos de lupinus albus.<\/strong>\u00ab<\/h3>\n<ul>\n<li><strong>T\u00edtulo de la tesis:<\/strong>\u00a0 Distribucion y metabolismo  in vitro  del acido indolil-3-acetico en relacion con el crecimiento de hipocotilos de lupinus albus. <\/li>\n<li><strong>Autor:<\/strong>\u00a0 Ana Mar\u00eda Ortu\u00f1o Tomas <\/li>\n<li><strong>Universidad:<\/strong>\u00a0 Murcia<\/li>\n<li><strong>Fecha de lectura de la tesis:<\/strong>\u00a0 01\/01\/1987<\/li>\n<\/ul>\n<p>&nbsp;<\/p>\n<h3>Direcci\u00f3n y tribunal<\/h3>\n<ul>\n<li><strong>Director de la tesis<\/strong>\n<ul>\n<li> <\/li>\n<\/ul>\n<\/li>\n<li><strong>Tribunal<\/strong>\n<ul>\n<li>Presidente del tribunal:  Lozano Teruel Jos\u00e9 Antonio <\/li>\n<li>Jos\u00e9 Luis Guardiola Barcena (vocal)<\/li>\n<li>Francisco Sabater Garcia (vocal)<\/li>\n<li>Jos\u00e9 Luis Garc\u00eda Mart\u00ednez (vocal)<\/li>\n<\/ul>\n<\/li>\n<\/ul>\n<p>&nbsp;<\/p>\n","protected":false},"excerpt":{"rendered":"<p>Tesis doctoral de Ana Mar\u00eda Ortu\u00f1o Tomas &nbsp; Datos acad\u00e9micos de la tesis doctoral \u00abDistribucion y metabolismo in vitro del [&hellip;]<\/p>\n","protected":false},"author":1,"featured_media":0,"comment_status":"open","ping_status":"open","sticky":false,"template":"","format":"standard","meta":{"site-sidebar-layout":"default","site-content-layout":"","ast-site-content-layout":"","site-content-style":"default","site-sidebar-style":"default","ast-global-header-display":"","ast-banner-title-visibility":"","ast-main-header-display":"","ast-hfb-above-header-display":"","ast-hfb-below-header-display":"","ast-hfb-mobile-header-display":"","site-post-title":"","ast-breadcrumbs-content":"","ast-featured-img":"","footer-sml-layout":"","theme-transparent-header-meta":"","adv-header-id-meta":"","stick-header-meta":"","header-above-stick-meta":"","header-main-stick-meta":"","header-below-stick-meta":"","astra-migrate-meta-layouts":"default","ast-page-background-enabled":"default","ast-page-background-meta":{"desktop":{"background-color":"var(--ast-global-color-4)","background-image":"","background-repeat":"repeat","background-position":"center center","background-size":"auto","background-attachment":"scroll","background-type":"","background-media":"","overlay-type":"","overlay-color":"","overlay-gradient":""},"tablet":{"background-color":"","background-image":"","background-repeat":"repeat","background-position":"center center","background-size":"auto","background-attachment":"scroll","background-type":"","background-media":"","overlay-type":"","overlay-color":"","overlay-gradient":""},"mobile":{"background-color":"","background-image":"","background-repeat":"repeat","background-position":"center center","background-size":"auto","background-attachment":"scroll","background-type":"","background-media":"","overlay-type":"","overlay-color":"","overlay-gradient":""}},"ast-content-background-meta":{"desktop":{"background-color":"var(--ast-global-color-5)","background-image":"","background-repeat":"repeat","background-position":"center center","background-size":"auto","background-attachment":"scroll","background-type":"","background-media":"","overlay-type":"","overlay-color":"","overlay-gradient":""},"tablet":{"background-color":"var(--ast-global-color-5)","background-image":"","background-repeat":"repeat","background-position":"center center","background-size":"auto","background-attachment":"scroll","background-type":"","background-media":"","overlay-type":"","overlay-color":"","overlay-gradient":""},"mobile":{"background-color":"var(--ast-global-color-5)","background-image":"","background-repeat":"repeat","background-position":"center center","background-size":"auto","background-attachment":"scroll","background-type":"","background-media":"","overlay-type":"","overlay-color":"","overlay-gradient":""}},"footnotes":""},"categories":[972,494,35,13894,8235,1769,11550],"tags":[38655,8395,46981,57735,8312],"class_list":["post-123520","post","type-post","status-publish","format-standard","hentry","category-botanica","category-ciencias-agrarias","category-ciencias-de-la-vida","category-desarrollo-vegetal","category-murcia","category-quimica-agricola","category-reguladores-del-crecimiento-de-las-plantas","tag-ana-maria-ortuno-tomas","tag-francisco-sabater-garcia","tag-jose-luis-garcia-Martinez","tag-jose-luis-guardiola-barcena","tag-lozano-teruel-jose-antonio"],"_links":{"self":[{"href":"https:\/\/www.deberes.net\/tesis\/wp-json\/wp\/v2\/posts\/123520","targetHints":{"allow":["GET"]}}],"collection":[{"href":"https:\/\/www.deberes.net\/tesis\/wp-json\/wp\/v2\/posts"}],"about":[{"href":"https:\/\/www.deberes.net\/tesis\/wp-json\/wp\/v2\/types\/post"}],"author":[{"embeddable":true,"href":"https:\/\/www.deberes.net\/tesis\/wp-json\/wp\/v2\/users\/1"}],"replies":[{"embeddable":true,"href":"https:\/\/www.deberes.net\/tesis\/wp-json\/wp\/v2\/comments?post=123520"}],"version-history":[{"count":0,"href":"https:\/\/www.deberes.net\/tesis\/wp-json\/wp\/v2\/posts\/123520\/revisions"}],"wp:attachment":[{"href":"https:\/\/www.deberes.net\/tesis\/wp-json\/wp\/v2\/media?parent=123520"}],"wp:term":[{"taxonomy":"category","embeddable":true,"href":"https:\/\/www.deberes.net\/tesis\/wp-json\/wp\/v2\/categories?post=123520"},{"taxonomy":"post_tag","embeddable":true,"href":"https:\/\/www.deberes.net\/tesis\/wp-json\/wp\/v2\/tags?post=123520"}],"curies":[{"name":"wp","href":"https:\/\/api.w.org\/{rel}","templated":true}]}}