{"id":12376,"date":"2018-03-09T08:58:12","date_gmt":"2018-03-09T08:58:12","guid":{"rendered":"https:\/\/www.deberes.net\/tesis\/sin-categoria\/integracion-fonetica-en-silabas-fricativa-vocal\/"},"modified":"2018-03-09T08:58:12","modified_gmt":"2018-03-09T08:58:12","slug":"integracion-fonetica-en-silabas-fricativa-vocal","status":"publish","type":"post","link":"https:\/\/www.deberes.net\/tesis\/fisica\/integracion-fonetica-en-silabas-fricativa-vocal\/","title":{"rendered":"Integracion fonetica en silabas fricativa-vocal"},"content":{"rendered":"<h2>Tesis doctoral de <strong> Santiago Fernandez Lopez <\/strong><\/h2>\n<p>Los oyentes identificamos con mayor claridad y precision los fonemas que forman parte de una silaba fricativa-vocal cuando disponemos del segmento completo con respecto al caso en que solo nos es presentado el segmento aislado correspondiente a la categoria fonetica a identificar. Este fenomeno se conoce con el nombre de integracion fonetica. El interes practico que nos impulsa a estudiar su naturaleza es la posibilidad de reproducir dicho proceso de integraci\u00f3n con el objetivo de mejorar los sistemas de reconocimiento autom\u00e1tico existentes.  actualmente, no hay una explicacion satisfactoria del proceso de integraci\u00f3n fonetica. Sin embargo, han sido planteadas diferentes hipotesis al respecto. varias de estas hipotesis proponen que el sistema auditivo eval\u00faa cada uno de los segmentos acusticos correspondientes a cada categoria fonetica, y posteriormente, se integra la contribuci\u00f3n de cada uno a la identidad del fonema a identificar. Otra de las hipotesis propone que ambos segmentos son evaluados de forma conjunta, realizandose la integracion de la informaci\u00f3n acustica en el nervio auditivo.  en la primera parte de esta tesis, analizamos qu\u00e9 propiedades ac\u00fasticas de fricativas y vocales resultan relevantes a nivel perceptual. Examinamos tambien la naturaleza del proceso integrador mediante diferentes experimentos de percepci\u00f3n sobre la naturaleza de la interacci\u00f3n entre el segmento fricativo y el segmento voc\u00e1lico. En base a los resultados obtenidos concluimos que la hip\u00f3tesis que ofrece una explicacion mas satisfactoria de los resultados es aquella que propone que la evaluaci\u00f3n de ambos segmentos se realiza de forma conjunta.  en base a la evaluaci\u00f3n de las diferentes hipotesis proponemos, en la segunda parte de la tesis, varios modelos de integraci\u00f3n cuyo objetivo es reproducir, a partir de la se\u00f1al acustica el proceso de integraci\u00f3n y, en definitiva, la identificaci\u00f3n de las fricativas en silabas fricativa-vocal. lo<\/p>\n<p>&nbsp;<\/p>\n<h3>Datos acad\u00e9micos de la tesis doctoral \u00ab<strong>Integracion fonetica en silabas fricativa-vocal<\/strong>\u00ab<\/h3>\n<ul>\n<li><strong>T\u00edtulo de la tesis:<\/strong>\u00a0 Integracion fonetica en silabas fricativa-vocal <\/li>\n<li><strong>Autor:<\/strong>\u00a0 Santiago Fernandez Lopez <\/li>\n<li><strong>Universidad:<\/strong>\u00a0 Santiago de compostela<\/li>\n<li><strong>Fecha de lectura de la tesis:<\/strong>\u00a0 18\/07\/2001<\/li>\n<\/ul>\n<p>&nbsp;<\/p>\n<h3>Direcci\u00f3n y tribunal<\/h3>\n<ul>\n<li><strong>Director de la tesis<\/strong>\n<ul>\n<li>Sergio Feijoo Juarros<\/li>\n<\/ul>\n<\/li>\n<li><strong>Tribunal<\/strong>\n<ul>\n<li>Presidente del tribunal: daniel Recasens vives <\/li>\n<li>carmen Garc\u00eda mateo (vocal)<\/li>\n<li>Jos\u00e9 bernardo Mari\u00f1o acebal (vocal)<\/li>\n<li>eduardo Rodr\u00edguez banga (vocal)<\/li>\n<\/ul>\n<\/li>\n<\/ul>\n<p>&nbsp;<\/p>\n","protected":false},"excerpt":{"rendered":"<p>Tesis doctoral de Santiago Fernandez Lopez Los oyentes identificamos con mayor claridad y precision los fonemas que forman parte de [&hellip;]<\/p>\n","protected":false},"author":1,"featured_media":0,"comment_status":"open","ping_status":"open","sticky":false,"template":"","format":"standard","meta":{"site-sidebar-layout":"default","site-content-layout":"","ast-site-content-layout":"","site-content-style":"default","site-sidebar-style":"default","ast-global-header-display":"","ast-banner-title-visibility":"","ast-main-header-display":"","ast-hfb-above-header-display":"","ast-hfb-below-header-display":"","ast-hfb-mobile-header-display":"","site-post-title":"","ast-breadcrumbs-content":"","ast-featured-img":"","footer-sml-layout":"","theme-transparent-header-meta":"","adv-header-id-meta":"","stick-header-meta":"","header-above-stick-meta":"","header-main-stick-meta":"","header-below-stick-meta":"","astra-migrate-meta-layouts":"default","ast-page-background-enabled":"default","ast-page-background-meta":{"desktop":{"background-color":"var(--ast-global-color-4)","background-image":"","background-repeat":"repeat","background-position":"center center","background-size":"auto","background-attachment":"scroll","background-type":"","background-media":"","overlay-type":"","overlay-color":"","overlay-gradient":""},"tablet":{"background-color":"","background-image":"","background-repeat":"repeat","background-position":"center center","background-size":"auto","background-attachment":"scroll","background-type":"","background-media":"","overlay-type":"","overlay-color":"","overlay-gradient":""},"mobile":{"background-color":"","background-image":"","background-repeat":"repeat","background-position":"center center","background-size":"auto","background-attachment":"scroll","background-type":"","background-media":"","overlay-type":"","overlay-color":"","overlay-gradient":""}},"ast-content-background-meta":{"desktop":{"background-color":"var(--ast-global-color-5)","background-image":"","background-repeat":"repeat","background-position":"center center","background-size":"auto","background-attachment":"scroll","background-type":"","background-media":"","overlay-type":"","overlay-color":"","overlay-gradient":""},"tablet":{"background-color":"var(--ast-global-color-5)","background-image":"","background-repeat":"repeat","background-position":"center center","background-size":"auto","background-attachment":"scroll","background-type":"","background-media":"","overlay-type":"","overlay-color":"","overlay-gradient":""},"mobile":{"background-color":"var(--ast-global-color-5)","background-image":"","background-repeat":"repeat","background-position":"center center","background-size":"auto","background-attachment":"scroll","background-type":"","background-media":"","overlay-type":"","overlay-color":"","overlay-gradient":""}},"footnotes":""},"categories":[5190,199,40490,977],"tags":[22108,14083,40492,17031,19944,40491],"class_list":["post-12376","post","type-post","status-publish","format-standard","hentry","category-acustica","category-fisica","category-fisica-de-la-audicion","category-santiago-de-compostela","tag-carmen-garcia-mateo","tag-daniel-recasens-vives","tag-eduardo-rodriguez-banga","tag-jose-bernardo-marino-acebal","tag-santiago-fernandez-lopez","tag-sergio-feijoo-juarros"],"_links":{"self":[{"href":"https:\/\/www.deberes.net\/tesis\/wp-json\/wp\/v2\/posts\/12376","targetHints":{"allow":["GET"]}}],"collection":[{"href":"https:\/\/www.deberes.net\/tesis\/wp-json\/wp\/v2\/posts"}],"about":[{"href":"https:\/\/www.deberes.net\/tesis\/wp-json\/wp\/v2\/types\/post"}],"author":[{"embeddable":true,"href":"https:\/\/www.deberes.net\/tesis\/wp-json\/wp\/v2\/users\/1"}],"replies":[{"embeddable":true,"href":"https:\/\/www.deberes.net\/tesis\/wp-json\/wp\/v2\/comments?post=12376"}],"version-history":[{"count":0,"href":"https:\/\/www.deberes.net\/tesis\/wp-json\/wp\/v2\/posts\/12376\/revisions"}],"wp:attachment":[{"href":"https:\/\/www.deberes.net\/tesis\/wp-json\/wp\/v2\/media?parent=12376"}],"wp:term":[{"taxonomy":"category","embeddable":true,"href":"https:\/\/www.deberes.net\/tesis\/wp-json\/wp\/v2\/categories?post=12376"},{"taxonomy":"post_tag","embeddable":true,"href":"https:\/\/www.deberes.net\/tesis\/wp-json\/wp\/v2\/tags?post=12376"}],"curies":[{"name":"wp","href":"https:\/\/api.w.org\/{rel}","templated":true}]}}