{"id":12404,"date":"2018-03-09T08:58:15","date_gmt":"2018-03-09T08:58:15","guid":{"rendered":"https:\/\/www.deberes.net\/tesis\/sin-categoria\/estudio-sobre-el-desarrollo-somatico-y-neurosensorial-del-recien-nacido-de-alto-riesgo-analisis-del-test-de-brunet-lezine-como-predictor-del-desarrollo\/"},"modified":"2018-03-09T08:58:15","modified_gmt":"2018-03-09T08:58:15","slug":"estudio-sobre-el-desarrollo-somatico-y-neurosensorial-del-recien-nacido-de-alto-riesgo-analisis-del-test-de-brunet-lezine-como-predictor-del-desarrollo","status":"publish","type":"post","link":"https:\/\/www.deberes.net\/tesis\/ciencias-de-la-vida\/estudio-sobre-el-desarrollo-somatico-y-neurosensorial-del-recien-nacido-de-alto-riesgo-analisis-del-test-de-brunet-lezine-como-predictor-del-desarrollo\/","title":{"rendered":"Estudio sobre el desarrollo somatico y neurosensorial del recien nacido de alto riesgo. analisis del test de brunet-lezine como predictor del desarrollo."},"content":{"rendered":"<h2>Tesis doctoral de <strong>  Salvatierra Cuenca M. Teresa <\/strong><\/h2>\n<p>Los objetivos fueron conocer la evoluci\u00f3n del desarrollo somatico y neurosensorial de los recien nacidos que precisaron ingreso un icin desde el a\u00f1o 1991 a 1995 y validar el test de desarrollo de brunet-lezina(bl).  pacientes y metodos: se realiz\u00f3 un estudio de seguimiento prospectivo a 492 rn ingresados en la ucin del hospital clinico s. Cecilio de granada. para la validacion del test de bl, se incluyeron 116 ni\u00f1os y a los 5 a\u00f1os, 58 ni\u00f1os que acudieron a la revision de los 5 a\u00f1os. A este grupo se les evalu\u00f3 tambi\u00e9n con la escala de desarrollo psicomotor de mccarthy, el test de dibujo de goodenough y el test perceptivo-grafomotor de bender. Como metodo estadistico se uso el spss; para el analisis de las variables cuantitativas, la prueba exacta de fisher. Para la validez interna del test de bl se empleo el analisis de la sensibilidad, especificidad, valor predictivo positivo y valor predictivo negativo. En todas las pruebas se considero un nivel de significacion estadistica del 95%. Tras el analisis de los resultados se obtuvieron las siguientes conclusiones:  las tablas para la evaluacion de los rn de lubchenco, continuan vigentes en nuestra poblacion. Los recien nacidos que precisaron ingreso en ucin tienen un crecimiento somatico mas lento que los rn normales, especialmente los menores de 1500 grs.  las alteraciones neurologicas o retrasos en la evaluacion mediante el test de bl fueron el 10,5%.  el test de bl es un instrumento poco sensible para detectar patolog\u00eda, pero muy especifico para evidenciar el desarrollo normal, por lo que puede ser usado como cribaje para evaluar a los ni\u00f1os de alto riesgo. Entre los ni\u00f1os que acudieron a revision a los 5 a\u00f1os, se evidencia un 32% de alteraciones en el desarrollo, especialmente en el area del lenguaje, memoria y capacidad numerica y en la coordinacion grafomotriz. Y que cualquier ni\u00f1o que obtenga puntuaciones bajas en el test de bl en la primera infancia, debe ser evaluado<\/p>\n<p>&nbsp;<\/p>\n<h3>Datos acad\u00e9micos de la tesis doctoral \u00ab<strong>Estudio sobre el desarrollo somatico y neurosensorial del recien nacido de alto riesgo. analisis del test de brunet-lezine como predictor del desarrollo.<\/strong>\u00ab<\/h3>\n<ul>\n<li><strong>T\u00edtulo de la tesis:<\/strong>\u00a0 Estudio sobre el desarrollo somatico y neurosensorial del recien nacido de alto riesgo. analisis del test de brunet-lezine como predictor del desarrollo. <\/li>\n<li><strong>Autor:<\/strong>\u00a0  Salvatierra Cuenca M. Teresa <\/li>\n<li><strong>Universidad:<\/strong>\u00a0 Granada<\/li>\n<li><strong>Fecha de lectura de la tesis:<\/strong>\u00a0 19\/07\/2001<\/li>\n<\/ul>\n<p>&nbsp;<\/p>\n<h3>Direcci\u00f3n y tribunal<\/h3>\n<ul>\n<li><strong>Director de la tesis<\/strong>\n<ul>\n<li>Concepcion Roblez Vizcaino<\/li>\n<\/ul>\n<\/li>\n<li><strong>Tribunal<\/strong>\n<ul>\n<li>Presidente del tribunal: Juan  Antonio Molina font <\/li>\n<li>Antonio Aguado diaz (vocal)<\/li>\n<li>Miguel Perez garcia (vocal)<\/li>\n<li>custodio Calvo mac\u00edas (vocal)<\/li>\n<\/ul>\n<\/li>\n<\/ul>\n<p>&nbsp;<\/p>\n","protected":false},"excerpt":{"rendered":"<p>Tesis doctoral de Salvatierra Cuenca M. Teresa Los objetivos fueron conocer la evoluci\u00f3n del desarrollo somatico y neurosensorial de los [&hellip;]<\/p>\n","protected":false},"author":1,"featured_media":0,"comment_status":"open","ping_status":"open","sticky":false,"template":"","format":"standard","meta":{"site-sidebar-layout":"default","site-content-layout":"","ast-site-content-layout":"","site-content-style":"default","site-sidebar-style":"default","ast-global-header-display":"","ast-banner-title-visibility":"","ast-main-header-display":"","ast-hfb-above-header-display":"","ast-hfb-below-header-display":"","ast-hfb-mobile-header-display":"","site-post-title":"","ast-breadcrumbs-content":"","ast-featured-img":"","footer-sml-layout":"","theme-transparent-header-meta":"","adv-header-id-meta":"","stick-header-meta":"","header-above-stick-meta":"","header-main-stick-meta":"","header-below-stick-meta":"","astra-migrate-meta-layouts":"default","ast-page-background-enabled":"default","ast-page-background-meta":{"desktop":{"background-color":"var(--ast-global-color-4)","background-image":"","background-repeat":"repeat","background-position":"center center","background-size":"auto","background-attachment":"scroll","background-type":"","background-media":"","overlay-type":"","overlay-color":"","overlay-gradient":""},"tablet":{"background-color":"","background-image":"","background-repeat":"repeat","background-position":"center center","background-size":"auto","background-attachment":"scroll","background-type":"","background-media":"","overlay-type":"","overlay-color":"","overlay-gradient":""},"mobile":{"background-color":"","background-image":"","background-repeat":"repeat","background-position":"center center","background-size":"auto","background-attachment":"scroll","background-type":"","background-media":"","overlay-type":"","overlay-color":"","overlay-gradient":""}},"ast-content-background-meta":{"desktop":{"background-color":"var(--ast-global-color-5)","background-image":"","background-repeat":"repeat","background-position":"center center","background-size":"auto","background-attachment":"scroll","background-type":"","background-media":"","overlay-type":"","overlay-color":"","overlay-gradient":""},"tablet":{"background-color":"var(--ast-global-color-5)","background-image":"","background-repeat":"repeat","background-position":"center center","background-size":"auto","background-attachment":"scroll","background-type":"","background-media":"","overlay-type":"","overlay-color":"","overlay-gradient":""},"mobile":{"background-color":"var(--ast-global-color-5)","background-image":"","background-repeat":"repeat","background-position":"center center","background-size":"auto","background-attachment":"scroll","background-type":"","background-media":"","overlay-type":"","overlay-color":"","overlay-gradient":""}},"footnotes":""},"categories":[212,35,6354],"tags":[9416,40564,20934,3662,22256,40563],"class_list":["post-12404","post","type-post","status-publish","format-standard","hentry","category-biologia-humana","category-ciencias-de-la-vida","category-desarrollo-humano","tag-antonio-aguado-diaz","tag-concepcion-roblez-vizcaino","tag-custodio-calvo-macias","tag-juan-antonio-molina-font","tag-miguel-perez-garcia","tag-salvatierra-cuenca-m-teresa"],"_links":{"self":[{"href":"https:\/\/www.deberes.net\/tesis\/wp-json\/wp\/v2\/posts\/12404","targetHints":{"allow":["GET"]}}],"collection":[{"href":"https:\/\/www.deberes.net\/tesis\/wp-json\/wp\/v2\/posts"}],"about":[{"href":"https:\/\/www.deberes.net\/tesis\/wp-json\/wp\/v2\/types\/post"}],"author":[{"embeddable":true,"href":"https:\/\/www.deberes.net\/tesis\/wp-json\/wp\/v2\/users\/1"}],"replies":[{"embeddable":true,"href":"https:\/\/www.deberes.net\/tesis\/wp-json\/wp\/v2\/comments?post=12404"}],"version-history":[{"count":0,"href":"https:\/\/www.deberes.net\/tesis\/wp-json\/wp\/v2\/posts\/12404\/revisions"}],"wp:attachment":[{"href":"https:\/\/www.deberes.net\/tesis\/wp-json\/wp\/v2\/media?parent=12404"}],"wp:term":[{"taxonomy":"category","embeddable":true,"href":"https:\/\/www.deberes.net\/tesis\/wp-json\/wp\/v2\/categories?post=12404"},{"taxonomy":"post_tag","embeddable":true,"href":"https:\/\/www.deberes.net\/tesis\/wp-json\/wp\/v2\/tags?post=12404"}],"curies":[{"name":"wp","href":"https:\/\/api.w.org\/{rel}","templated":true}]}}