{"id":124145,"date":"2025-06-14T03:00:22","date_gmt":"2025-06-14T03:00:22","guid":{"rendered":"https:\/\/www.deberes.net\/tesis\/sin-categoria\/contribucion-al-estudio-de-los-esquemas-sintactico-semanticos-del-adjetivo-calificativo-en-espanol-la-clasificacion-semantica-del-adjetivo-calificativo\/"},"modified":"2025-06-14T03:00:22","modified_gmt":"2025-06-14T03:00:22","slug":"contribucion-al-estudio-de-los-esquemas-sintactico-semanticos-del-adjetivo-calificativo-en-espanol-la-clasificacion-semantica-del-adjetivo-calificativo","status":"publish","type":"post","link":"https:\/\/www.deberes.net\/tesis\/linguistica\/contribucion-al-estudio-de-los-esquemas-sintactico-semanticos-del-adjetivo-calificativo-en-espanol-la-clasificacion-semantica-del-adjetivo-calificativo\/","title":{"rendered":"Contribucion al estudio de los esquemas sintactico-semanticos del adjetivo calificativo en espa\u00f1ol. (la clasificacion semantica del adjetivo calificativo) ."},"content":{"rendered":"<h2>Tesis doctoral de <strong> Inmaculada Penad\u00e9s Mart\u00ednez <\/strong><\/h2>\n<p>&nbsp;<\/p>\n<h3>Datos acad\u00e9micos de la tesis doctoral \u00ab<strong>Contribucion al estudio de los esquemas sintactico-semanticos del adjetivo calificativo en espa\u00f1ol. (la clasificacion semantica del adjetivo calificativo) .<\/strong>\u00ab<\/h3>\n<ul>\n<li><strong>T\u00edtulo de la tesis:<\/strong>\u00a0 Contribucion al estudio de los esquemas sintactico-semanticos del adjetivo calificativo en espa\u00f1ol. (la clasificacion semantica del adjetivo calificativo) . <\/li>\n<li><strong>Autor:<\/strong>\u00a0 Inmaculada Penad\u00e9s Mart\u00ednez <\/li>\n<li><strong>Universidad:<\/strong>\u00a0 Universitat de val\u00e9ncia (estudi general)<\/li>\n<li><strong>Fecha de lectura de la tesis:<\/strong>\u00a0 01\/01\/1987<\/li>\n<\/ul>\n<p>&nbsp;<\/p>\n<h3>Direcci\u00f3n y tribunal<\/h3>\n<ul>\n<li><strong>Director de la tesis<\/strong>\n<ul>\n<li> <\/li>\n<\/ul>\n<\/li>\n<li><strong>Tribunal<\/strong>\n<ul>\n<li>Presidente del tribunal:  Martin Zorraquino  Mar\u00eda  Antonia <\/li>\n<li>Valerio Baez Sanjose (vocal)<\/li>\n<li>Emilio Ridruejo Alonso (vocal)<\/li>\n<li>Ignacio Bosque Mu\u00f1oz (vocal)<\/li>\n<\/ul>\n<\/li>\n<\/ul>\n<p>&nbsp;<\/p>\n","protected":false},"excerpt":{"rendered":"<p>Tesis doctoral de Inmaculada Penad\u00e9s Mart\u00ednez &nbsp; Datos acad\u00e9micos de la tesis doctoral \u00abContribucion al estudio de los esquemas sintactico-semanticos [&hellip;]<\/p>\n","protected":false},"author":1,"featured_media":0,"comment_status":"open","ping_status":"open","sticky":false,"template":"","format":"standard","meta":{"site-sidebar-layout":"default","site-content-layout":"","ast-site-content-layout":"","site-content-style":"default","site-sidebar-style":"default","ast-global-header-display":"","ast-banner-title-visibility":"","ast-main-header-display":"","ast-hfb-above-header-display":"","ast-hfb-below-header-display":"","ast-hfb-mobile-header-display":"","site-post-title":"","ast-breadcrumbs-content":"","ast-featured-img":"","footer-sml-layout":"","theme-transparent-header-meta":"","adv-header-id-meta":"","stick-header-meta":"","header-above-stick-meta":"","header-main-stick-meta":"","header-below-stick-meta":"","astra-migrate-meta-layouts":"default","ast-page-background-enabled":"default","ast-page-background-meta":{"desktop":{"background-color":"var(--ast-global-color-4)","background-image":"","background-repeat":"repeat","background-position":"center center","background-size":"auto","background-attachment":"scroll","background-type":"","background-media":"","overlay-type":"","overlay-color":"","overlay-gradient":""},"tablet":{"background-color":"","background-image":"","background-repeat":"repeat","background-position":"center center","background-size":"auto","background-attachment":"scroll","background-type":"","background-media":"","overlay-type":"","overlay-color":"","overlay-gradient":""},"mobile":{"background-color":"","background-image":"","background-repeat":"repeat","background-position":"center center","background-size":"auto","background-attachment":"scroll","background-type":"","background-media":"","overlay-type":"","overlay-color":"","overlay-gradient":""}},"ast-content-background-meta":{"desktop":{"background-color":"var(--ast-global-color-5)","background-image":"","background-repeat":"repeat","background-position":"center center","background-size":"auto","background-attachment":"scroll","background-type":"","background-media":"","overlay-type":"","overlay-color":"","overlay-gradient":""},"tablet":{"background-color":"var(--ast-global-color-5)","background-image":"","background-repeat":"repeat","background-position":"center center","background-size":"auto","background-attachment":"scroll","background-type":"","background-media":"","overlay-type":"","overlay-color":"","overlay-gradient":""},"mobile":{"background-color":"var(--ast-global-color-5)","background-image":"","background-repeat":"repeat","background-position":"center center","background-size":"auto","background-attachment":"scroll","background-type":"","background-media":"","overlay-type":"","overlay-color":"","overlay-gradient":""}},"footnotes":""},"categories":[59,62,409],"tags":[12598,2543,1518,37782,1514],"class_list":["post-124145","post","type-post","status-publish","format-standard","hentry","category-linguistica","category-linguistica-sincronica","category-sintaxis-y-analisis-sintactico","tag-emilio-ridruejo-alonso","tag-ignacio-bosque-munoz","tag-inmaculada-penades-Martinez","tag-martin-zorraquino-maria-antonia","tag-valerio-baez-sanjose"],"_links":{"self":[{"href":"https:\/\/www.deberes.net\/tesis\/wp-json\/wp\/v2\/posts\/124145","targetHints":{"allow":["GET"]}}],"collection":[{"href":"https:\/\/www.deberes.net\/tesis\/wp-json\/wp\/v2\/posts"}],"about":[{"href":"https:\/\/www.deberes.net\/tesis\/wp-json\/wp\/v2\/types\/post"}],"author":[{"embeddable":true,"href":"https:\/\/www.deberes.net\/tesis\/wp-json\/wp\/v2\/users\/1"}],"replies":[{"embeddable":true,"href":"https:\/\/www.deberes.net\/tesis\/wp-json\/wp\/v2\/comments?post=124145"}],"version-history":[{"count":0,"href":"https:\/\/www.deberes.net\/tesis\/wp-json\/wp\/v2\/posts\/124145\/revisions"}],"wp:attachment":[{"href":"https:\/\/www.deberes.net\/tesis\/wp-json\/wp\/v2\/media?parent=124145"}],"wp:term":[{"taxonomy":"category","embeddable":true,"href":"https:\/\/www.deberes.net\/tesis\/wp-json\/wp\/v2\/categories?post=124145"},{"taxonomy":"post_tag","embeddable":true,"href":"https:\/\/www.deberes.net\/tesis\/wp-json\/wp\/v2\/tags?post=124145"}],"curies":[{"name":"wp","href":"https:\/\/api.w.org\/{rel}","templated":true}]}}