{"id":12464,"date":"2018-03-09T08:58:19","date_gmt":"2018-03-09T08:58:19","guid":{"rendered":"https:\/\/www.deberes.net\/tesis\/sin-categoria\/interaccion-entre-protea%c2%adnas-tecnicas-computacionales\/"},"modified":"2018-03-09T08:58:19","modified_gmt":"2018-03-09T08:58:19","slug":"interaccion-entre-protea%c2%adnas-tecnicas-computacionales","status":"publish","type":"post","link":"https:\/\/www.deberes.net\/tesis\/quimica\/interaccion-entre-protea%c2%adnas-tecnicas-computacionales\/","title":{"rendered":"Interacci\u00f3n entre prote\u00ednas. t\u00e9cnicas computacionales"},"content":{"rendered":"<h2>Tesis doctoral de <strong> Florencio Pazos Cabaleiro <\/strong><\/h2>\n<p>Este trabajo esta centrado en el estudio y predicci\u00f3n de la interacci\u00f3n f\u00edsica entre prote\u00ednas, aspecto esencial para explicar su funci\u00f3n, tocando tambi\u00e9n el tema, \u00edntimamente relacionado, de la predicci\u00f3n de estructura tridimensional de prote\u00ednas a partir de secuencias. Todo ello desde el punto de vista bioinform\u00e1tico, yendo desde el estudio de estos procesos, pasando por el desarrollo de algoritmos de predicci\u00f3n y llegando a la implementaci\u00f3n de estos en programas de ordenador para su distribuci\u00f3n y uso.  en predicci\u00f3n de estructura de prote\u00ednas se han desarrollado herramientas para la combinaci\u00f3n, visualizaci\u00f3n y manipulaci\u00f3n interactiva de los modelos propuestos por t\u00e9cnicas de predicci\u00f3n estructural, principalmente t\u00e9cnicas de reconocimiento de plegamiento (threading).  en predicci\u00f3n de interacci\u00f3n entre prote\u00ednas se han desarrollado sistemas capaces de predecir, partiendo de informaci\u00f3n de secuencia \u00fanicamente, parejas de prote\u00ednas interaccionantes y las regiones de las prote\u00ednas implciadas en esta interacci\u00f3n.<\/p>\n<p>&nbsp;<\/p>\n<h3>Datos acad\u00e9micos de la tesis doctoral \u00ab<strong>Interacci\u00f3n entre prote\u00ednas. t\u00e9cnicas computacionales<\/strong>\u00ab<\/h3>\n<ul>\n<li><strong>T\u00edtulo de la tesis:<\/strong>\u00a0 Interacci\u00f3n entre prote\u00ednas. t\u00e9cnicas computacionales <\/li>\n<li><strong>Autor:<\/strong>\u00a0 Florencio Pazos Cabaleiro <\/li>\n<li><strong>Universidad:<\/strong>\u00a0 Aut\u00f3noma de Madrid<\/li>\n<li><strong>Fecha de lectura de la tesis:<\/strong>\u00a0 20\/07\/2001<\/li>\n<\/ul>\n<p>&nbsp;<\/p>\n<h3>Direcci\u00f3n y tribunal<\/h3>\n<ul>\n<li><strong>Director de la tesis<\/strong>\n<ul>\n<li>Alfonso Valencia Herrera<\/li>\n<\/ul>\n<\/li>\n<li><strong>Tribunal<\/strong>\n<ul>\n<li>Presidente del tribunal: francesc xavier Avil\u00e9s puigvert <\/li>\n<li>Francisco Javier De la cruz montserrat (vocal)<\/li>\n<li>Javier Sancho sanz (vocal)<\/li>\n<li>Luis Menendez arias (vocal)<\/li>\n<\/ul>\n<\/li>\n<\/ul>\n<p>&nbsp;<\/p>\n","protected":false},"excerpt":{"rendered":"<p>Tesis doctoral de Florencio Pazos Cabaleiro Este trabajo esta centrado en el estudio y predicci\u00f3n de la interacci\u00f3n f\u00edsica entre [&hellip;]<\/p>\n","protected":false},"author":1,"featured_media":0,"comment_status":"open","ping_status":"open","sticky":false,"template":"","format":"standard","meta":{"site-sidebar-layout":"default","site-content-layout":"","ast-site-content-layout":"","site-content-style":"default","site-sidebar-style":"default","ast-global-header-display":"","ast-banner-title-visibility":"","ast-main-header-display":"","ast-hfb-above-header-display":"","ast-hfb-below-header-display":"","ast-hfb-mobile-header-display":"","site-post-title":"","ast-breadcrumbs-content":"","ast-featured-img":"","footer-sml-layout":"","theme-transparent-header-meta":"","adv-header-id-meta":"","stick-header-meta":"","header-above-stick-meta":"","header-main-stick-meta":"","header-below-stick-meta":"","astra-migrate-meta-layouts":"default","ast-page-background-enabled":"default","ast-page-background-meta":{"desktop":{"background-color":"var(--ast-global-color-4)","background-image":"","background-repeat":"repeat","background-position":"center center","background-size":"auto","background-attachment":"scroll","background-type":"","background-media":"","overlay-type":"","overlay-color":"","overlay-gradient":""},"tablet":{"background-color":"","background-image":"","background-repeat":"repeat","background-position":"center center","background-size":"auto","background-attachment":"scroll","background-type":"","background-media":"","overlay-type":"","overlay-color":"","overlay-gradient":""},"mobile":{"background-color":"","background-image":"","background-repeat":"repeat","background-position":"center center","background-size":"auto","background-attachment":"scroll","background-type":"","background-media":"","overlay-type":"","overlay-color":"","overlay-gradient":""}},"ast-content-background-meta":{"desktop":{"background-color":"var(--ast-global-color-5)","background-image":"","background-repeat":"repeat","background-position":"center center","background-size":"auto","background-attachment":"scroll","background-type":"","background-media":"","overlay-type":"","overlay-color":"","overlay-gradient":""},"tablet":{"background-color":"var(--ast-global-color-5)","background-image":"","background-repeat":"repeat","background-position":"center center","background-size":"auto","background-attachment":"scroll","background-type":"","background-media":"","overlay-type":"","overlay-color":"","overlay-gradient":""},"mobile":{"background-color":"var(--ast-global-color-5)","background-image":"","background-repeat":"repeat","background-position":"center center","background-size":"auto","background-attachment":"scroll","background-type":"","background-media":"","overlay-type":"","overlay-color":"","overlay-gradient":""}},"footnotes":""},"categories":[160,115,3178,17],"tags":[37139,40746,18820,15732,29014,40101],"class_list":["post-12464","post","type-post","status-publish","format-standard","hentry","category-bioquimica","category-bioquimica-molecular","category-proteinas","category-quimica","tag-alfonso-valencia-herrera","tag-florencio-pazos-cabaleiro","tag-francesc-xavier-aviles-puigvert","tag-francisco-javier-de-la-cruz-montserrat","tag-javier-sancho-sanz","tag-luis-menendez-arias"],"_links":{"self":[{"href":"https:\/\/www.deberes.net\/tesis\/wp-json\/wp\/v2\/posts\/12464","targetHints":{"allow":["GET"]}}],"collection":[{"href":"https:\/\/www.deberes.net\/tesis\/wp-json\/wp\/v2\/posts"}],"about":[{"href":"https:\/\/www.deberes.net\/tesis\/wp-json\/wp\/v2\/types\/post"}],"author":[{"embeddable":true,"href":"https:\/\/www.deberes.net\/tesis\/wp-json\/wp\/v2\/users\/1"}],"replies":[{"embeddable":true,"href":"https:\/\/www.deberes.net\/tesis\/wp-json\/wp\/v2\/comments?post=12464"}],"version-history":[{"count":0,"href":"https:\/\/www.deberes.net\/tesis\/wp-json\/wp\/v2\/posts\/12464\/revisions"}],"wp:attachment":[{"href":"https:\/\/www.deberes.net\/tesis\/wp-json\/wp\/v2\/media?parent=12464"}],"wp:term":[{"taxonomy":"category","embeddable":true,"href":"https:\/\/www.deberes.net\/tesis\/wp-json\/wp\/v2\/categories?post=12464"},{"taxonomy":"post_tag","embeddable":true,"href":"https:\/\/www.deberes.net\/tesis\/wp-json\/wp\/v2\/tags?post=12464"}],"curies":[{"name":"wp","href":"https:\/\/api.w.org\/{rel}","templated":true}]}}