{"id":12498,"date":"2018-03-09T08:58:22","date_gmt":"2018-03-09T08:58:22","guid":{"rendered":"https:\/\/www.deberes.net\/tesis\/sin-categoria\/a-lingua-galega-no-medio-urbanouna-bision-desde-a-macrosociolonga%c2%bca%c2%adstica\/"},"modified":"2018-03-09T08:58:22","modified_gmt":"2018-03-09T08:58:22","slug":"a-lingua-galega-no-medio-urbanouna-bision-desde-a-macrosociolonga%c2%bca%c2%adstica","status":"publish","type":"post","link":"https:\/\/www.deberes.net\/tesis\/linguistica\/a-lingua-galega-no-medio-urbanouna-bision-desde-a-macrosociolonga%c2%bca%c2%adstica\/","title":{"rendered":"A lingua galega no medio urbano:una bisi\u00f3n desde a macrosociolongu\u00edstica"},"content":{"rendered":"<h2>Tesis doctoral de <strong> Grabriel Rei-doval Grela <\/strong><\/h2>\n<p>Esta tesis describe la situaci\u00f3n del gallego en el medio urbano de galicia a finales dels iglo xx, desde una perspectiva macrosocioling\u00ed\u00bcistica y utilizando una metodolog\u00eda de corte cuantitativo, a apartir de una muestra proporcional de 8106 individuos  residentes en las siete ciudades gallegas.  a lo largo de sus doce cap\u00edtulos se analizan, en relaci\u00f3n con los procesos de mantenimiento y substituci\u00f3n ling\u00ed\u00bc\u00edstica, la lengua inicial y el \u00e1mbito de adquisici\u00f3n del gallego en dicho h\u00e1bitat, considerando los par\u00e1metros habituales en investigaciones de sociolog\u00eda de la lengua como esta. Se analizan con profusi\u00f3n los diversos niveles de competencia ling\u00ed\u00bc\u00edstica, tanto en lo que se refiere a su variedad oral (comprensi\u00f3n y capacidad para hablar) como a su dimensi\u00f3n escrita (lectura y escritura).  asimismo, se estudia la lengua habitual de la poblaci\u00f3n urbana gallega, y se trata el nivel de lectura en gallego y el uso de este idioma en manifestaciones escritas cotidianas.  se trata el mantenimiento y cambio de idioma (gallego-castellano) en el \u00e1mbito familiar, tanto de la poblaci\u00f3n urbana en su conjunto como de la de procedencia estrictamente urbana. Se estudian los usos familiares de la poblaci\u00f3n en funci\u00f3n del interlocutor familiar de que se tate, y se contrastan las pr\u00e1cticas ling\u00ed\u00bcisticas con una generacion las existentes con generaciones diferentes. Se abordan los usos ling\u00ed\u00bc\u00edsticos en discusiones y en situaciones emocionales de rabia, tanto dentro como fuera de la familia.  tras reflejar la presencia del gallego en el sistema escolar y su evoluci\u00f3n a lo largo del tiempo, se analizan los usos ling\u00ed\u00bc\u00edsticos en el \u00e1mbito de la escuela, tanto en su conjunto como en la poblaci\u00f3n en edad escolar.  igualmente, se estudian los usos ling\u00ed\u00bc\u00edsticos en el \u00e1mbito laboral, desde una perspectiva global y considerando los grupos profesionales por separado.  el cambio ling\u00ed\u00bc\u00edstico diacr\u00f3nico se aborda al analizar las tran<\/p>\n<p>&nbsp;<\/p>\n<h3>Datos acad\u00e9micos de la tesis doctoral \u00ab<strong>A lingua galega no medio urbano:una bisi\u00f3n desde a macrosociolongu\u00edstica<\/strong>\u00ab<\/h3>\n<ul>\n<li><strong>T\u00edtulo de la tesis:<\/strong>\u00a0 A lingua galega no medio urbano:una bisi\u00f3n desde a macrosociolongu\u00edstica <\/li>\n<li><strong>Autor:<\/strong>\u00a0 Grabriel Rei-doval Grela <\/li>\n<li><strong>Universidad:<\/strong>\u00a0 Santiago de compostela<\/li>\n<li><strong>Fecha de lectura de la tesis:<\/strong>\u00a0 23\/07\/2001<\/li>\n<\/ul>\n<p>&nbsp;<\/p>\n<h3>Direcci\u00f3n y tribunal<\/h3>\n<ul>\n<li><strong>Director de la tesis<\/strong>\n<ul>\n<li>Modesto An\u00edbal Rodr\u00edguez Neira<\/li>\n<\/ul>\n<\/li>\n<li><strong>Tribunal<\/strong>\n<ul>\n<li>Presidente del tribunal: anton Santamarina fernandez <\/li>\n<li>glyn Williams (vocal)<\/li>\n<li>xos\u00e9 Rubal rodr\u00edguez (vocal)<\/li>\n<li>Andr\u00e9s Barrera gonzalez (vocal)<\/li>\n<\/ul>\n<\/li>\n<\/ul>\n<p>&nbsp;<\/p>\n","protected":false},"excerpt":{"rendered":"<p>Tesis doctoral de Grabriel Rei-doval Grela Esta tesis describe la situaci\u00f3n del gallego en el medio urbano de galicia a [&hellip;]<\/p>\n","protected":false},"author":1,"featured_media":0,"comment_status":"open","ping_status":"open","sticky":false,"template":"","format":"standard","meta":{"site-sidebar-layout":"default","site-content-layout":"","ast-site-content-layout":"","site-content-style":"default","site-sidebar-style":"default","ast-global-header-display":"","ast-banner-title-visibility":"","ast-main-header-display":"","ast-hfb-above-header-display":"","ast-hfb-below-header-display":"","ast-hfb-mobile-header-display":"","site-post-title":"","ast-breadcrumbs-content":"","ast-featured-img":"","footer-sml-layout":"","theme-transparent-header-meta":"","adv-header-id-meta":"","stick-header-meta":"","header-above-stick-meta":"","header-main-stick-meta":"","header-below-stick-meta":"","astra-migrate-meta-layouts":"default","ast-page-background-enabled":"default","ast-page-background-meta":{"desktop":{"background-color":"var(--ast-global-color-4)","background-image":"","background-repeat":"repeat","background-position":"center center","background-size":"auto","background-attachment":"scroll","background-type":"","background-media":"","overlay-type":"","overlay-color":"","overlay-gradient":""},"tablet":{"background-color":"","background-image":"","background-repeat":"repeat","background-position":"center center","background-size":"auto","background-attachment":"scroll","background-type":"","background-media":"","overlay-type":"","overlay-color":"","overlay-gradient":""},"mobile":{"background-color":"","background-image":"","background-repeat":"repeat","background-position":"center center","background-size":"auto","background-attachment":"scroll","background-type":"","background-media":"","overlay-type":"","overlay-color":"","overlay-gradient":""}},"ast-content-background-meta":{"desktop":{"background-color":"var(--ast-global-color-5)","background-image":"","background-repeat":"repeat","background-position":"center center","background-size":"auto","background-attachment":"scroll","background-type":"","background-media":"","overlay-type":"","overlay-color":"","overlay-gradient":""},"tablet":{"background-color":"var(--ast-global-color-5)","background-image":"","background-repeat":"repeat","background-position":"center center","background-size":"auto","background-attachment":"scroll","background-type":"","background-media":"","overlay-type":"","overlay-color":"","overlay-gradient":""},"mobile":{"background-color":"var(--ast-global-color-5)","background-image":"","background-repeat":"repeat","background-position":"center center","background-size":"auto","background-attachment":"scroll","background-type":"","background-media":"","overlay-type":"","overlay-color":"","overlay-gradient":""}},"footnotes":""},"categories":[12373,4735,6025,6024,59,60,62,24083,324,977,3676,269],"tags":[40851,18965,40850,40848,40849,2877],"class_list":["post-12498","post","type-post","status-publish","format-standard","hentry","category-bilinguismo","category-comunicaciones-sociales","category-estudio-psicologico-de-cuestiones-sociales","category-fenomenos-de-grupos-minoritarios","category-linguistica","category-linguistica-aplicada","category-linguistica-sincronica","category-linguistica-sociologica","category-psicologia","category-santiago-de-compostela","category-sociolinguistica","category-sociologia","tag-andres-barrera-gonzalez","tag-anton-santamarina-fernandez","tag-glyn-williams","tag-grabriel-rei-doval-grela","tag-modesto-anibal-rodriguez-neira","tag-xose-rubal-rodriguez"],"_links":{"self":[{"href":"https:\/\/www.deberes.net\/tesis\/wp-json\/wp\/v2\/posts\/12498","targetHints":{"allow":["GET"]}}],"collection":[{"href":"https:\/\/www.deberes.net\/tesis\/wp-json\/wp\/v2\/posts"}],"about":[{"href":"https:\/\/www.deberes.net\/tesis\/wp-json\/wp\/v2\/types\/post"}],"author":[{"embeddable":true,"href":"https:\/\/www.deberes.net\/tesis\/wp-json\/wp\/v2\/users\/1"}],"replies":[{"embeddable":true,"href":"https:\/\/www.deberes.net\/tesis\/wp-json\/wp\/v2\/comments?post=12498"}],"version-history":[{"count":0,"href":"https:\/\/www.deberes.net\/tesis\/wp-json\/wp\/v2\/posts\/12498\/revisions"}],"wp:attachment":[{"href":"https:\/\/www.deberes.net\/tesis\/wp-json\/wp\/v2\/media?parent=12498"}],"wp:term":[{"taxonomy":"category","embeddable":true,"href":"https:\/\/www.deberes.net\/tesis\/wp-json\/wp\/v2\/categories?post=12498"},{"taxonomy":"post_tag","embeddable":true,"href":"https:\/\/www.deberes.net\/tesis\/wp-json\/wp\/v2\/tags?post=12498"}],"curies":[{"name":"wp","href":"https:\/\/api.w.org\/{rel}","templated":true}]}}