{"id":125321,"date":"2025-12-28T04:41:47","date_gmt":"2025-12-28T04:41:47","guid":{"rendered":"https:\/\/www.deberes.net\/tesis\/sin-categoria\/vida-y-obra-periodistica-de-miguel-delibes\/"},"modified":"2025-12-28T04:41:47","modified_gmt":"2025-12-28T04:41:47","slug":"vida-y-obra-periodistica-de-miguel-delibes","status":"publish","type":"post","link":"https:\/\/www.deberes.net\/tesis\/ciencia-politica\/vida-y-obra-periodistica-de-miguel-delibes\/","title":{"rendered":"Vida y obra periodistica de miguel delibes"},"content":{"rendered":"<h2>Tesis doctoral de <strong> Jos\u00e9 Francisco S\u00e1nchez S\u00e1nchez <\/strong><\/h2>\n<p>En esta memoria se describe la biografia periodistica de miguel delibes (valladolid  espa\u00f1a  1920)  y de su obra -no tan conocida como la literaria-desde el enfoque propio de la facultad de ciencias de la informacion.  delibes fue dibujante (1941-1944)  redactor (1944-1953) subdirector (1953-1958)  director interino (1958-1960) y director (1960-1966) de el norte de castilla. En 1966 fue nombrado delegado del consejo en la redaccion y  desde 1983  es consejero del periodico.-Atendio labores de critica cinematografica y literaria  fue comentarista deportivo y editorialista  etc.  Pero sobre todo consiguio un alto grado de independencia para su periodico a pesar del ferreo regimen de prensa franquista.- Su obra periodistica inspiro con frecuencia la propiamente literaria: en la tesis se establecen los principales lugares paralelos y  en el ultimo cap  se proporciona un indice de art. Lit. Que publico en otros periodicos.<\/p>\n<p>&nbsp;<\/p>\n<h3>Datos acad\u00e9micos de la tesis doctoral \u00ab<strong>Vida y obra periodistica de miguel delibes<\/strong>\u00ab<\/h3>\n<ul>\n<li><strong>T\u00edtulo de la tesis:<\/strong>\u00a0 Vida y obra periodistica de miguel delibes <\/li>\n<li><strong>Autor:<\/strong>\u00a0 Jos\u00e9 Francisco S\u00e1nchez S\u00e1nchez <\/li>\n<li><strong>Universidad:<\/strong>\u00a0 Navarra<\/li>\n<li><strong>Fecha de lectura de la tesis:<\/strong>\u00a0 01\/01\/1987<\/li>\n<\/ul>\n<p>&nbsp;<\/p>\n<h3>Direcci\u00f3n y tribunal<\/h3>\n<ul>\n<li><strong>Director de la tesis<\/strong>\n<ul>\n<li>Manuel Casado Velarde<\/li>\n<\/ul>\n<\/li>\n<li><strong>Tribunal<\/strong>\n<ul>\n<li>Presidente del tribunal: Alfonso Nieto Tamargo <\/li>\n<li>Jos\u00e9 Altabella Hernandez (vocal)<\/li>\n<li> Fern\u00e1ndez Gonz\u00e1lez Angel Raimundo (vocal)<\/li>\n<li>Marta Portal Nicolas (vocal)<\/li>\n<\/ul>\n<\/li>\n<\/ul>\n<p>&nbsp;<\/p>\n","protected":false},"excerpt":{"rendered":"<p>Tesis doctoral de Jos\u00e9 Francisco S\u00e1nchez S\u00e1nchez En esta memoria se describe la biografia periodistica de miguel delibes (valladolid espa\u00f1a [&hellip;]<\/p>\n","protected":false},"author":1,"featured_media":0,"comment_status":"open","ping_status":"open","sticky":false,"template":"","format":"standard","meta":{"site-sidebar-layout":"default","site-content-layout":"","ast-site-content-layout":"","site-content-style":"default","site-sidebar-style":"default","ast-global-header-display":"","ast-banner-title-visibility":"","ast-main-header-display":"","ast-hfb-above-header-display":"","ast-hfb-below-header-display":"","ast-hfb-mobile-header-display":"","site-post-title":"","ast-breadcrumbs-content":"","ast-featured-img":"","footer-sml-layout":"","theme-transparent-header-meta":"","adv-header-id-meta":"","stick-header-meta":"","header-above-stick-meta":"","header-main-stick-meta":"","header-below-stick-meta":"","astra-migrate-meta-layouts":"default","ast-page-background-enabled":"default","ast-page-background-meta":{"desktop":{"background-color":"var(--ast-global-color-4)","background-image":"","background-repeat":"repeat","background-position":"center center","background-size":"auto","background-attachment":"scroll","background-type":"","background-media":"","overlay-type":"","overlay-color":"","overlay-gradient":""},"tablet":{"background-color":"","background-image":"","background-repeat":"repeat","background-position":"center center","background-size":"auto","background-attachment":"scroll","background-type":"","background-media":"","overlay-type":"","overlay-color":"","overlay-gradient":""},"mobile":{"background-color":"","background-image":"","background-repeat":"repeat","background-position":"center center","background-size":"auto","background-attachment":"scroll","background-type":"","background-media":"","overlay-type":"","overlay-color":"","overlay-gradient":""}},"ast-content-background-meta":{"desktop":{"background-color":"var(--ast-global-color-5)","background-image":"","background-repeat":"repeat","background-position":"center center","background-size":"auto","background-attachment":"scroll","background-type":"","background-media":"","overlay-type":"","overlay-color":"","overlay-gradient":""},"tablet":{"background-color":"var(--ast-global-color-5)","background-image":"","background-repeat":"repeat","background-position":"center center","background-size":"auto","background-attachment":"scroll","background-type":"","background-media":"","overlay-type":"","overlay-color":"","overlay-gradient":""},"mobile":{"background-color":"var(--ast-global-color-5)","background-image":"","background-repeat":"repeat","background-position":"center center","background-size":"auto","background-attachment":"scroll","background-type":"","background-media":"","overlay-type":"","overlay-color":"","overlay-gradient":""}},"footnotes":""},"categories":[838,17749,4840,4841],"tags":[17792,17921,5975,17900,3140,24056],"class_list":["post-125321","post","type-post","status-publish","format-standard","hentry","category-ciencia-politica","category-navarra","category-opinion-publica","category-prensa","tag-alfonso-nieto-tamargo","tag-fernandez-gonzalez-angel-raimundo","tag-jose-altabella-hernandez","tag-jose-francisco-sanchez-sanchez","tag-manuel-casado-velarde","tag-marta-portal-nicolas"],"_links":{"self":[{"href":"https:\/\/www.deberes.net\/tesis\/wp-json\/wp\/v2\/posts\/125321","targetHints":{"allow":["GET"]}}],"collection":[{"href":"https:\/\/www.deberes.net\/tesis\/wp-json\/wp\/v2\/posts"}],"about":[{"href":"https:\/\/www.deberes.net\/tesis\/wp-json\/wp\/v2\/types\/post"}],"author":[{"embeddable":true,"href":"https:\/\/www.deberes.net\/tesis\/wp-json\/wp\/v2\/users\/1"}],"replies":[{"embeddable":true,"href":"https:\/\/www.deberes.net\/tesis\/wp-json\/wp\/v2\/comments?post=125321"}],"version-history":[{"count":0,"href":"https:\/\/www.deberes.net\/tesis\/wp-json\/wp\/v2\/posts\/125321\/revisions"}],"wp:attachment":[{"href":"https:\/\/www.deberes.net\/tesis\/wp-json\/wp\/v2\/media?parent=125321"}],"wp:term":[{"taxonomy":"category","embeddable":true,"href":"https:\/\/www.deberes.net\/tesis\/wp-json\/wp\/v2\/categories?post=125321"},{"taxonomy":"post_tag","embeddable":true,"href":"https:\/\/www.deberes.net\/tesis\/wp-json\/wp\/v2\/tags?post=125321"}],"curies":[{"name":"wp","href":"https:\/\/api.w.org\/{rel}","templated":true}]}}