{"id":12534,"date":"2018-03-09T08:58:25","date_gmt":"2018-03-09T08:58:25","guid":{"rendered":"https:\/\/www.deberes.net\/tesis\/sin-categoria\/comparacion-entre-efectos-del-entrenamiento-a-fuerza-y-a-resistencia-en-pacientes-con-enfermedad-pulmonar-obstructiva-cronica-epoc\/"},"modified":"2018-03-09T08:58:25","modified_gmt":"2018-03-09T08:58:25","slug":"comparacion-entre-efectos-del-entrenamiento-a-fuerza-y-a-resistencia-en-pacientes-con-enfermedad-pulmonar-obstructiva-cronica-epoc","status":"publish","type":"post","link":"https:\/\/www.deberes.net\/tesis\/ciencias-medicas\/comparacion-entre-efectos-del-entrenamiento-a-fuerza-y-a-resistencia-en-pacientes-con-enfermedad-pulmonar-obstructiva-cronica-epoc\/","title":{"rendered":"Comparaci\u00f3n entre efectos del entrenamiento a fuerza y a resistencia en pacientes con enfermedad pulmonar obstructiva cr\u00f3nica (epoc)"},"content":{"rendered":"<h2>Tesis doctoral de <strong> Javier Toral Mar\u00edn <\/strong><\/h2>\n<p>Estudiamos a 72 pacientes diagnosticados de epoc, con una edad media de 64 a\u00f1os y un fev1 medio del 38% y los incluimos en un programa de entrenamiento al ejercicio de 12 semanas de duraci\u00f3n. De forma aleatoria, prospectiva y randomizada los distribuimos en cuatro grupos de entrenamiento: controles, entrenados a resistencia con una bicicleta ergometrica, a fuerza en una estaci\u00f3n multigimn\u00e1stica con series de 5 ejercicios que englobaban a grandes masas musculares: chest pulls (cp), butterfly (b), neck press (np),leg curls (lc) y leg extensi\u00f3n (le), y finalmente los entrenados de forma mixta, que dedicaban la mitad del tiempo a un entrenamiento a fuerza y la otra mitad a resistencia.  analizamos: basalmente, tras el entrenamiento y finalmente a los 3 meses de la finalizaci\u00f3n del entrenamiento los cambios en pruebas funcionales respiratorias, par\u00e1metros de esfuerzo m\u00e1ximo, shuttle walking test (swt), test de esfuerzo subm\u00e1ximo y los cambios en fuerza muscular perif\u00e9rica medidos  con el test del 1 rm. Para valorar la repercusi\u00f3n en disnea utilizamos la escala de disnea de mahler con sus tres items: magnitud de la tarea (mt), incapacidad funcional (if) y maginitud del esfuerzo (me), y para estudiar la influencia en la calidad de vida utilizamos el test de guyatt del cqrd con sus 4 items: disnea (d), fatiga (f), funcion emocional (fe) y control de la enfermedad (ce).  para anlizar los efectos globales del programa, comparamos los pacientes entrenados con los del grupo control. Mientras que los controles no experimentaron variaciones signficativas, los entrenados mejoraron significativamente su consumo de ox\u00edgeno m\u00e1ximo ( del 63 a 70%), su potencia m\u00e1xima (del 31 a 36%) y su ventilaci\u00f3n minutom\u00e1xima ( de 37,8 a 41,1 1\/minuto). Mejoraron significativamente el nivel (de 6,8 a 7,5) y los metros recorridos ( de 450 a 521 m) en el swt. Incrementaron su resistencia en 21,6 minutos y su 1 rm  en cp en 12,2 kg, en b en 8,4 kg, en np en<\/p>\n<p>&nbsp;<\/p>\n<h3>Datos acad\u00e9micos de la tesis doctoral \u00ab<strong>Comparaci\u00f3n entre efectos del entrenamiento a fuerza y a resistencia en pacientes con enfermedad pulmonar obstructiva cr\u00f3nica (epoc)<\/strong>\u00ab<\/h3>\n<ul>\n<li><strong>T\u00edtulo de la tesis:<\/strong>\u00a0 Comparaci\u00f3n entre efectos del entrenamiento a fuerza y a resistencia en pacientes con enfermedad pulmonar obstructiva cr\u00f3nica (epoc) <\/li>\n<li><strong>Autor:<\/strong>\u00a0 Javier Toral Mar\u00edn <\/li>\n<li><strong>Universidad:<\/strong>\u00a0 Sevilla<\/li>\n<li><strong>Fecha de lectura de la tesis:<\/strong>\u00a0 24\/07\/2001<\/li>\n<\/ul>\n<p>&nbsp;<\/p>\n<h3>Direcci\u00f3n y tribunal<\/h3>\n<ul>\n<li><strong>Director de la tesis<\/strong>\n<ul>\n<li>Francisco Ortega Ru\u00edz<\/li>\n<\/ul>\n<\/li>\n<li><strong>Tribunal<\/strong>\n<ul>\n<li>Presidente del tribunal: ram\u00f3n P\u00e9rez cano <\/li>\n<li>Antonio Pereira vega (vocal)<\/li>\n<li>Francisco Gomez rodriguez (vocal)<\/li>\n<li>Manuel Herrera carranza (vocal)<\/li>\n<\/ul>\n<\/li>\n<\/ul>\n<p>&nbsp;<\/p>\n","protected":false},"excerpt":{"rendered":"<p>Tesis doctoral de Javier Toral Mar\u00edn Estudiamos a 72 pacientes diagnosticados de epoc, con una edad media de 64 a\u00f1os [&hellip;]<\/p>\n","protected":false},"author":1,"featured_media":0,"comment_status":"open","ping_status":"open","sticky":false,"template":"","format":"standard","meta":{"site-sidebar-layout":"default","site-content-layout":"","ast-site-content-layout":"","site-content-style":"default","site-sidebar-style":"default","ast-global-header-display":"","ast-banner-title-visibility":"","ast-main-header-display":"","ast-hfb-above-header-display":"","ast-hfb-below-header-display":"","ast-hfb-mobile-header-display":"","site-post-title":"","ast-breadcrumbs-content":"","ast-featured-img":"","footer-sml-layout":"","theme-transparent-header-meta":"","adv-header-id-meta":"","stick-header-meta":"","header-above-stick-meta":"","header-main-stick-meta":"","header-below-stick-meta":"","astra-migrate-meta-layouts":"default","ast-page-background-enabled":"default","ast-page-background-meta":{"desktop":{"background-color":"var(--ast-global-color-4)","background-image":"","background-repeat":"repeat","background-position":"center center","background-size":"auto","background-attachment":"scroll","background-type":"","background-media":"","overlay-type":"","overlay-color":"","overlay-gradient":""},"tablet":{"background-color":"","background-image":"","background-repeat":"repeat","background-position":"center center","background-size":"auto","background-attachment":"scroll","background-type":"","background-media":"","overlay-type":"","overlay-color":"","overlay-gradient":""},"mobile":{"background-color":"","background-image":"","background-repeat":"repeat","background-position":"center center","background-size":"auto","background-attachment":"scroll","background-type":"","background-media":"","overlay-type":"","overlay-color":"","overlay-gradient":""}},"ast-content-background-meta":{"desktop":{"background-color":"var(--ast-global-color-5)","background-image":"","background-repeat":"repeat","background-position":"center center","background-size":"auto","background-attachment":"scroll","background-type":"","background-media":"","overlay-type":"","overlay-color":"","overlay-gradient":""},"tablet":{"background-color":"var(--ast-global-color-5)","background-image":"","background-repeat":"repeat","background-position":"center center","background-size":"auto","background-attachment":"scroll","background-type":"","background-media":"","overlay-type":"","overlay-color":"","overlay-gradient":""},"mobile":{"background-color":"var(--ast-global-color-5)","background-image":"","background-repeat":"repeat","background-position":"center center","background-size":"auto","background-attachment":"scroll","background-type":"","background-media":"","overlay-type":"","overlay-color":"","overlay-gradient":""}},"footnotes":""},"categories":[9,189,483,10715],"tags":[26756,1508,40967,40966,26728,10783],"class_list":["post-12534","post","type-post","status-publish","format-standard","hentry","category-ciencias-medicas","category-farmacodinamia","category-mecanismos-de-accion-de-los-farmacos","category-sevilla","tag-antonio-pereira-vega","tag-francisco-gomez-rodriguez","tag-francisco-ortega-ruiz","tag-javier-toral-marin","tag-manuel-herrera-carranza","tag-ramon-perez-cano"],"_links":{"self":[{"href":"https:\/\/www.deberes.net\/tesis\/wp-json\/wp\/v2\/posts\/12534","targetHints":{"allow":["GET"]}}],"collection":[{"href":"https:\/\/www.deberes.net\/tesis\/wp-json\/wp\/v2\/posts"}],"about":[{"href":"https:\/\/www.deberes.net\/tesis\/wp-json\/wp\/v2\/types\/post"}],"author":[{"embeddable":true,"href":"https:\/\/www.deberes.net\/tesis\/wp-json\/wp\/v2\/users\/1"}],"replies":[{"embeddable":true,"href":"https:\/\/www.deberes.net\/tesis\/wp-json\/wp\/v2\/comments?post=12534"}],"version-history":[{"count":0,"href":"https:\/\/www.deberes.net\/tesis\/wp-json\/wp\/v2\/posts\/12534\/revisions"}],"wp:attachment":[{"href":"https:\/\/www.deberes.net\/tesis\/wp-json\/wp\/v2\/media?parent=12534"}],"wp:term":[{"taxonomy":"category","embeddable":true,"href":"https:\/\/www.deberes.net\/tesis\/wp-json\/wp\/v2\/categories?post=12534"},{"taxonomy":"post_tag","embeddable":true,"href":"https:\/\/www.deberes.net\/tesis\/wp-json\/wp\/v2\/tags?post=12534"}],"curies":[{"name":"wp","href":"https:\/\/api.w.org\/{rel}","templated":true}]}}