{"id":125422,"date":"2026-01-12T14:51:50","date_gmt":"2026-01-12T14:51:50","guid":{"rendered":"https:\/\/www.deberes.net\/tesis\/sin-categoria\/el-video-como-instrumento-didactico-consideraciones-sobre-el-diseno-produccion-y-utilizacion-de-programas-didacticos-en-video\/"},"modified":"2026-01-12T14:51:50","modified_gmt":"2026-01-12T14:51:50","slug":"el-video-como-instrumento-didactico-consideraciones-sobre-el-diseno-produccion-y-utilizacion-de-programas-didacticos-en-video","status":"publish","type":"post","link":"https:\/\/www.deberes.net\/tesis\/pedagogia\/el-video-como-instrumento-didactico-consideraciones-sobre-el-diseno-produccion-y-utilizacion-de-programas-didacticos-en-video\/","title":{"rendered":"El video como instrumento didactico. consideraciones sobre el dise\u00f1o, produccion y utilizacion de programas didacticos en video."},"content":{"rendered":"<h2>Tesis doctoral de <strong> Jes\u00fas Salinas Iba\u00f1ez <\/strong><\/h2>\n<p>&nbsp;<\/p>\n<h3>Datos acad\u00e9micos de la tesis doctoral \u00ab<strong>El video como instrumento didactico. consideraciones sobre el dise\u00f1o, produccion y utilizacion de programas didacticos en video.<\/strong>\u00ab<\/h3>\n<ul>\n<li><strong>T\u00edtulo de la tesis:<\/strong>\u00a0 El video como instrumento didactico. consideraciones sobre el dise\u00f1o, produccion y utilizacion de programas didacticos en video. <\/li>\n<li><strong>Autor:<\/strong>\u00a0 Jes\u00fas Salinas Iba\u00f1ez <\/li>\n<li><strong>Universidad:<\/strong>\u00a0 Illes balears<\/li>\n<li><strong>Fecha de lectura de la tesis:<\/strong>\u00a0 01\/01\/1988<\/li>\n<\/ul>\n<p>&nbsp;<\/p>\n<h3>Direcci\u00f3n y tribunal<\/h3>\n<ul>\n<li><strong>Director de la tesis<\/strong>\n<ul>\n<li> <\/li>\n<\/ul>\n<\/li>\n<li><strong>Tribunal<\/strong>\n<ul>\n<li>Presidente del tribunal:  Castillejo Brull Jos\u00e9 Luis <\/li>\n<li>Adalberto Ferrandez Arenaz (vocal)<\/li>\n<li>Jaume Sarramona L\u00f3pez (vocal)<\/li>\n<li>Eduardo Rigo Carratal\u00e1 (vocal)<\/li>\n<\/ul>\n<\/li>\n<\/ul>\n<p>&nbsp;<\/p>\n","protected":false},"excerpt":{"rendered":"<p>Tesis doctoral de Jes\u00fas Salinas Iba\u00f1ez &nbsp; Datos acad\u00e9micos de la tesis doctoral \u00abEl video como instrumento didactico. consideraciones sobre [&hellip;]<\/p>\n","protected":false},"author":1,"featured_media":0,"comment_status":"open","ping_status":"open","sticky":false,"template":"","format":"standard","meta":{"site-sidebar-layout":"default","site-content-layout":"","ast-site-content-layout":"","site-content-style":"default","site-sidebar-style":"default","ast-global-header-display":"","ast-banner-title-visibility":"","ast-main-header-display":"","ast-hfb-above-header-display":"","ast-hfb-below-header-display":"","ast-hfb-mobile-header-display":"","site-post-title":"","ast-breadcrumbs-content":"","ast-featured-img":"","footer-sml-layout":"","theme-transparent-header-meta":"","adv-header-id-meta":"","stick-header-meta":"","header-above-stick-meta":"","header-main-stick-meta":"","header-below-stick-meta":"","astra-migrate-meta-layouts":"default","ast-page-background-enabled":"default","ast-page-background-meta":{"desktop":{"background-color":"var(--ast-global-color-4)","background-image":"","background-repeat":"repeat","background-position":"center center","background-size":"auto","background-attachment":"scroll","background-type":"","background-media":"","overlay-type":"","overlay-color":"","overlay-gradient":""},"tablet":{"background-color":"","background-image":"","background-repeat":"repeat","background-position":"center center","background-size":"auto","background-attachment":"scroll","background-type":"","background-media":"","overlay-type":"","overlay-color":"","overlay-gradient":""},"mobile":{"background-color":"","background-image":"","background-repeat":"repeat","background-position":"center center","background-size":"auto","background-attachment":"scroll","background-type":"","background-media":"","overlay-type":"","overlay-color":"","overlay-gradient":""}},"ast-content-background-meta":{"desktop":{"background-color":"var(--ast-global-color-5)","background-image":"","background-repeat":"repeat","background-position":"center center","background-size":"auto","background-attachment":"scroll","background-type":"","background-media":"","overlay-type":"","overlay-color":"","overlay-gradient":""},"tablet":{"background-color":"var(--ast-global-color-5)","background-image":"","background-repeat":"repeat","background-position":"center center","background-size":"auto","background-attachment":"scroll","background-type":"","background-media":"","overlay-type":"","overlay-color":"","overlay-gradient":""},"mobile":{"background-color":"var(--ast-global-color-5)","background-image":"","background-repeat":"repeat","background-position":"center center","background-size":"auto","background-attachment":"scroll","background-type":"","background-media":"","overlay-type":"","overlay-color":"","overlay-gradient":""}},"footnotes":""},"categories":[19034,4907,1141,1341],"tags":[13045,23205,10006,6227,43043],"class_list":["post-125422","post","type-post","status-publish","format-standard","hentry","category-illes-balears","category-metodos-audiovisuales-en-pedagogia","category-pedagogia","category-teoria-y-metodos-educativos","tag-adalberto-ferrandez-arenaz","tag-castillejo-brull-jose-luis","tag-eduardo-rigo-carratala","tag-jaume-sarramona-lopez","tag-jesus-salinas-ibanez"],"_links":{"self":[{"href":"https:\/\/www.deberes.net\/tesis\/wp-json\/wp\/v2\/posts\/125422","targetHints":{"allow":["GET"]}}],"collection":[{"href":"https:\/\/www.deberes.net\/tesis\/wp-json\/wp\/v2\/posts"}],"about":[{"href":"https:\/\/www.deberes.net\/tesis\/wp-json\/wp\/v2\/types\/post"}],"author":[{"embeddable":true,"href":"https:\/\/www.deberes.net\/tesis\/wp-json\/wp\/v2\/users\/1"}],"replies":[{"embeddable":true,"href":"https:\/\/www.deberes.net\/tesis\/wp-json\/wp\/v2\/comments?post=125422"}],"version-history":[{"count":0,"href":"https:\/\/www.deberes.net\/tesis\/wp-json\/wp\/v2\/posts\/125422\/revisions"}],"wp:attachment":[{"href":"https:\/\/www.deberes.net\/tesis\/wp-json\/wp\/v2\/media?parent=125422"}],"wp:term":[{"taxonomy":"category","embeddable":true,"href":"https:\/\/www.deberes.net\/tesis\/wp-json\/wp\/v2\/categories?post=125422"},{"taxonomy":"post_tag","embeddable":true,"href":"https:\/\/www.deberes.net\/tesis\/wp-json\/wp\/v2\/tags?post=125422"}],"curies":[{"name":"wp","href":"https:\/\/api.w.org\/{rel}","templated":true}]}}