{"id":12579,"date":"2018-03-09T08:58:29","date_gmt":"2018-03-09T08:58:29","guid":{"rendered":"https:\/\/www.deberes.net\/tesis\/sin-categoria\/del-descontento-a-la-accion-los-marcos-de-la-protesta-campaesina-en-galicia\/"},"modified":"2018-03-09T08:58:29","modified_gmt":"2018-03-09T08:58:29","slug":"del-descontento-a-la-accion-los-marcos-de-la-protesta-campaesina-en-galicia","status":"publish","type":"post","link":"https:\/\/www.deberes.net\/tesis\/psicologia\/del-descontento-a-la-accion-los-marcos-de-la-protesta-campaesina-en-galicia\/","title":{"rendered":"Del descontento a la acci\u00f3n. los marcos de la protesta campaesina en galicia"},"content":{"rendered":"<h2>Tesis doctoral de <strong> Concepci\u00f3n Fern\u00e1ndez Fern\u00e1ndez <\/strong><\/h2>\n<p>En el presente trabajo se analiza la construcci\u00f3n de marcos que legitiman la participaci\u00f3n de las personas en acciones colectivas. M\u00e1s concretamente, y en l\u00ednea con lo planteado por gamson (1992), klandermans (1997) o sabucedo et al. (2000), se procedi\u00f3 a la operativizaci\u00f3n de los marcos de injusticia, identidad, eficacia y costes. La muestra utilizada estaba compuesta por campesinos gallegos. Los resultados muestran la relevancia de la teor\u00eda de los marcos de acci\u00f3n colectiva. M\u00e1s concretamente, ponen de manifiesto que los marcos motivacionales de eficacia y costes son los predictores m\u00e1s importantes de la intenci\u00f3n de involucrarse en las acciones colectivas consideradas.<\/p>\n<p>&nbsp;<\/p>\n<h3>Datos acad\u00e9micos de la tesis doctoral \u00ab<strong>Del descontento a la acci\u00f3n. los marcos de la protesta campaesina en galicia<\/strong>\u00ab<\/h3>\n<ul>\n<li><strong>T\u00edtulo de la tesis:<\/strong>\u00a0 Del descontento a la acci\u00f3n. los marcos de la protesta campaesina en galicia <\/li>\n<li><strong>Autor:<\/strong>\u00a0 Concepci\u00f3n Fern\u00e1ndez Fern\u00e1ndez <\/li>\n<li><strong>Universidad:<\/strong>\u00a0 Santiago de compostela<\/li>\n<li><strong>Fecha de lectura de la tesis:<\/strong>\u00a0 27\/07\/2001<\/li>\n<\/ul>\n<p>&nbsp;<\/p>\n<h3>Direcci\u00f3n y tribunal<\/h3>\n<ul>\n<li><strong>Director de la tesis<\/strong>\n<ul>\n<li>Jos\u00e9 Manuel Sabucedo Cameselle<\/li>\n<\/ul>\n<\/li>\n<li><strong>Tribunal<\/strong>\n<ul>\n<li>Presidente del tribunal: ramon Villares paz <\/li>\n<li>Mar\u00eda Jes\u00fas Funes rivas (vocal)<\/li>\n<li>enrique Rebolloso pacheco (vocal)<\/li>\n<li>mikel Villarreal s\u00e1ez (vocal)<\/li>\n<\/ul>\n<\/li>\n<\/ul>\n<p>&nbsp;<\/p>\n","protected":false},"excerpt":{"rendered":"<p>Tesis doctoral de Concepci\u00f3n Fern\u00e1ndez Fern\u00e1ndez En el presente trabajo se analiza la construcci\u00f3n de marcos que legitiman la participaci\u00f3n [&hellip;]<\/p>\n","protected":false},"author":1,"featured_media":0,"comment_status":"open","ping_status":"open","sticky":false,"template":"","format":"standard","meta":{"site-sidebar-layout":"default","site-content-layout":"","ast-site-content-layout":"","site-content-style":"default","site-sidebar-style":"default","ast-global-header-display":"","ast-banner-title-visibility":"","ast-main-header-display":"","ast-hfb-above-header-display":"","ast-hfb-below-header-display":"","ast-hfb-mobile-header-display":"","site-post-title":"","ast-breadcrumbs-content":"","ast-featured-img":"","footer-sml-layout":"","theme-transparent-header-meta":"","adv-header-id-meta":"","stick-header-meta":"","header-above-stick-meta":"","header-main-stick-meta":"","header-below-stick-meta":"","astra-migrate-meta-layouts":"default","ast-page-background-enabled":"default","ast-page-background-meta":{"desktop":{"background-color":"var(--ast-global-color-4)","background-image":"","background-repeat":"repeat","background-position":"center center","background-size":"auto","background-attachment":"scroll","background-type":"","background-media":"","overlay-type":"","overlay-color":"","overlay-gradient":""},"tablet":{"background-color":"","background-image":"","background-repeat":"repeat","background-position":"center center","background-size":"auto","background-attachment":"scroll","background-type":"","background-media":"","overlay-type":"","overlay-color":"","overlay-gradient":""},"mobile":{"background-color":"","background-image":"","background-repeat":"repeat","background-position":"center center","background-size":"auto","background-attachment":"scroll","background-type":"","background-media":"","overlay-type":"","overlay-color":"","overlay-gradient":""}},"ast-content-background-meta":{"desktop":{"background-color":"var(--ast-global-color-5)","background-image":"","background-repeat":"repeat","background-position":"center center","background-size":"auto","background-attachment":"scroll","background-type":"","background-media":"","overlay-type":"","overlay-color":"","overlay-gradient":""},"tablet":{"background-color":"var(--ast-global-color-5)","background-image":"","background-repeat":"repeat","background-position":"center center","background-size":"auto","background-attachment":"scroll","background-type":"","background-media":"","overlay-type":"","overlay-color":"","overlay-gradient":""},"mobile":{"background-color":"var(--ast-global-color-5)","background-image":"","background-repeat":"repeat","background-position":"center center","background-size":"auto","background-attachment":"scroll","background-type":"","background-media":"","overlay-type":"","overlay-color":"","overlay-gradient":""}},"footnotes":""},"categories":[943,11204,10512,324,996,977],"tags":[41097,22787,21328,41098,39430,2911],"class_list":["post-12579","post","type-post","status-publish","format-standard","hentry","category-actitudes-politicas","category-comportamiento-colectivo","category-percepciones-y-movimientos-sociales","category-psicologia","category-psicologia-social","category-santiago-de-compostela","tag-concepcion-fernandez-fernandez","tag-enrique-rebolloso-pacheco","tag-jose-manuel-sabucedo-cameselle","tag-maria-jesus-funes-rivas","tag-mikel-villarreal-saez","tag-ramon-villares-paz"],"_links":{"self":[{"href":"https:\/\/www.deberes.net\/tesis\/wp-json\/wp\/v2\/posts\/12579","targetHints":{"allow":["GET"]}}],"collection":[{"href":"https:\/\/www.deberes.net\/tesis\/wp-json\/wp\/v2\/posts"}],"about":[{"href":"https:\/\/www.deberes.net\/tesis\/wp-json\/wp\/v2\/types\/post"}],"author":[{"embeddable":true,"href":"https:\/\/www.deberes.net\/tesis\/wp-json\/wp\/v2\/users\/1"}],"replies":[{"embeddable":true,"href":"https:\/\/www.deberes.net\/tesis\/wp-json\/wp\/v2\/comments?post=12579"}],"version-history":[{"count":0,"href":"https:\/\/www.deberes.net\/tesis\/wp-json\/wp\/v2\/posts\/12579\/revisions"}],"wp:attachment":[{"href":"https:\/\/www.deberes.net\/tesis\/wp-json\/wp\/v2\/media?parent=12579"}],"wp:term":[{"taxonomy":"category","embeddable":true,"href":"https:\/\/www.deberes.net\/tesis\/wp-json\/wp\/v2\/categories?post=12579"},{"taxonomy":"post_tag","embeddable":true,"href":"https:\/\/www.deberes.net\/tesis\/wp-json\/wp\/v2\/tags?post=12579"}],"curies":[{"name":"wp","href":"https:\/\/api.w.org\/{rel}","templated":true}]}}